{"id":36146,"date":"2024-10-17T12:02:47","date_gmt":"2024-10-17T09:02:47","guid":{"rendered":"https:\/\/mersinkadingazetesi.com\/?p=36146"},"modified":"2024-10-17T12:02:47","modified_gmt":"2024-10-17T09:02:47","slug":"sporun-kenti-mersin-bir-maratona-daha-hazir","status":"publish","type":"post","link":"https:\/\/mersinkadingazetesi.com\/?p=36146","title":{"rendered":"SPORUN KENT\u0130 MERS\u0130N B\u0130R MARATONA DAHA HAZIR"},"content":{"rendered":"\n<p>Mersin B\u00fcy\u00fck\u015fehir Belediyesi bu y\u0131l 16.&#8217;s\u0131 d\u00fczenlenecek olan Uluslararas\u0131 Tarsus Yar\u0131 Maratonu i\u00e7in haz\u0131rl\u0131klar\u0131n\u0131 tamamlad\u0131. B\u00fcy\u00fck\u015fehir Belediyesi Gen\u00e7lik ve Spor Hizmetleri Dairesi b\u00fcnyesinde 20 Ekim Pazar g\u00fcn\u00fc ger\u00e7ekle\u015fecek olan yar\u0131 maratonda sporcular, Tarsus&#8217;un tarihi dokusu i\u00e7inde ko\u015facak.<\/p>\n\n\n\n<p>Ba\u015flang\u0131\u00e7 ve biti\u015f noktas\u0131 Tarsus Cumhuriyet Meydan\u0131 olan Tarsus Yar\u0131 Maratonu, 20 Ekim Pazar g\u00fcn\u00fc ko\u015fulacak. Saat 09.00&#8217;da 21 kilometre, saat 09:30&#8217;da ise Halk Ko\u015fusu&#8217;nun start alaca\u011f\u0131 Yar\u0131 Maraton&#8217;un \u00f6d\u00fcl t\u00f6reni ise saat 11:30&#8217;da yap\u0131lacak. Sporcular ve vatanda\u015flar, Tarsus&#8217;un tarihi ve k\u00fclt\u00fcrel dokusu i\u00e7erisinde ko\u015farak, yar\u0131 maraton heyecan\u0131n\u0131 ya\u015fayacak.<\/p>\n\n\n\n<p>Tarsus Yar\u0131 Maratonu&#8217;na kat\u0131lacak t\u00fcm sporculara&nbsp;yar\u0131\u015fma logolu \u00e7anta, t-shirt ve chip verilecek. 18 Ekim Cuma g\u00fcn\u00fc Mersin \u00d6zgecan Aslan Meydan\u0131&#8217;nda saat 15.00-18.00 aras\u0131 kit da\u011f\u0131t\u0131m\u0131 olacak. 19 Ekim Cumartesi g\u00fcn\u00fc Tarsus Yarenlik Alan\u0131&#8217;nda saat 10.00-19.00 aras\u0131 kit da\u011f\u0131t\u0131m\u0131 ve ikramlar yap\u0131l\u0131rken, Kent Orkestras\u0131 15.00-16.00 saatleri aras\u0131nda sahne alacak. 19 Ekim Tarsus program\u0131 i\u00e7in Mersin Forum AVM&#8217;den saat 10.00 ve 14.00&#8217;de servis kald\u0131r\u0131lacak. 20 Ekim&#8217;de ise servisler saat 07.30&#8217;da Mersin Forum AVM&#8217;den hareket edecek.<\/p>\n\n\n\n<p>Maratonu bitiren herkese madalya, 21 kilometre ko\u015fuyu bitiren ve dereceye giren sporculara ise&nbsp;<strong>mbbspor.org<\/strong>&nbsp;adresinde belirtilen miktarlarda para \u00f6d\u00fcl\u00fc ve madalyalar\u0131 verilecek.<\/p>\n\n\n\n<p><strong>G\u00f6kayaz: &#8220;21 kilometre ko\u015facak olan sporcular\u0131m\u0131z tarihe de \u015fahitlik edecekler&#8221;<\/strong><\/p>\n\n\n\n<p>B\u00fcy\u00fck\u015fehir Belediyesi Gen\u00e7lik ve Spor Hizmetleri&nbsp;&nbsp;Dairesi Ba\u015fkanl\u0131\u011f\u0131 Gen\u00e7lik ve Spor Hizmetleri \u015eube M\u00fcd\u00fcr\u00fc B\u00fcnyamin G\u00f6kayaz,<strong>&nbsp;&#8216;Spor kenti Mersin&#8217;&nbsp;<\/strong>mottosuyla kentte sportif faaliyetlere y\u00f6nelik bir\u00e7ok \u00e7al\u0131\u015fma yapt\u0131klar\u0131n\u0131 ifade ederek,<strong>&nbsp;&#8220;Vahap Ba\u015fkan\u0131m\u0131z da spor yapan biri oldu\u011fu i\u00e7in \u00e7\u0131tam\u0131z ger\u00e7ekten \u00e7ok y\u00fcksek. Ger\u00e7ekle\u015ftirdi\u011fimiz organizasyonlarda her sene daha iyisini yapmaya \u00e7al\u0131\u015f\u0131yoruz. 20 Ekim&#8217;de 16. Uluslararas\u0131 Tarsus Yar\u0131 Maratonu var. 21 kilometre ko\u015fumuz olacak. Bununla ilgili talepler \u00e7ok yo\u011fun, ba\u015fvurular g\u00fczel. Ayn\u0131 g\u00fcn yine 09.30&#8217;da halk ko\u015fumuz olacak. Orada \u00e7ok yo\u011fun bir talep var&#8221;&nbsp;<\/strong>dedi.<\/p>\n\n\n\n<p><strong>&#8220;T\u00fcm Tarsus ve Mersin halk\u0131n\u0131 Uluslararas\u0131 Tarsus Yar\u0131 Maratonu&#8217;na davet ediyorum&#8221;<\/strong><\/p>\n\n\n\n<p>Uluslararas\u0131 Tarsus Yar\u0131 Maratonu ko\u015fusunda yer alacaklar\u0131n tarihi g\u00fczelliklerle dolu bir istikamette ko\u015facaklar\u0131n\u0131 anlatan G\u00f6kayaz, &#8220;<strong>21 kilometre ko\u015facak olan sporcular\u0131m\u0131z asl\u0131nda tarih ve Tarsus&#8217;un g\u00fczelliklerine \u015fahitlik edecekler. Cumhuriyet Meydan\u0131&#8217;nda start ald\u0131ktan k\u0131sa mesafe sonra eski Tarsus evlerinin bulundu\u011fu \u00e7ok g\u00fczel bir sokaktan ge\u00e7ecekler. G\u00fczergah\u0131n devam\u0131nda Kleopatra kap\u0131s\u0131 var. Yine \u015fehrin merkezinden devam edip devam\u0131nda Hz. Danyal T\u00fcrbesi&#8217;ni g\u00f6recekler. Devam\u0131nda tarihi bir yap\u0131t olan Justinyen K\u00f6pr\u00fcs\u00fc&#8217;n\u00fc g\u00f6recekler. Eski santral\u0131n \u00f6n\u00fcnden ge\u00e7ecekler. Do\u011fal bir g\u00fczelli\u011fimiz olan Tarsus \u015eelalesi&#8217;nin i\u00e7inden ge\u00e7ecek ve start ald\u0131\u011f\u0131m\u0131z yerde, Cumhuriyet Meydan\u0131&#8217;nda maratonu sonland\u0131raca\u011f\u0131z&#8221;&nbsp;<\/strong>diye konu\u015ftu.<\/p>\n\n\n\n<p>G\u00f6kayaz, 21 kilometre ko\u015facak sporcular i\u00e7erisinde daha \u00f6nce maratonlarda derece yapm\u0131\u015f sporcular\u0131n da yer alaca\u011f\u0131n\u0131 belirterek,<strong>&nbsp;&#8220;Halk Ko\u015fusunu yine ayn\u0131 g\u00fcn. STK&#8217;larla, kul\u00fcplerle, okullarla geni\u015f bir kat\u0131l\u0131mla yapmay\u0131 umut ediyoruz. G\u00fczel bir havada yapaca\u011f\u0131m\u0131z 16. Uluslararas\u0131 Tarsus Yar\u0131 Maratonu&#8217;na t\u00fcm Tarsus ve Mersin halk\u0131n\u0131 davet ediyoruz&#8221;&nbsp;<\/strong>ifadelerine yer verdi.<\/p>\n\n\n\n<p><strong>Hatayspor&#8217;dan da maratona davet<\/strong><\/p>\n\n\n\n<p>B\u00fcy\u00fck\u015fehir Belediyesi Macit \u00d6zcan Spor Tesisleri&#8217;nde antrenmanlar\u0131n\u0131 ger\u00e7ekle\u015ftiren Hatayspor&#8217;un Teknik Direkt\u00f6r\u00fc R\u0131za \u00c7al\u0131mbay da profesyonel sporcular\u0131n ve halk\u0131n kat\u0131l\u0131m\u0131yla ko\u015fulacak olan 21 kilometrelik yar\u0131 maratona t\u00fcm Mersinlileri davet etti.<\/p>\n\n\n\n<p><strong>\u00c7al\u0131mbay: &#8220;Buras\u0131 spor kenti&#8221;<\/strong><\/p>\n\n\n\n<p>Hatayspor Teknik Direkt\u00f6r\u00fc R\u0131za \u00c7al\u0131mbay, daha \u00f6nce Mersin \u0130dmanyurdu&#8217;nu \u00e7al\u0131\u015ft\u0131rd\u0131\u011f\u0131 d\u00f6nemlerde de Mersin&#8217;de bulundu\u011funu, Mersin&#8217;in \u00e7ok g\u00fczel bir kent oldu\u011funu ifade ederek,&nbsp;<strong>&#8220;Bana g\u00f6re her a\u00e7\u0131dan T\u00fcrkiye&#8217;de ilk 5&#8217;e girecek bir \u015fehir. Tabi ki belediyelerin, kurulu\u015flar\u0131n b\u00f6yle g\u00fczel \u015fekilde halk\u0131yla beraber ko\u015fmas\u0131 \u00e7ok g\u00fczel bir \u015fey. S\u0131k s\u0131k yap\u0131lmas\u0131 gerekiyor. Buras\u0131 spor kenti. \u00c7ok iyi sporcular \u00e7\u0131k\u0131yor. Yusuf Dike\u00e7 gibi bir karde\u015fimiz sadece bir duru\u015fuyla, at\u0131\u015f\u0131yla b\u00fct\u00fcn d\u00fcnya onu tan\u0131d\u0131. \u00dcst d\u00fczey ma\u00e7larda dahi gol\u00fcn\u00fc atan veya g\u00fczel hareket yapan direkt onun hareketini yap\u0131yordu. O da T\u00fcrkiye&#8217;ye \u00e7ok g\u00fczel \u015feyler katt\u0131\u011f\u0131na inan\u0131yorum. Buras\u0131 spor kenti. O y\u00fczden buradan her zaman iyi \u015feyler \u00e7\u0131k\u0131yor&#8221;&nbsp;<\/strong>dedi.<strong>&nbsp;<\/strong><\/p>\n\n\n\n<p>\u00c7al\u0131mbay, t\u00fcm Mersinlileri Uluslararas\u0131 Tarsus Yar\u0131 Maratonu&#8217;na davet ederek,&nbsp;<strong>&#8220;Herkesin gelmesi gerekiyor. Ne kadar \u00e7ok insan gelirse maraton o kadar iyi olur. Onun i\u00e7in hi\u00e7 d\u00fc\u015f\u00fcnmenden gitmeleri gerekiyor. Her \u015feyden \u00f6nce spor yap\u0131yorsunuz&#8221;<\/strong>&nbsp;ifadelerine yer verdi.<\/p>\n\n\n\n<p>Hatayspor Tak\u0131m Kaptan\u0131 Kamil Ahmet \u00c7\u00f6rek\u00e7i de Mersinlilere seslendi ve&nbsp;<strong>&#8220;T\u00fcm Mersin halk\u0131n\u0131 Uluslararas\u0131 Tarsus Yar\u0131 Maratonu&#8217;na davet ediyoruz&#8221;<\/strong>&nbsp;dedi<\/p>\n","protected":false},"excerpt":{"rendered":"<p>Mersin B\u00fcy\u00fck\u015fehir Belediyesi bu y\u0131l 16.&#8217;s\u0131 d\u00fczenlenecek olan Uluslararas\u0131 Tarsus Yar\u0131 Maratonu i\u00e7in haz\u0131rl\u0131klar\u0131n\u0131 tamamlad\u0131. B\u00fcy\u00fck\u015fehir Belediyesi Gen\u00e7lik ve Spor Hizmetleri Dairesi b\u00fcnyesinde 20 Ekim Pazar g\u00fcn\u00fc ger\u00e7ekle\u015fecek olan yar\u0131 maratonda sporcular, Tarsus&#8217;un tarihi dokusu i\u00e7inde ko\u015facak. Ba\u015flang\u0131\u00e7 ve biti\u015f noktas\u0131 Tarsus Cumhuriyet Meydan\u0131 olan Tarsus Yar\u0131 Maratonu, 20 Ekim Pazar g\u00fcn\u00fc ko\u015fulacak. Saat 09.00&#8217;da [&hellip;]<\/p>\n","protected":false},"author":2,"featured_media":36147,"comment_status":"closed","ping_status":"closed","sticky":false,"template":"","format":"standard","meta":{"footnotes":""},"categories":[7,3,10],"tags":[],"class_list":["post-36146","post","type-post","status-publish","format-standard","has-post-thumbnail","hentry","category-dunya","category-manset","category-spor"],"views":7,"_links":{"self":[{"href":"https:\/\/mersinkadingazetesi.com\/index.php?rest_route=\/wp\/v2\/posts\/36146"}],"collection":[{"href":"https:\/\/mersinkadingazetesi.com\/index.php?rest_route=\/wp\/v2\/posts"}],"about":[{"href":"https:\/\/mersinkadingazetesi.com\/index.php?rest_route=\/wp\/v2\/types\/post"}],"author":[{"embeddable":true,"href":"https:\/\/mersinkadingazetesi.com\/index.php?rest_route=\/wp\/v2\/users\/2"}],"replies":[{"embeddable":true,"href":"https:\/\/mersinkadingazetesi.com\/index.php?rest_route=%2Fwp%2Fv2%2Fcomments&post=36146"}],"version-history":[{"count":1,"href":"https:\/\/mersinkadingazetesi.com\/index.php?rest_route=\/wp\/v2\/posts\/36146\/revisions"}],"predecessor-version":[{"id":36148,"href":"https:\/\/mersinkadingazetesi.com\/index.php?rest_route=\/wp\/v2\/posts\/36146\/revisions\/36148"}],"wp:featuredmedia":[{"embeddable":true,"href":"https:\/\/mersinkadingazetesi.com\/index.php?rest_route=\/wp\/v2\/media\/36147"}],"wp:attachment":[{"href":"https:\/\/mersinkadingazetesi.com\/index.php?rest_route=%2Fwp%2Fv2%2Fmedia&parent=36146"}],"wp:term":[{"taxonomy":"category","embeddable":true,"href":"https:\/\/mersinkadingazetesi.com\/index.php?rest_route=%2Fwp%2Fv2%2Fcategories&post=36146"},{"taxonomy":"post_tag","embeddable":true,"href":"https:\/\/mersinkadingazetesi.com\/index.php?rest_route=%2Fwp%2Fv2%2Ftags&post=36146"}],"curies":[{"name":"wp","href":"https:\/\/api.w.org\/{rel}","templated":true}]}}