{"id":36149,"date":"2024-10-17T12:04:17","date_gmt":"2024-10-17T09:04:17","guid":{"rendered":"https:\/\/mersinkadingazetesi.com\/?p=36149"},"modified":"2024-10-17T12:04:17","modified_gmt":"2024-10-17T09:04:17","slug":"tuketici-haklarini-savunarak-tbmmde-hukumeti-elestirdi","status":"publish","type":"post","link":"https:\/\/mersinkadingazetesi.com\/?p=36149","title":{"rendered":"T\u00fcketici Haklar\u0131n\u0131 Savunarak TBMM&#8217;de H\u00fck\u00fcmeti Ele\u015ftirdi"},"content":{"rendered":"\n<p><strong>TBMM Genel Kurulu&#8217;nda, T\u00fcketicinin Korunmas\u0131 Hakk\u0131nda Kanun ile Baz\u0131 Kanunlarda De\u011fi\u015fiklik Yap\u0131lmas\u0131na Dair Kanun Teklifi g\u00f6r\u00fc\u015fmeleri s\u0131ras\u0131nda s\u00f6z alan CHP Mersin Milletvekili G\u00fclcan K\u0131\u015f, h\u00fck\u00fcmetin b\u00fcy\u00fck sermayeyi koruyan, k\u00fc\u00e7\u00fck i\u015fletmeleri ve t\u00fcketicileri zor durumda b\u0131rakan d\u00fczenlemelerini ele\u015ftirdi.<\/strong><\/p>\n\n\n\n<p>CHP Mersin Milletvekili G\u00fclcan K\u0131\u015f, elektronik ticaretin h\u0131zla b\u00fcy\u00fcd\u00fc\u011f\u00fc bir d\u00f6nemde, sa\u011flam ve \u015feffaf bir yasal \u00e7er\u00e7eveye ihtiya\u00e7 duyuldu\u011funu belirtirken, \u00f6nlerindeki yasa teklifinin t\u00fcketiciyi korumak yerine b\u00fcy\u00fck \u015firketlere imtiyazlar tan\u0131d\u0131\u011f\u0131n\u0131 vurgulad\u0131. Konu\u015fmas\u0131nda, bu d\u00fczenlemelerin adil olmad\u0131\u011f\u0131n\u0131 ve t\u00fcketicilere yeni y\u00fckler getirirken b\u00fcy\u00fck sermaye sahiplerini rahatlatan bir yap\u0131da oldu\u011funu ifade eden K\u0131\u015f, &#8220;Bu teklif, haks\u0131z rekabeti k\u00f6r\u00fckleyerek k\u00fc\u00e7\u00fck i\u015fletmeleri devlere kar\u015f\u0131 yar\u0131\u015fmaya zorluyor,&#8221; dedi.<\/p>\n\n\n\n<p><strong>&#8220;T\u00fcketici ve K\u00fc\u00e7\u00fck \u0130\u015fletmeler Y\u00fck Alt\u0131nda&#8221;<\/strong><\/p>\n\n\n\n<p>Milletvekili G\u00fclcan K\u0131\u015f, \u00f6zellikle lisans bedellerinde yap\u0131lan indirimlerin b\u00fcy\u00fck elektronik ticaret platformlar\u0131na ciddi avantajlar sa\u011flad\u0131\u011f\u0131n\u0131 belirterek, &#8220;Birka\u00e7 b\u00fcy\u00fck \u015firketin lehine yap\u0131lan bu d\u00fczenlemeler, piyasadaki adalet terazisini bozuyor. K\u00fc\u00e7\u00fck i\u015fletmelerin s\u0131rt\u0131na daha fazla y\u00fck bindiriliyor. \u0130ktidar\u0131n s\u00fcrekli b\u00fcy\u00fck sermayeyi koruyan politikalar izledi\u011fini bir kez daha g\u00f6r\u00fcyoruz&#8221; \u015feklinde konu\u015ftu.<\/p>\n\n\n\n<p><strong>&#8220;Dijitalle\u015fme S\u00fcreci T\u00fcketiciyi Ma\u011fdur Ediyor&#8221;<\/strong><\/p>\n\n\n\n<p>G\u00fclcan K\u0131\u015f, dijitalle\u015fmenin \u00f6nemine dikkat \u00e7ekerken, bu s\u00fcre\u00e7te vatanda\u015flar\u0131n yeterince bilgilendirilmemesi sebebiyle ma\u011fduriyet ya\u015fad\u0131\u011f\u0131n\u0131 belirtti. K\u0131\u015f, dijital ortamda yap\u0131lan s\u00f6zle\u015fmelerin karma\u015f\u0131k yap\u0131s\u0131na i\u015faret ederek, &#8220;T\u00fcketici okuryazarl\u0131\u011f\u0131n\u0131n d\u00fc\u015f\u00fck oldu\u011fu bir \u00fclkede, yeterli bilgilendirme yap\u0131lmadan imzalat\u0131lan bu s\u00f6zle\u015fmeler, vatanda\u015flar\u0131m\u0131z\u0131 finansal devlere kar\u015f\u0131 savunmas\u0131z b\u0131rak\u0131yor&#8221; dedi.<\/p>\n\n\n\n<p><strong>&#8220;\u0130ktidar\u0131n Stratejisi B\u00fcy\u00fck Sermayeyi Korumak&#8221;<\/strong><\/p>\n\n\n\n<p>CHP&#8217;li G\u00fclcan K\u0131\u015f, AKP iktidar\u0131n\u0131n her f\u0131rsatta b\u00fcy\u00fck \u015firketleri destekledi\u011fini ve k\u00fc\u00e7\u00fck esnaf\u0131n bu s\u00fcre\u00e7te yok olma tehlikesiyle kar\u015f\u0131 kar\u015f\u0131ya kald\u0131\u011f\u0131n\u0131 s\u00f6yledi. &#8220;Ekonominin temeli olan k\u00fc\u00e7\u00fck ve orta \u00f6l\u00e7ekli i\u015fletmeler, artan maliyetler ve y\u00fcksek vergilerle m\u00fccadele ederken, b\u00fcy\u00fck \u015firketlere sa\u011flanan imtiyazlar h\u0131z kesmeden devam ediyor&#8221; diyen K\u0131\u015f, h\u00fck\u00fcmetin ekonomik b\u00fcy\u00fcme politikalar\u0131n\u0131 ele\u015ftirerek, &#8220;Bu b\u00fcy\u00fcme sadece b\u00fcy\u00fck \u015firketlerin sermayesini art\u0131r\u0131yor, halk\u0131n cebine yans\u0131m\u0131yor&#8221; \u015feklinde konu\u015ftu.<\/p>\n\n\n\n<p><strong>&#8220;Adil Bir Ekonomi Modeli \u0130\u00e7in M\u00fccadele Edece\u011fiz&#8221;<\/strong><\/p>\n\n\n\n<p>CHP olarak adil bir ekonomi d\u00fczeni i\u00e7in m\u00fccadele etmeye devam edeceklerini vurgulayan K\u0131\u015f, b\u00fcy\u00fck sermayeyi koruyan bu yasa teklifine kar\u015f\u0131 olduklar\u0131n\u0131 net bir \u015fekilde ifade etti. K\u0131\u015f, &#8220;Adaletli bir piyasa d\u00fczeni i\u00e7in m\u00fccadelemizi s\u00fcrd\u00fcrece\u011fiz. K\u00fc\u00e7\u00fck i\u015fletmelerin g\u00fc\u00e7lendi\u011fi, vatanda\u015flar\u0131n haklar\u0131n\u0131n korundu\u011fu bir ekonomi politikas\u0131 savunuyoruz&#8221; dedi.<\/p>\n","protected":false},"excerpt":{"rendered":"<p>TBMM Genel Kurulu&#8217;nda, T\u00fcketicinin Korunmas\u0131 Hakk\u0131nda Kanun ile Baz\u0131 Kanunlarda De\u011fi\u015fiklik Yap\u0131lmas\u0131na Dair Kanun Teklifi g\u00f6r\u00fc\u015fmeleri s\u0131ras\u0131nda s\u00f6z alan CHP Mersin Milletvekili G\u00fclcan K\u0131\u015f, h\u00fck\u00fcmetin b\u00fcy\u00fck sermayeyi koruyan, k\u00fc\u00e7\u00fck i\u015fletmeleri ve t\u00fcketicileri zor durumda b\u0131rakan d\u00fczenlemelerini ele\u015ftirdi. CHP Mersin Milletvekili G\u00fclcan K\u0131\u015f, elektronik ticaretin h\u0131zla b\u00fcy\u00fcd\u00fc\u011f\u00fc bir d\u00f6nemde, sa\u011flam ve \u015feffaf bir yasal \u00e7er\u00e7eveye ihtiya\u00e7 [&hellip;]<\/p>\n","protected":false},"author":2,"featured_media":36150,"comment_status":"closed","ping_status":"closed","sticky":false,"template":"","format":"standard","meta":{"footnotes":""},"categories":[34,3,6],"tags":[],"class_list":["post-36149","post","type-post","status-publish","format-standard","has-post-thumbnail","hentry","category-flas-haber","category-manset","category-siyaset-2"],"views":5,"_links":{"self":[{"href":"https:\/\/mersinkadingazetesi.com\/index.php?rest_route=\/wp\/v2\/posts\/36149"}],"collection":[{"href":"https:\/\/mersinkadingazetesi.com\/index.php?rest_route=\/wp\/v2\/posts"}],"about":[{"href":"https:\/\/mersinkadingazetesi.com\/index.php?rest_route=\/wp\/v2\/types\/post"}],"author":[{"embeddable":true,"href":"https:\/\/mersinkadingazetesi.com\/index.php?rest_route=\/wp\/v2\/users\/2"}],"replies":[{"embeddable":true,"href":"https:\/\/mersinkadingazetesi.com\/index.php?rest_route=%2Fwp%2Fv2%2Fcomments&post=36149"}],"version-history":[{"count":1,"href":"https:\/\/mersinkadingazetesi.com\/index.php?rest_route=\/wp\/v2\/posts\/36149\/revisions"}],"predecessor-version":[{"id":36151,"href":"https:\/\/mersinkadingazetesi.com\/index.php?rest_route=\/wp\/v2\/posts\/36149\/revisions\/36151"}],"wp:featuredmedia":[{"embeddable":true,"href":"https:\/\/mersinkadingazetesi.com\/index.php?rest_route=\/wp\/v2\/media\/36150"}],"wp:attachment":[{"href":"https:\/\/mersinkadingazetesi.com\/index.php?rest_route=%2Fwp%2Fv2%2Fmedia&parent=36149"}],"wp:term":[{"taxonomy":"category","embeddable":true,"href":"https:\/\/mersinkadingazetesi.com\/index.php?rest_route=%2Fwp%2Fv2%2Fcategories&post=36149"},{"taxonomy":"post_tag","embeddable":true,"href":"https:\/\/mersinkadingazetesi.com\/index.php?rest_route=%2Fwp%2Fv2%2Ftags&post=36149"}],"curies":[{"name":"wp","href":"https:\/\/api.w.org\/{rel}","templated":true}]}}