{"id":36152,"date":"2024-10-17T12:06:10","date_gmt":"2024-10-17T09:06:10","guid":{"rendered":"https:\/\/mersinkadingazetesi.com\/?p=36152"},"modified":"2024-10-17T12:06:10","modified_gmt":"2024-10-17T09:06:10","slug":"akdenizin-parklari-yenileniyor-2","status":"publish","type":"post","link":"https:\/\/mersinkadingazetesi.com\/?p=36152","title":{"rendered":"AKDEN\u0130Z\u2019\u0130N PARKLARI YEN\u0130LEN\u0130YOR"},"content":{"rendered":"\n<p>Akdeniz Belediyesi, vatanda\u015flar\u0131n dinlenmek, temiz nefes almak veya \u00e7ocuklar\u0131yla g\u00fczel vakit ge\u00e7irmek i\u00e7in ziyaret etti\u011fi park ve ye\u015fil alanlarda kapsaml\u0131 bir bak\u0131m, onar\u0131m ve tadilat \u00e7al\u0131\u015fmalar\u0131 ger\u00e7ekle\u015ftiriyor.<\/p>\n\n\n\n<p>Akdeniz Belediyesi Park ve Bah\u00e7eler M\u00fcd\u00fcrl\u00fc\u011f\u00fc ekipleri, haz\u0131rlad\u0131klar\u0131 plan ve program kapsam\u0131nda il\u00e7e s\u0131n\u0131rlar\u0131 i\u00e7erisinde bulunan park, bah\u00e7e ve ye\u015fil alanlarda yo\u011fun bir tadilat, temizlik ve peyzaj \u00e7al\u0131\u015fmas\u0131 ba\u015flatarak parklar\u0131n esteti\u011fini yeniliyor.<\/p>\n\n\n\n<p>Bu kapsamda ekipler; ilk olarak ilerleyen haftalarda bal\u0131k festivalinin d\u00fczenlenece\u011fi, g\u00fcn i\u00e7inde y\u00fczlerce insan\u0131n ziyaret etti\u011fi Karaduvar Mahallesi sahilindeki Sardalya Park\u0131\u2019n\u0131n i\u00e7inde bulunan \u00e7\u00f6p kutular\u0131n\u0131, banklar\u0131 ve oyun gruplar\u0131n\u0131 yeniledi. Ekipler park i\u00e7inde ayr\u0131ca temizlik, budama, \u00e7imlendirme, g\u00fcbreleme ve sulama i\u015flemleri ger\u00e7ekle\u015ftirdi.<\/p>\n\n\n\n<p>Karaduvar Mahallesi sakinlerinden te\u015fekk\u00fcr\u2026<\/p>\n\n\n\n<p>Park ve Bah\u00e7eler M\u00fcd\u00fcrl\u00fc\u011f\u00fc ekiplerinin, denize s\u0131f\u0131r konumda yer alan parktaki hummal\u0131 \u00e7al\u0131\u015fmalar\u0131na tan\u0131k olan Karaduvar sakinleri, duyduklar\u0131 memnuniyeti dile getirerek ekiplere ve E\u015f Ba\u015fkanlar Ho\u015fyar Sar\u0131y\u0131ld\u0131z ile Nuriye Arslan\u2019a te\u015fekk\u00fcr etti.<\/p>\n\n\n\n<p>\u00d6te yandan ekipler, g\u00fcn i\u00e7erisinde G\u00fcne\u015f Mahallesi K\u00fclt\u00fcr ve Sanat Evi yan\u0131nda yer alan park ve ye\u015fil alanda da k\u0131r\u0131k olan \u00e7ocuk oyun gruplar\u0131n\u0131 yeniledi, kamelyalar ve oturma gruplar\u0131nda tadilat ve onar\u0131m yapt\u0131.<\/p>\n\n\n\n<p>Park ve Bah\u00e7eler M\u00fcd\u00fcrl\u00fc\u011f\u00fc\u2019ne ba\u011fl\u0131 saha ekipleri, haz\u0131rlad\u0131klar\u0131 plan ve program kapsam\u0131nda, Akdeniz il\u00e7esi s\u0131n\u0131rlar\u0131nda yer alan ve ihtiya\u00e7 duyan b\u00fct\u00fcn parklar ve ye\u015fil alanlarda her t\u00fcrl\u00fc bak\u0131m, onar\u0131m, tadilat, peyzaj ve ye\u015fillendirme hizmetlerine aral\u0131ks\u0131z devam edecek.<\/p>\n","protected":false},"excerpt":{"rendered":"<p>Akdeniz Belediyesi, vatanda\u015flar\u0131n dinlenmek, temiz nefes almak veya \u00e7ocuklar\u0131yla g\u00fczel vakit ge\u00e7irmek i\u00e7in ziyaret etti\u011fi park ve ye\u015fil alanlarda kapsaml\u0131 bir bak\u0131m, onar\u0131m ve tadilat \u00e7al\u0131\u015fmalar\u0131 ger\u00e7ekle\u015ftiriyor. Akdeniz Belediyesi Park ve Bah\u00e7eler M\u00fcd\u00fcrl\u00fc\u011f\u00fc ekipleri, haz\u0131rlad\u0131klar\u0131 plan ve program kapsam\u0131nda il\u00e7e s\u0131n\u0131rlar\u0131 i\u00e7erisinde bulunan park, bah\u00e7e ve ye\u015fil alanlarda yo\u011fun bir tadilat, temizlik ve peyzaj \u00e7al\u0131\u015fmas\u0131 [&hellip;]<\/p>\n","protected":false},"author":2,"featured_media":36153,"comment_status":"closed","ping_status":"closed","sticky":false,"template":"","format":"standard","meta":{"footnotes":""},"categories":[3],"tags":[],"class_list":["post-36152","post","type-post","status-publish","format-standard","has-post-thumbnail","hentry","category-manset"],"views":1,"_links":{"self":[{"href":"https:\/\/mersinkadingazetesi.com\/index.php?rest_route=\/wp\/v2\/posts\/36152"}],"collection":[{"href":"https:\/\/mersinkadingazetesi.com\/index.php?rest_route=\/wp\/v2\/posts"}],"about":[{"href":"https:\/\/mersinkadingazetesi.com\/index.php?rest_route=\/wp\/v2\/types\/post"}],"author":[{"embeddable":true,"href":"https:\/\/mersinkadingazetesi.com\/index.php?rest_route=\/wp\/v2\/users\/2"}],"replies":[{"embeddable":true,"href":"https:\/\/mersinkadingazetesi.com\/index.php?rest_route=%2Fwp%2Fv2%2Fcomments&post=36152"}],"version-history":[{"count":1,"href":"https:\/\/mersinkadingazetesi.com\/index.php?rest_route=\/wp\/v2\/posts\/36152\/revisions"}],"predecessor-version":[{"id":36154,"href":"https:\/\/mersinkadingazetesi.com\/index.php?rest_route=\/wp\/v2\/posts\/36152\/revisions\/36154"}],"wp:featuredmedia":[{"embeddable":true,"href":"https:\/\/mersinkadingazetesi.com\/index.php?rest_route=\/wp\/v2\/media\/36153"}],"wp:attachment":[{"href":"https:\/\/mersinkadingazetesi.com\/index.php?rest_route=%2Fwp%2Fv2%2Fmedia&parent=36152"}],"wp:term":[{"taxonomy":"category","embeddable":true,"href":"https:\/\/mersinkadingazetesi.com\/index.php?rest_route=%2Fwp%2Fv2%2Fcategories&post=36152"},{"taxonomy":"post_tag","embeddable":true,"href":"https:\/\/mersinkadingazetesi.com\/index.php?rest_route=%2Fwp%2Fv2%2Ftags&post=36152"}],"curies":[{"name":"wp","href":"https:\/\/api.w.org\/{rel}","templated":true}]}}