{"id":36155,"date":"2024-10-17T12:07:38","date_gmt":"2024-10-17T09:07:38","guid":{"rendered":"https:\/\/mersinkadingazetesi.com\/?p=36155"},"modified":"2024-10-17T12:07:39","modified_gmt":"2024-10-17T09:07:39","slug":"mersin-orman-bolge-mudurlugunun-tubitak-projesi-basarisi","status":"publish","type":"post","link":"https:\/\/mersinkadingazetesi.com\/?p=36155","title":{"rendered":"Mersin Orman B\u00f6lge M\u00fcd\u00fcrl\u00fc\u011f\u00fc&#8217;n\u00fcn T\u00dcB\u0130TAK Projesi Ba\u015far\u0131s\u0131"},"content":{"rendered":"\n<p>Mersin Orman B\u00f6lge M\u00fcd\u00fcrl\u00fc\u011f\u00fcm\u00fcz, T\u00dcB\u0130TAK\u2019\u0131n 1001 Program\u0131n\u0131n 2024 y\u0131l\u0131 ilk ba\u015fvuru d\u00f6neminde, orman yang\u0131nlar\u0131 y\u00f6netimine y\u00f6nelik projesi i\u00e7in hibe deste\u011fi almaya hak kazand\u0131.<\/p>\n\n\n\n<p>Mersin Orman B\u00f6lge M\u00fcd\u00fcrl\u00fc\u011f\u00fc, T\u00fcrkiye Bilimsel ve Teknolojik Ara\u015ft\u0131rma Kurumu (T\u00dcB\u0130TAK) Ara\u015ft\u0131rma Destek Programlar\u0131 Ba\u015fkanl\u0131\u011f\u0131 (ARDEB) taraf\u0131ndan desteklenen 1001 Program\u0131 kapsam\u0131nda, \u201cOrman Yang\u0131nlar\u0131 Y\u00f6netiminin Sosyal Boyutu: 2021 Antalya B\u00fcy\u00fck Orman Yang\u0131n\u0131 B\u00f6lgesi \u00d6rne\u011fi\u201d isimli projesi i\u00e7in hibe deste\u011fi almaya hak kazanarak \u00f6nemli bir ba\u015far\u0131 elde etti.<\/p>\n\n\n\n<p>T\u00fcrkiye\u2019de devlet ve vak\u0131f \u00fcniversiteleri ile kamu kurum ve kurulu\u015flar\u0131n\u0131n proje \u00f6nerilerini sundu\u011fu programda, Mersin Orman B\u00f6lge M\u00fcd\u00fcrl\u00fc\u011f\u00fc T\u00dcB\u0130TAK 1001- Bilimsel ve Teknolojik Ara\u015ft\u0131rma Projelerini Destekleme Program\u0131ndan proje deste\u011fi alan ve bu kapsamda y\u00fcr\u00fct\u00fcc\u00fc kurulu\u015f olarak hibe deste\u011fi kazanan ilk orman b\u00f6lge m\u00fcd\u00fcrl\u00fc\u011f\u00fc oldu.<\/p>\n\n\n\n<p>T\u00dcB\u0130TAK- ARDEB\u2019e \u00f6nerilen bu proje, bilimsel de\u011ferlendirme s\u00fcrecini ba\u015far\u0131yla ge\u00e7erek 1 068 801 TL b\u00fct\u00e7e ile desteklenmeye hak kazand\u0131.<\/p>\n\n\n\n<p>Bu projenin amac\u0131, 2021 Antalya b\u00fcy\u00fck orman yang\u0131n\u0131na maruz kalm\u0131\u015f ve bu yang\u0131ndan etkilenmi\u015f toplum kesiminin yang\u0131n sonras\u0131; orman yang\u0131nlar\u0131 y\u00f6netimi konusunda bilgi d\u00fczeylerinin ne oldu\u011funun belirlenmesi, orman yang\u0131nlar\u0131 y\u00f6netiminin sosyal boyutunu etkileyen fakt\u00f6rleri bulmaya y\u00f6nelik g\u00f6r\u00fc\u015flerinin ortaya konmas\u0131, orman yang\u0131nlar\u0131 kapsam\u0131nda ya\u015fad\u0131klar\u0131 deneyimlerin saptanmas\u0131 ile yap\u0131 ve \u00e7evresinde orman yang\u0131n\u0131 riskini azaltmak i\u00e7in faaliyetlerde bulunuyorlarsa, hangi t\u00fcr faaliyetlerde bulunduklar\u0131n\u0131n incelenmesidir.<\/p>\n\n\n\n<p>Projede Y\u00fcr\u00fct\u00fcc\u00fc olan Mersin Orman B\u00f6lge M\u00fcd\u00fcrl\u00fc\u011f\u00fc Orman Y\u00fcksek M\u00fchendisi Dr. Ersin Y\u0131lmaz\u2019\u0131n yan\u0131 s\u0131ra Ara\u015ft\u0131rmac\u0131 olarak Bart\u0131n \u00dcniversitesi Orman Fak\u00fcltesi \u00d6\u011fretim \u00dcyesi Prof. Dr. \u0130smet Da\u015fdemir ve Ara\u015ft\u0131rma G\u00f6revlisi Dr. Ya\u011fmur Ye\u015filba\u015f, Karab\u00fck \u00dcniversitesi Orman Fak\u00fcltesi \u00d6\u011fretim \u00dcyesi Prof. Dr. Ufuk Co\u015fgun ve Bat\u0131 Akdeniz Ormanc\u0131l\u0131k Ara\u015ft\u0131rma Enstit\u00fcs\u00fc M\u00fcd\u00fcrl\u00fc\u011f\u00fc Orman M\u00fchendisleri Arif Kayacan, \u0130smet Ye\u015fil ile Orman Y\u00fcksek M\u00fchendisi Abdullah Sar\u0131 g\u00f6rev alacak. Projenin \u00fc\u00e7 y\u0131l i\u00e7erisinde tamamlanmas\u0131 planlanmakta.<\/p>\n\n\n\n<p>T\u00dcB\u0130TAK projesi desteklenen ara\u015ft\u0131rma ekibini tebrik eden Mersin Orman B\u00f6lge M\u00fcd\u00fcr\u00fc Rifat Ata\u015f, bu t\u00fcr nitelikli projelerin \u00fclkenin bilimsel, uygulamal\u0131 ve teknolojik geli\u015fimine \u00f6nemli katk\u0131lar sa\u011flayaca\u011f\u0131n\u0131 s\u00f6yledi. Ata\u015f \u201c\u00dclkemizin orman yang\u0131nlar\u0131 y\u00f6netimine katk\u0131 sunacak projelerin T\u00dcB\u0130TAK taraf\u0131ndan desteklenmesi \u00f6nemlidir. Nitekim T\u00dcB\u0130TAK taraf\u0131ndan kabul g\u00f6ren bu projemiz kamu ve \u00fcniversite i\u015f birli\u011fini geli\u015ftirecek, yeni Ar-Ge projelerine \u00f6rnek te\u015fkil edecek ve orman yang\u0131nlar\u0131 y\u00f6netimine farkl\u0131 bir boyut katacakt\u0131r. Bu ba\u015far\u0131, \u00fclkemizin ulusal ve uluslararas\u0131 bilimsel ara\u015ft\u0131rmalara katk\u0131da bulunma hedefine bir ad\u0131m daha yakla\u015fmas\u0131n\u0131 sa\u011flayarak sonu\u00e7lar\u0131 ise bilimsel bilgi birikimine ve uygulama alan\u0131na \u00f6nemli katk\u0131lar sunacakt\u0131r\u201d dedi.<\/p>\n","protected":false},"excerpt":{"rendered":"<p>Mersin Orman B\u00f6lge M\u00fcd\u00fcrl\u00fc\u011f\u00fcm\u00fcz, T\u00dcB\u0130TAK\u2019\u0131n 1001 Program\u0131n\u0131n 2024 y\u0131l\u0131 ilk ba\u015fvuru d\u00f6neminde, orman yang\u0131nlar\u0131 y\u00f6netimine y\u00f6nelik projesi i\u00e7in hibe deste\u011fi almaya hak kazand\u0131. Mersin Orman B\u00f6lge M\u00fcd\u00fcrl\u00fc\u011f\u00fc, T\u00fcrkiye Bilimsel ve Teknolojik Ara\u015ft\u0131rma Kurumu (T\u00dcB\u0130TAK) Ara\u015ft\u0131rma Destek Programlar\u0131 Ba\u015fkanl\u0131\u011f\u0131 (ARDEB) taraf\u0131ndan desteklenen 1001 Program\u0131 kapsam\u0131nda, \u201cOrman Yang\u0131nlar\u0131 Y\u00f6netiminin Sosyal Boyutu: 2021 Antalya B\u00fcy\u00fck Orman Yang\u0131n\u0131 B\u00f6lgesi [&hellip;]<\/p>\n","protected":false},"author":2,"featured_media":36156,"comment_status":"closed","ping_status":"closed","sticky":false,"template":"","format":"standard","meta":{"footnotes":""},"categories":[3],"tags":[],"class_list":["post-36155","post","type-post","status-publish","format-standard","has-post-thumbnail","hentry","category-manset"],"views":3,"_links":{"self":[{"href":"https:\/\/mersinkadingazetesi.com\/index.php?rest_route=\/wp\/v2\/posts\/36155"}],"collection":[{"href":"https:\/\/mersinkadingazetesi.com\/index.php?rest_route=\/wp\/v2\/posts"}],"about":[{"href":"https:\/\/mersinkadingazetesi.com\/index.php?rest_route=\/wp\/v2\/types\/post"}],"author":[{"embeddable":true,"href":"https:\/\/mersinkadingazetesi.com\/index.php?rest_route=\/wp\/v2\/users\/2"}],"replies":[{"embeddable":true,"href":"https:\/\/mersinkadingazetesi.com\/index.php?rest_route=%2Fwp%2Fv2%2Fcomments&post=36155"}],"version-history":[{"count":1,"href":"https:\/\/mersinkadingazetesi.com\/index.php?rest_route=\/wp\/v2\/posts\/36155\/revisions"}],"predecessor-version":[{"id":36157,"href":"https:\/\/mersinkadingazetesi.com\/index.php?rest_route=\/wp\/v2\/posts\/36155\/revisions\/36157"}],"wp:featuredmedia":[{"embeddable":true,"href":"https:\/\/mersinkadingazetesi.com\/index.php?rest_route=\/wp\/v2\/media\/36156"}],"wp:attachment":[{"href":"https:\/\/mersinkadingazetesi.com\/index.php?rest_route=%2Fwp%2Fv2%2Fmedia&parent=36155"}],"wp:term":[{"taxonomy":"category","embeddable":true,"href":"https:\/\/mersinkadingazetesi.com\/index.php?rest_route=%2Fwp%2Fv2%2Fcategories&post=36155"},{"taxonomy":"post_tag","embeddable":true,"href":"https:\/\/mersinkadingazetesi.com\/index.php?rest_route=%2Fwp%2Fv2%2Ftags&post=36155"}],"curies":[{"name":"wp","href":"https:\/\/api.w.org\/{rel}","templated":true}]}}