{"id":36164,"date":"2024-10-17T15:23:29","date_gmt":"2024-10-17T12:23:29","guid":{"rendered":"https:\/\/mersinkadingazetesi.com\/?p=36164"},"modified":"2024-10-17T15:23:29","modified_gmt":"2024-10-17T12:23:29","slug":"deva-partili-ekmenden-iktidara-cagri-mersine-butceden-hak-ettigi-pay-verilsin","status":"publish","type":"post","link":"https:\/\/mersinkadingazetesi.com\/?p=36164","title":{"rendered":"DEVA Partili Ekmen\u2019den iktidara \u00e7a\u011fr\u0131: Mersin\u2019e b\u00fct\u00e7eden hak etti\u011fi pay verilsin!\u00a0"},"content":{"rendered":"\n<figure class=\"wp-block-table\"><table class=\"has-fixed-layout\"><tbody><tr><td><strong>DEVA Partisi Genel Ba\u015fkan Yard\u0131mc\u0131s\u0131 Mehmet Emin Ekmen, TBMM Genel Kurulunda s\u00f6z alarak Mersin\u2019in 2025 b\u00fct\u00e7esinde hak etti\u011fi pay\u0131 almas\u0131 i\u00e7in iktidara \u00e7a\u011fr\u0131da bulundu. Mersin\u2019in y\u0131llard\u0131r en \u00e7ok vergi \u00f6deyen 6\u2019nc\u0131 \u015fehir olmas\u0131na ra\u011fmen 20 y\u0131ld\u0131r ihmal edildi\u011finin alt\u0131n\u0131 \u00e7izen Ekmen, Mersin\u2019in y\u0131llard\u0131r bekleyen projeleri, hizmetleri ve \u00e7al\u0131\u015fmalar\u0131yla ilgili yat\u0131r\u0131m talebinde bulundu.<\/strong>&nbsp;DEVA Partisi Genel Ba\u015fkan Yard\u0131mc\u0131s\u0131 ve Mersin Milletvekili Mehmet Emin Ekmen, TBMM Genel Kurulunda Mersin\u2019in bekleyen yat\u0131r\u0131m taleplerini tek tek s\u0131ralad\u0131.&nbsp;<strong>Mersin 20 y\u0131ld\u0131r ihlal edildi!<\/strong>\u0130ktidar\u0131n b\u00fct\u00e7eyi bug\u00fcn a\u00e7\u0131klayaca\u011f\u0131n\u0131 vurgulayan Ekmen, \u201cMersin, y\u0131llard\u0131r en \u00e7ok vergi \u00f6deyen 6&#8217;nc\u0131 \u015fehir olarak T\u00fcrkiye&#8217;nin ekonomisine ve b\u00fct\u00e7esine b\u00fcy\u00fck bir katk\u0131 yapmakta, ayn\u0131 zamanda \u00fcretti\u011fi tar\u0131msal has\u0131latla da hep ilk 3 i\u00e7erisinde yer almaktad\u0131r ancak a\u015fa\u011f\u0131da s\u0131ralayaca\u011f\u0131m bir\u00e7ok proje sadece 2024 y\u0131l\u0131nda de\u011fil, yirmi y\u0131ld\u0131r ihmal edilmi\u015ftir.\u201d ifadelerini kulland\u0131.&nbsp;<strong>Yat\u0131r\u0131m, taleplerini tek tek s\u0131ralad\u0131<\/strong>Ekmen, Mersin\u2019in y\u0131llard\u0131r bekleyen projelerinin, hizmetlerin ve \u00e7al\u0131\u015fmalar\u0131n oldu\u011funu dile getirerek, \u015funlar\u0131 kaydetti: \u201cOrganize sanayi b\u00f6lgesinin altyap\u0131 ve ba\u011flant\u0131 yollar\u0131n\u0131n yap\u0131lmas\u0131, yirmi y\u0131ld\u0131r bitmeyen Akdeniz sahil yolunun tamamlanmas\u0131, Pamukluk Baraj\u0131 sulama projelerinin ve i\u00e7me suyu isale hatlar\u0131n\u0131n tamamlanmas\u0131, K\u00fclt\u00fcr ve Turizm Bakanl\u0131\u011f\u0131n\u0131n projelerinin desteklenmesi ve Ana Konteyner Liman\u0131&#8217;n\u0131n projesinin ihale a\u015famas\u0131na gelmesi 2025 y\u0131l\u0131 i\u00e7in en \u00f6nemli yat\u0131r\u0131m talebimizdir.\u201d<\/td><\/tr><\/tbody><\/table><\/figure>\n","protected":false},"excerpt":{"rendered":"<p>DEVA Partisi Genel Ba\u015fkan Yard\u0131mc\u0131s\u0131 Mehmet Emin Ekmen, TBMM Genel Kurulunda s\u00f6z alarak Mersin\u2019in 2025 b\u00fct\u00e7esinde hak etti\u011fi pay\u0131 almas\u0131 i\u00e7in iktidara \u00e7a\u011fr\u0131da bulundu. Mersin\u2019in y\u0131llard\u0131r en \u00e7ok vergi \u00f6deyen 6\u2019nc\u0131 \u015fehir olmas\u0131na ra\u011fmen 20 y\u0131ld\u0131r ihmal edildi\u011finin alt\u0131n\u0131 \u00e7izen Ekmen, Mersin\u2019in y\u0131llard\u0131r bekleyen projeleri, hizmetleri ve \u00e7al\u0131\u015fmalar\u0131yla ilgili yat\u0131r\u0131m talebinde bulundu.&nbsp;DEVA Partisi Genel Ba\u015fkan [&hellip;]<\/p>\n","protected":false},"author":2,"featured_media":36132,"comment_status":"closed","ping_status":"closed","sticky":false,"template":"","format":"standard","meta":{"footnotes":""},"categories":[3],"tags":[],"class_list":["post-36164","post","type-post","status-publish","format-standard","has-post-thumbnail","hentry","category-manset"],"views":3,"_links":{"self":[{"href":"https:\/\/mersinkadingazetesi.com\/index.php?rest_route=\/wp\/v2\/posts\/36164"}],"collection":[{"href":"https:\/\/mersinkadingazetesi.com\/index.php?rest_route=\/wp\/v2\/posts"}],"about":[{"href":"https:\/\/mersinkadingazetesi.com\/index.php?rest_route=\/wp\/v2\/types\/post"}],"author":[{"embeddable":true,"href":"https:\/\/mersinkadingazetesi.com\/index.php?rest_route=\/wp\/v2\/users\/2"}],"replies":[{"embeddable":true,"href":"https:\/\/mersinkadingazetesi.com\/index.php?rest_route=%2Fwp%2Fv2%2Fcomments&post=36164"}],"version-history":[{"count":1,"href":"https:\/\/mersinkadingazetesi.com\/index.php?rest_route=\/wp\/v2\/posts\/36164\/revisions"}],"predecessor-version":[{"id":36165,"href":"https:\/\/mersinkadingazetesi.com\/index.php?rest_route=\/wp\/v2\/posts\/36164\/revisions\/36165"}],"wp:featuredmedia":[{"embeddable":true,"href":"https:\/\/mersinkadingazetesi.com\/index.php?rest_route=\/wp\/v2\/media\/36132"}],"wp:attachment":[{"href":"https:\/\/mersinkadingazetesi.com\/index.php?rest_route=%2Fwp%2Fv2%2Fmedia&parent=36164"}],"wp:term":[{"taxonomy":"category","embeddable":true,"href":"https:\/\/mersinkadingazetesi.com\/index.php?rest_route=%2Fwp%2Fv2%2Fcategories&post=36164"},{"taxonomy":"post_tag","embeddable":true,"href":"https:\/\/mersinkadingazetesi.com\/index.php?rest_route=%2Fwp%2Fv2%2Ftags&post=36164"}],"curies":[{"name":"wp","href":"https:\/\/api.w.org\/{rel}","templated":true}]}}