{"id":36181,"date":"2024-10-18T11:23:42","date_gmt":"2024-10-18T08:23:42","guid":{"rendered":"https:\/\/mersinkadingazetesi.com\/?p=36181"},"modified":"2024-10-18T11:23:42","modified_gmt":"2024-10-18T08:23:42","slug":"vali-ali-hamza-pehlivan-sehrin-ekonomisi-mersin-programina-katildi","status":"publish","type":"post","link":"https:\/\/mersinkadingazetesi.com\/?p=36181","title":{"rendered":"VAL\u0130 AL\u0130 HAMZA PEHL\u0130VAN, \u015eEHR\u0130N EKONOM\u0130S\u0130 MERS\u0130N PROGRAMINA KATILDI"},"content":{"rendered":"\n<p>Valimiz Ali Hamza Pehlivan, Turkuvaz Medya Grubu ve A Haber organizasyonunda d\u00fczenlenen, illerin ekonomik durumu, potansiyeli ve f\u0131rsatlar\u0131n\u0131n isti\u015fare edildi\u011fi \u015eehrin&nbsp;Ekonomisi Mersin program\u0131na kat\u0131ld\u0131.&nbsp;<\/p>\n\n\n\n<p>Vali Pehlivan, Akdeniz \u0130hracat\u00e7\u0131 Birlikleri toplant\u0131 salonunda d\u00fczenlenen programda yapm\u0131\u015f oldu\u011fu konu\u015fmas\u0131nda; \u201cT\u00fcrkiye&#8217;mizin her bir k\u00f6\u015fesi insanl\u0131k tarihinin kadim izlerini ta\u015f\u0131yor. Bu ba\u011flamda Mersin \u0130limiz de Yumuktepe ve G\u00f6zl\u00fckule kaz\u0131lar\u0131na bakt\u0131\u011f\u0131m\u0131z zaman oradaki bulgular\u0131n \u0131\u015f\u0131\u011f\u0131nda buradaki yerle\u015fimin yakla\u015f\u0131k 11 bin y\u0131l \u00f6nceye kadar gitti\u011fini g\u00f6r\u00fcyoruz.&nbsp;<\/p>\n\n\n\n<p>\u0130limiz, tarih boyunca stratejik \u00f6nemini muhafaza etmi\u015f. Bug\u00fcn de muhafaza ediyor. Buras\u0131 tarihte de asl\u0131nda liman kenti h\u00fcviyetine sahiptir. Mezitli \u0130l\u00e7emizdeki Soli Pompeipolis bizim tarihteki antik ve en eski limanlardan birisidir. &nbsp;Keza Ayd\u0131nc\u0131k \u0130l\u00e7emizdeki Kelenderis Liman\u0131 da tarih boyunca, \u00f6zellikle de denizlerin insanlar taraf\u0131ndan hem ula\u015f\u0131m arac\u0131 olmas\u0131 vasf\u0131yla hem ticaret yapmak \u00fczere kullan\u0131lmas\u0131yla birlikte \u00f6nemli bir konuma sahip olmu\u015ftur.&nbsp;<\/p>\n\n\n\n<p>Tarsus \u0130l\u00e7emiz, Kilikya medeniyetinin merkezi olarak say\u0131l\u0131yor. Burada \u00e7e\u015fitli medeniyetler ya\u015fam\u0131\u015f, faaliyet g\u00f6stermi\u015f ve izler b\u0131rakm\u0131\u015f. Mensubu oldu\u011fumuz medeniyetimiz, ecdad\u0131m\u0131zla, Sel\u00e7uklu&#8217;dan, Karamano\u011fullar\u0131ndan, Osmanl\u0131&#8217;ya kadar izler b\u0131rakm\u0131\u015f. Bizler, zaten bu co\u011frafyada bin y\u0131l\u0131 a\u015fk\u0131n bir s\u00fcredir var olan T\u00fcrk milleti olarak her bir ilinde ve il\u00e7esinde oldu\u011fu gibi Mersin\u2019de de tarihsel s\u00fcre\u00e7 i\u00e7erisinde bu geli\u015fim s\u00fcrecine gerekli katk\u0131y\u0131 &nbsp;yapm\u0131\u015f durumday\u0131z.&nbsp;<\/p>\n\n\n\n<p>Ekonomi, \u00e7ok kapsay\u0131c\u0131 ve kapsaml\u0131 bir kavramd\u0131r. Hayat\u0131n her alan\u0131n\u0131 her a\u015famas\u0131n\u0131 ilgilendiren bir kavram ve dinamik bir s\u00fcre\u00e7tir. Mersin&#8217;imiz de bu ba\u011flamda dinamik bir ildir. N\u00fcfusu 2 milyon olmu\u015f, y\u00fcz \u00f6l\u00e7\u00fcm\u00fc yakla\u015f\u0131k 16 bin km\u00b2, 13 \u0130l\u00e7esi, 806 mahallesiyle ekonomiye belli katk\u0131lar sunan bir ildir Mersinimiz.&nbsp;<\/p>\n\n\n\n<p>Bunlar i\u00e7erisinde tar\u0131m \u00f6nemli bir yer tutuyor. \u0130limiz, kom\u015fumuz olan Adana&#8217;yla birlikte \u00c7ukurova&#8217;n\u0131n bereketini en iyi \u015fekilde de\u011ferlendiren ve yans\u0131tan illerden birisidir. Nitekim tar\u0131m sekt\u00f6r\u00fcnde, \u00f6zellikle bitkisel tar\u0131mda, ya\u015f meyve ve ya\u015f sebze \u00fcretiminde \u00f6nde olan bir \u0130ldir. Biz \u0130limizi tan\u0131mlarken o y\u00fczden sadece Akdeniz\u2019in de\u011fil T\u00fcrkiye&#8217;mizin inci ve \u00f6nc\u00fc \u015fehri diyoruz. \u0130nci \u015fehir olmas\u0131 sahip oldu\u011fu tarihi eserlerin; Tarsus&#8217;tan Anamur&#8217;a kadar, G\u00fclnar, Mut\u2019tan \u00c7aml\u0131yayla&#8217;ya kadar; K\u0131z Kalesi&#8217;nden Silifke kalesine, Anamurium Antik Kentinden &nbsp;Mut Alahan Manast\u0131r\u0131&#8217;na, Mamure Kalesinden Tarsus Ulu Camisi, St. Paul Kilisesi, kuyusuna kadar, Soli Pompeipolis\u2019ten Kelenderis\u2019e kadar, Yumuktepe&#8217;den G\u00f6zl\u00fckule kaz\u0131 alan\u0131na kadar, Kanl\u0131divane\u2019den Uzuncabur\u00e7\u2019a kadar saymakla bitmeyen 926 arkeolojik sit ve toplamda da 1.700\u2019e yak\u0131n tescilli tarihi yap\u0131s\u0131 ve yap\u0131t\u0131 olan bir \u015fehirdir.<\/p>\n\n\n\n<p>Ger\u00e7ekten tek tek saymaya kalksan\u0131z s\u00fcrenin yetmeyece\u011fi, sayd\u0131klar\u0131m\u0131z\u0131n 10\u2019unun \u00f6ren yerine d\u00f6n\u00fc\u015ft\u00fcr\u00fcld\u00fc\u011f\u00fc ve ziyarete a\u00e7\u0131k olan 4 m\u00fczesiyle 100 binin \u00fczerinde eseri bar\u0131nd\u0131ran, do\u011fal g\u00fczellik anlam\u0131nda da tabiat an\u0131t\u0131 \u015feklinde Gilindire Ma\u011faras\u0131ndan Yerk\u00f6pr\u00fc ve Sunturas \u015felalesine kadar ziyadesiyle g\u00fczel, insanda hayranl\u0131k uyand\u0131ran do\u011fal g\u00fczellikler var. Bu y\u00f6n\u00fcyle inci \u015fehir diyoruz.&nbsp;<\/p>\n\n\n\n<p>\u00d6nc\u00fcl\u00fc\u011f\u00fc de neleri kaps\u0131yor diyerek i\u00e7ini doldurmak istersek de orada da tar\u0131m \u00f6n plana \u00e7\u0131k\u0131yor. Muz, \u00e7ilek, limon gibi 9 bitkisel \u00fcr\u00fcnde T\u00fcrkiye birincisi olan \u0130limiz hayvansal \u00fcr\u00fcn olarak ke\u00e7i \u00fcretiminde de T\u00fcrkiye birincisidir. \u0130limiz bu 10 \u00fcr\u00fcnde T\u00fcrkiye birincisi oldu\u011fu gibi 30 tar\u0131msal \u00fcr\u00fcnde de ilk 3\u2019te, 50 \u00fcr\u00fcnde ilk 10\u2019da yer al\u0131yor ve 100\u2019\u00fcn \u00fczerinde de tar\u0131msal \u00fcr\u00fcn yeti\u015fiyor.&nbsp;<\/p>\n\n\n\n<p>O kadar bereketli topraklara sahibiz ki ister a\u00e7\u0131k alanda yap\u0131n ister serada yap\u0131n klima \u00f6zelli\u011fi ve buran\u0131n \u0131l\u0131man iklimi tropikal meyveler de dahil bir\u00e7ok \u00fcr\u00fcn\u00fcn yeti\u015fmesine zemin haz\u0131rl\u0131yor. \u0130limiz bu y\u00f6n\u00fcyle ge\u00e7ti\u011fimiz y\u0131l g\u00fcncellenen rakamlarla tar\u0131msal \u00fcretimde yakla\u015f\u0131k 77 milyar TL, hayvansal \u00fcretimde de 11 milyar TL olmak \u00fczere yakla\u015f\u0131k 88 milyar TL tar\u0131msal has\u0131la elde etmi\u015f durumdad\u0131r. Tar\u0131m sekt\u00f6r\u00fcnde ziraat odalar\u0131na 135 bine yak\u0131n kay\u0131tl\u0131 \u00e7ift\u00e7imiz var. Tar\u0131msal i\u015fletmelerimiz var. Tar\u0131msal sanayiye y\u00f6nelik yat\u0131r\u0131mlar\u0131m\u0131z var. Bunlar birbirini destekleyerek gidiyor.&nbsp;<\/p>\n\n\n\n<p>\u0130limizin elbette sekt\u00f6rel anlamda di\u011fer \u00f6ne \u00e7\u0131kan y\u00f6nlerinden birisi liman kenti olmas\u0131n\u0131n da etkisiyle ticarettir. Ticaret odalar\u0131m\u0131za kay\u0131tl\u0131 yakla\u015f\u0131k 50 bin tacir, esnaf odalar\u0131m\u0131za kay\u0131tl\u0131 60 bine yak\u0131n esnaf\u0131m\u0131z var. Bunlar\u0131 aileleri ile birlikte d\u00fc\u015f\u00fcnd\u00fc\u011f\u00fcn\u00fcz zaman ciddi bir yek\u00fcn tutuyor.&nbsp;<\/p>\n\n\n\n<p>Mersin Liman\u0131m\u0131z, adeta tarihteki o antik limandan bug\u00fcne gelen gelene\u011fi devam ettiriyor. Liman\u0131m\u0131z \u015fu anda 124 hektarl\u0131k b\u00fcy\u00fckl\u00fc\u011f\u00fcyle T\u00fcrkiye&#8217;nin en b\u00fcy\u00fck alana sahip liman\u0131, hacim olarak da 2.6 milyon TEU kapasitesiyle en \u00e7ok elle\u00e7leme yap\u0131lan limanlardan birisidir. 10 milyon tonun \u00fczerinde de konvansiyonel y\u00fck i\u015flenebilen ve ticareti yap\u0131labilen bir potansiyele sahiptir. Liman\u0131m\u0131zda bug\u00fcnlerde geni\u015fleme \u00e7al\u0131\u015fmalar\u0131 devam ediyor. \u00c7al\u0131\u015fmalar bitti\u011finde %50 daha b\u00fcy\u00fcmek suretiyle hacmi 3.6 milyon TEU seviyesine \u00e7\u0131kacak. Limanda yap\u0131lan istihdam do\u011frudan 3.000 iken 3.500 istihdam, 25.000 iken yakla\u015f\u0131k 30.000 dolayl\u0131 istihdam durumu s\u00f6z konusu olacak.&nbsp;<\/p>\n\n\n\n<p>Hemen yan\u0131 ba\u015f\u0131nda Serbest B\u00f6lgemiz var. Orada da 360\u2019\u0131n \u00fczerinde firmada 10 binin \u00fczerinde \u00e7al\u0131\u015fan s\u00f6z konusu ve oran\u0131n da ticaret hacmi yakla\u015f\u0131k 4 milyar dolard\u0131r. Genel olarak d\u0131\u015f ticaret rakamlar\u0131na bakt\u0131\u011f\u0131m\u0131z zaman da ge\u00e7ti\u011fimiz y\u0131l \u0130limizde 11 milyar\u0131n \u00fczerinde ihracat yap\u0131ld\u0131. Bu rakamla birlikte \u0130limiz en \u00e7ok ihracat yapan iller s\u0131ralamas\u0131nda 9. basamaktan 7. basama\u011fa y\u00fckseldi.&nbsp;<\/p>\n\n\n\n<p>Bizim g\u00fcmr\u00fck kap\u0131lar\u0131m\u0131zdan yap\u0131lan d\u0131\u015f ticaret hacmi bu rakamla beraber 30 milyar\u0131n \u00fczerindedir. Genel hinterland olarak d\u00fc\u015f\u00fcnd\u00fc\u011f\u00fcn\u00fczde, bizim liman\u0131m\u0131zdaki g\u00fcmr\u00fck kap\u0131lar\u0131m\u0131z 190 \u00fclkeye a\u00e7\u0131l\u0131yor. 190 \u00fclkeye liman\u0131m\u0131zdan ve g\u00fcmr\u00fck kaplar\u0131m\u0131zdan ba\u015fta Mersin Liman\u0131m\u0131z olmak \u00fczere Ta\u015fucu da dahil di\u011fer 5 kap\u0131m\u0131zdan 190 \u00fclke ile ticaret yap\u0131labilir.&nbsp;<\/p>\n\n\n\n<p>Bunlar\u0131n i\u00e7erisinde tar\u0131msal \u00fcr\u00fcnler \u00f6nemli bir yer tutuyor. \u00d6zellikle \u00fclkemizdeki toplam narenciye ihracat\u0131n\u0131n %40 nispetinde bir miktar\u0131n\u0131n \u0130limizden yap\u0131ld\u0131\u011f\u0131n\u0131 g\u00f6r\u00fcyoruz. Keza bakliyat sekt\u00f6r\u00fcnde, \u00f6zellikle i\u015fleme, paketleme ve ticaret konusunda sekt\u00f6r\u00fcn %70\u2019inin \u00fcst\u00fcnde kapasite bizdedir. Orada da bir \u00f6nc\u00fcl\u00fck durumu var. Dolay\u0131s\u0131yla her \u015fehrin kendine g\u00f6re en\u2019leri vard\u0131r. Bizim \u015fehrimizin en\u2019leri de ma\u015fallah \u00e7ok. O y\u00fczden \u00f6nc\u00fcl\u00fck vasf\u0131n\u0131 s\u0131fat olarak yak\u0131\u015ft\u0131r\u0131yoruz.<\/p>\n\n\n\n<p>Hayvanc\u0131l\u0131\u011f\u0131n bir k\u0131sm\u0131n\u0131 s\u00f6yledik ama ar\u0131c\u0131l\u0131k da belki \u00e7ok \u00f6n planda de\u011filmi\u015f gibi g\u00f6z\u00fck\u00fcr ama \u0130limiz T\u00fcrkiye&#8217;de ar\u0131c\u0131l\u0131k konusunda da 4. s\u0131radad\u0131r. Orada da bir potansiyelimiz var. 350 binin \u00fczerinde kovan\u0131m\u0131z var. Ar\u0131c\u0131l\u0131k da bu anlamda \u00f6nemli bir sekt\u00f6rd\u00fcr.&nbsp;<\/p>\n\n\n\n<p>Ticaretin yan\u0131nda lojistik konusunda, \u0130limizde \u00f6zellikle de g\u00fcmr\u00fck kap\u0131lar\u0131 ve liman ba\u011flant\u0131l\u0131 yurt sath\u0131nda faaliyet g\u00f6steren 4 bine yak\u0131n lojistik firmam\u0131z var.&nbsp;<\/p>\n\n\n\n<p>Sanayi, giderek geli\u015fen \u00f6nemli bir sekt\u00f6r\u00fcm\u00fczd\u00fcr. Sanayide yeni yat\u0131r\u0131mlar al\u0131yoruz. Yeni etaplar a\u00e7\u0131yoruz, yeni Organize Sanayi B\u00f6lgeleri (OSB) a\u00e7\u0131yoruz. Bug\u00fcn itibariyle \u0130limizde 7 ayr\u0131 OSB&#8217;miz var ve en eski OSB&#8217;miz olan Mersin-Tarsus OSB&#8217;mizin 4. etab\u0131n\u0131 da ge\u00e7ti\u011fimiz aylarda faaliyete ge\u00e7irdik. 40\u2019\u0131n \u00fczerinde de yeni tahsis yapt\u0131k. Toplamda OSB&#8217;lerimizde 26 bin istihdam varken, yeni etapla beraber bu istihdam 5 bin daha artarak 30 binin \u00fczerine \u00e7\u0131kacak. Firma say\u0131s\u0131 da 253 iken 300\u2019lere \u00e7\u0131kacak.<br>Hemen yan\u0131 ba\u015f\u0131nda Tarsus\u2019ta m\u00fcstakilen bir OSB\u2019miz var. H\u0131zla yat\u0131r\u0131mlar\u0131 devam ediyor. Hemen onun yan\u0131nda T\u00dc\u0130OSB dedi\u011fimiz Tar\u0131msal \u00dcr\u00fcn \u0130\u015fleme \u0130htisas Organize Sanayi B\u00f6lgemiz var. Onun da alt yap\u0131 \u00e7al\u0131\u015fmalar\u0131 ba\u015flad\u0131.&nbsp;<\/p>\n\n\n\n<p>Ekonomide d\u00f6nemsel parametrelerle de\u011fi\u015fkenlikler olabiliyor. Ama yat\u0131r\u0131m talebi bizde \u00e7ok \u015f\u00fck\u00fcr durmuyor. Az \u00f6nce vermi\u015f oldu\u011fum \u00f6rnek de bunun bir g\u00f6stergesidir. Yeni etaplar a\u00e7t\u0131\u011f\u0131m\u0131zda \u0130limizdeki firmalar da dahil olmak \u00fczere yat\u0131r\u0131m talepleri al\u0131yoruz.&nbsp;<\/p>\n\n\n\n<p>Turizmle ilgili olarak da saym\u0131\u015f oldu\u011fumuz bu kadar tarihi, do\u011fal g\u00fczellikler, k\u00fclt\u00fcrel de\u011ferler bir turizm de\u011feri ifade ediyor. Buna ilaveten 321 kilometre sahil band\u0131m\u0131z var. Burada mavi bayrakl\u0131 11 plaj\u0131m\u0131z var. Toplamda 40\u2019\u0131n \u00fczerinde plaj, 100\u2019\u00fcn \u00fczerinde de do\u011fal koylar\u0131m\u0131z var. 600\u2019\u00fcn \u00fczerinde otelimiz 45 bine yak\u0131n yatak kapasitesiyle hizmet veriyor. 8 turizm b\u00f6lgemiz var.&nbsp;<\/p>\n\n\n\n<p>Say\u0131n Cumhurba\u015fkan\u0131m\u0131z\u0131n te\u015frifleri ile a\u011fustos ay\u0131nda a\u00e7\u0131lan \u00c7ukurova Uluslararas\u0131 Havaliman\u0131&#8217;yla birlikte di\u011fer b\u00fct\u00fcn sekt\u00f6rlerin daha da hareketlenece\u011fini, bu ba\u011flamda turizm sekt\u00f6r\u00fcnde de ayr\u0131 bir hareket olaca\u011f\u0131n\u0131 bekliyoruz. Bununla ilgili de zaten sekt\u00f6r payda\u015flar\u0131m\u0131zla \u00e7al\u0131\u015f\u0131yoruz.&nbsp;<\/p>\n\n\n\n<p>\u0130limiz ayn\u0131 zamanda bir enerji kenti olma yolunda da ilerliyor. Nitekim \u00fclkemizin ilk n\u00fckleer enerji santrali Mersin&#8217;imizde, G\u00fclnar \u0130l\u00e7emizde, B\u00fcy\u00fckeceli Mahallesi&#8217;ndeki Akkuyu mevkiinde yap\u0131l\u0131yor. Orada da 30 bin civar\u0131nda \u00e7al\u0131\u015fan var. 4 t\u00fcrbinde ayn\u0131 anda \u00e7al\u0131\u015f\u0131l\u0131yor. \u00d6n\u00fcm\u00fczdeki y\u0131l birinci t\u00fcrbinde \u00fcretim ba\u015flayacak ve santral in\u015faat\u0131 bitip t\u00fcrbinlerin hepsi faaliyete ge\u00e7ti\u011finde \u00fclkemizin elektrik enerjisi ihtiyac\u0131n\u0131n %10\u2019u buradan kar\u015f\u0131lanacak. Burada iletim hatlar\u0131n\u0131n \u015fimdiden yap\u0131ld\u0131\u011f\u0131na \u015fahitlik ediyoruz. Bu yat\u0131r\u0131m\u0131 yak\u0131ndan takip ediyoruz ve \u015fu an itibariyle bile istihdam ba\u015fta olmak \u00fczere bir\u00e7ok sekt\u00f6re yans\u0131malar\u0131n\u0131n oldu\u011funu g\u00f6r\u00fcyoruz.&nbsp;<\/p>\n\n\n\n<p>Say\u0131n Cumhurba\u015fkan\u0131m\u0131z\u0131n \u00f6nderli\u011finde, liderli\u011finde, b\u00fct\u00fcn ilgili Bakanl\u0131klar\u0131m\u0131z\u0131n gayretleri ve ekonomik sahada da elbette burada bulunan ve bulunmayan t\u00fcm i\u015f insanlar\u0131n\u0131n giri\u015fimci ruhu ortaya koymas\u0131 -ki Mersin&#8217;imiz de bunlardan birisi- topyekun bir anlay\u0131\u015fla nas\u0131l ki \u00fclkemizin y\u0131ld\u0131z\u0131 giderek daha da parl\u0131yorsa, Mersin&#8217;imizde ayn\u0131 \u015fekilde bu u\u011furda \u00e7abalara ortak olma gayreti i\u00e7erisindedir.&nbsp;<\/p>\n\n\n\n<p>\u0130limiz ayn\u0131 zamanda bir e\u011fitim ile gen\u00e7lik ve spor \u015fehridir. E\u011fitim her alanda \u00f6nemli oldu\u011fu gibi ekonomik sahada da \u00e7ok \u00f6nemlidir. Hele ki teknolojinin ba\u015f d\u00f6nd\u00fcr\u00fcc\u00fc bir h\u0131zda geli\u015fti\u011fi bir \u00e7a\u011fday\u0131z. &nbsp;Bu anlamda, istihdama y\u00f6nelik mesleki e\u011fitim \u00e7al\u0131\u015fmalar\u0131 y\u00fcr\u00fct\u00fcl\u00fcrken di\u011fer yandan da istihdam konusunda \u00f6nemli \u00e7al\u0131\u015fmalar yapma gayreti i\u00e7erisindeyiz. Y\u00fcr\u00fctt\u00fc\u011f\u00fcm\u00fcz \u00e7al\u0131\u015fmalar neticesinde ge\u00e7ti\u011fimiz y\u0131l 36 bin yeni istihdam sa\u011fland\u0131.<\/p>\n\n\n\n<p>Bununla birlikte okullar\u0131m\u0131zda gen\u00e7lerimizin teknolojiye, bilime, daha da fazla a\u011f\u0131rl\u0131k vermelerini te\u015fvik ediyoruz. Bunun en \u00f6nemli g\u00f6stergelerinden biri bizim i\u00e7in Teknofest oldu. Teknofest&#8217;e Mersin \u0130limizden 164.276 proje teklif ettik. Bunu da bir\u00e7ok platformda gururla payla\u015ft\u0131k. Ge\u00e7en y\u0131lda birinciydik. Ama bu sene adeta 3 kat\u0131na \u00e7\u0131kartt\u0131k. Kendimizle yar\u0131\u015f\u0131yoruz.&nbsp;<\/p>\n\n\n\n<p>Hatta Drone \u015eampiyonas\u0131, \u0130nsans\u0131z Deniz Arac\u0131 Yar\u0131\u015fmas\u0131 ve \u0130nsans\u0131z Su Alt\u0131 Sistemleri Yar\u0131\u015fmas\u0131 Mersin&#8217;imizde yap\u0131l\u0131nca T\u00fcrkiye Teknoloji Tak\u0131m\u0131 Vakf\u0131 (T3 Vakf\u0131) M\u00fctevelli Heyet Ba\u015fkan\u0131 Sel\u00e7uk Bayraktar burada da m\u00fcstakil bir program yapt\u0131. Adana\u2019da yap\u0131lan TEKNOFEST Akdeniz 2024\u2019e de hem kom\u015fu \u0130l olmam\u0131z hem de bu kadar \u00e7ok proje veren \u0130l olmam\u0131z hasebiyle orada bulunduk, stantlar\u0131m\u0131z a\u00e7\u0131ld\u0131. \u00c7ok \u015f\u00fck\u00fcr gen\u00e7lerimiz bilime, teknolojiye, ileri teknolojiye yatk\u0131n durumdad\u0131r. \u0130mkan sunuldu\u011funda daha da ileri noktalara ta\u015f\u0131yorlar, ta\u015f\u0131yacaklar. Bundan hareketle de sanayi alan\u0131nda yeni yat\u0131r\u0131mlar alaca\u011f\u0131m\u0131z\u0131 da d\u00fc\u015f\u00fcn\u00fcyoruz ve al\u0131yoruz. Bu anlamda \u00f6n plana \u00e7\u0131kan yat\u0131r\u0131mlar da var.&nbsp;<br>\u00dclke olarak uluslararas\u0131 arenada savunma sanayinde % 80 nispetlerine ula\u015ft\u0131k. \u0130limizde de OSB\u2019lerimizdeki yeni etaplarda savunma sanayi anlam\u0131nda, teknoloji anlam\u0131nda, inovasyon alan\u0131nda yeni yat\u0131r\u0131mlar\u0131nda g\u00f6r\u00fc\u015fmelerini ve \u00e7al\u0131\u015fmalar\u0131n\u0131 yap\u0131yoruz.&nbsp;<\/p>\n\n\n\n<p>B\u00f6yle potansiyeli olan bir ilde g\u00f6rev yapmak bizler i\u00e7in de ziyadesiyle memnuniyet verici bir durum. Bug\u00fcn oldu\u011fu gibi s\u0131k s\u0131k payda\u015flar\u0131m\u0131zla bir araya geliyoruz. Bundan sonra da bu s\u00fcre\u00e7ler devam edecek. Bug\u00fcn de Turkuaz Medya Grubu ve A Haber vesile oldu. Ben tekrar sizlere te\u015fekk\u00fcr ediyorum. Herkese faydal\u0131 bir toplant\u0131 olmas\u0131n\u0131 diliyorum.&nbsp;<\/p>\n\n\n\n<p>Ula\u015f\u0131mdan, altyap\u0131 hizmetlerine e\u011fitimden sa\u011fl\u0131\u011fa kadar toplam yat\u0131r\u0131m bedeli yakla\u015f\u0131k 220 milyar TL olan 2.500 projenin hayata ge\u00e7irilmesine \u00f6nc\u00fcl\u00fck eden Say\u0131n Cumhurba\u015fkan\u0131m\u0131za Mersin \u0130limiz ad\u0131na \u015f\u00fckranlar\u0131m\u0131 arz ediyorum. \u0130lgili b\u00fct\u00fcn bakanl\u0131klar\u0131m\u0131za da \u0130limize vermi\u015f olduklar\u0131 katk\u0131lar\u0131ndan dolay\u0131 te\u015fekk\u00fcrlerimi bildiriyorum.\u201d dedi.<\/p>\n\n\n\n<p>Panelde, \u0130limizin mevcut ekonomik durumu, potansiyeli ve ilin \u00f6n\u00fcndeki ekonomik f\u0131rsatlar g\u00fcndeme al\u0131nd\u0131.<\/p>\n\n\n\n<p>Panelde, Turkuvaz Medya Grubu Tematik Kanallar Genel M\u00fcd\u00fcr\u00fc Sibel Do\u011fru, Mersin Turizm \u0130\u015fletmecileri Derne\u011fi Y\u00f6netim Kurulu Ba\u015fkan\u0131 Hamit \u0130zol, Mersin Ekonomi Platformu Ba\u015fkan\u0131 Servet \u00d6zkaya, Ulusal Turun\u00e7gil Konseyi Ba\u015fkan\u0131 Kemal Ka\u00e7maz, Mersin Ticaret ve Sanayi Odas\u0131 Meclis \u00dcyesi Serdar Y\u0131ld\u0131zg\u00f6rer, Mersin Yat\u0131r\u0131mc\u0131 \u0130\u015f \u0130nsanlar\u0131 Derne\u011fi Ba\u015fkan\u0131 Co\u015fkun Do\u011fmu\u015f birer konu\u015fma ger\u00e7ekle\u015ftirdi.<\/p>\n","protected":false},"excerpt":{"rendered":"<p>Valimiz Ali Hamza Pehlivan, Turkuvaz Medya Grubu ve A Haber organizasyonunda d\u00fczenlenen, illerin ekonomik durumu, potansiyeli ve f\u0131rsatlar\u0131n\u0131n isti\u015fare edildi\u011fi \u015eehrin&nbsp;Ekonomisi Mersin program\u0131na kat\u0131ld\u0131.&nbsp; Vali Pehlivan, Akdeniz \u0130hracat\u00e7\u0131 Birlikleri toplant\u0131 salonunda d\u00fczenlenen programda yapm\u0131\u015f oldu\u011fu konu\u015fmas\u0131nda; \u201cT\u00fcrkiye&#8217;mizin her bir k\u00f6\u015fesi insanl\u0131k tarihinin kadim izlerini ta\u015f\u0131yor. Bu ba\u011flamda Mersin \u0130limiz de Yumuktepe ve G\u00f6zl\u00fckule kaz\u0131lar\u0131na bakt\u0131\u011f\u0131m\u0131z [&hellip;]<\/p>\n","protected":false},"author":2,"featured_media":36182,"comment_status":"closed","ping_status":"closed","sticky":false,"template":"","format":"standard","meta":{"footnotes":""},"categories":[1,2,3,5],"tags":[],"class_list":["post-36181","post","type-post","status-publish","format-standard","has-post-thumbnail","hentry","category-genel","category-gundem","category-manset","category-mersin"],"views":3,"_links":{"self":[{"href":"https:\/\/mersinkadingazetesi.com\/index.php?rest_route=\/wp\/v2\/posts\/36181"}],"collection":[{"href":"https:\/\/mersinkadingazetesi.com\/index.php?rest_route=\/wp\/v2\/posts"}],"about":[{"href":"https:\/\/mersinkadingazetesi.com\/index.php?rest_route=\/wp\/v2\/types\/post"}],"author":[{"embeddable":true,"href":"https:\/\/mersinkadingazetesi.com\/index.php?rest_route=\/wp\/v2\/users\/2"}],"replies":[{"embeddable":true,"href":"https:\/\/mersinkadingazetesi.com\/index.php?rest_route=%2Fwp%2Fv2%2Fcomments&post=36181"}],"version-history":[{"count":1,"href":"https:\/\/mersinkadingazetesi.com\/index.php?rest_route=\/wp\/v2\/posts\/36181\/revisions"}],"predecessor-version":[{"id":36183,"href":"https:\/\/mersinkadingazetesi.com\/index.php?rest_route=\/wp\/v2\/posts\/36181\/revisions\/36183"}],"wp:featuredmedia":[{"embeddable":true,"href":"https:\/\/mersinkadingazetesi.com\/index.php?rest_route=\/wp\/v2\/media\/36182"}],"wp:attachment":[{"href":"https:\/\/mersinkadingazetesi.com\/index.php?rest_route=%2Fwp%2Fv2%2Fmedia&parent=36181"}],"wp:term":[{"taxonomy":"category","embeddable":true,"href":"https:\/\/mersinkadingazetesi.com\/index.php?rest_route=%2Fwp%2Fv2%2Fcategories&post=36181"},{"taxonomy":"post_tag","embeddable":true,"href":"https:\/\/mersinkadingazetesi.com\/index.php?rest_route=%2Fwp%2Fv2%2Ftags&post=36181"}],"curies":[{"name":"wp","href":"https:\/\/api.w.org\/{rel}","templated":true}]}}