{"id":36191,"date":"2024-10-18T16:20:20","date_gmt":"2024-10-18T13:20:20","guid":{"rendered":"https:\/\/mersinkadingazetesi.com\/?p=36191"},"modified":"2024-10-18T16:20:20","modified_gmt":"2024-10-18T13:20:20","slug":"bizim-uygulamalarimiz-halkci-ve-sosyal-demokrat-politikalardir","status":"publish","type":"post","link":"https:\/\/mersinkadingazetesi.com\/?p=36191","title":{"rendered":"&#8220;B\u0130Z\u0130M UYGULAMALARIMIZ HALK\u00c7I VE SOSYAL DEMOKRAT POL\u0130T\u0130KALARDIR&#8221;"},"content":{"rendered":"\n<p>Mersin B\u00fcy\u00fck\u015fehir Belediye Ba\u015fkan\u0131 Vahap Se\u00e7er, Cumhuriyet Halk Partisi (CHP) taraf\u0131ndan, Mersin B\u00fcy\u00fck\u015fehir Belediyesi&#8217;nin ev sahipli\u011finde d\u00fczenlenen&nbsp;<strong>&#8216;Kad\u0131na Y\u00f6nelik \u015eiddet ve Toplumsal Cinsiyet E\u015fitli\u011fi Ba\u011flam\u0131nda Sosyal Politikalar \u00c7al\u0131\u015ftay\u0131&#8217;<\/strong>n\u0131n a\u00e7\u0131l\u0131\u015f\u0131na kat\u0131l\u0131m sa\u011flad\u0131. CHP&#8217;li b\u00fcy\u00fck\u015fehir ve il belediyelerinden b\u00fcrokratlar\u0131n da kat\u0131l\u0131m sa\u011flad\u0131\u011f\u0131 \u00e7al\u0131\u015ftay\u0131n ana g\u00fcndemini;&nbsp;<strong><em>&#8216;Toplumsal Cinsiyet E\u015fitli\u011fi ve Kad\u0131na Y\u00f6nelik \u015eiddet Konusunda Fark\u0131ndal\u0131k \u00c7al\u0131\u015fmalar\u0131&#8217;<\/em><\/strong>&nbsp;olu\u015fturdu.<\/p>\n\n\n\n<p>Video g\u00f6sterimi ile ba\u015flayan \u00c7al\u0131\u015ftay&#8217;da Mersin B\u00fcy\u00fck\u015fehir Belediye Ba\u015fkan\u0131 Vahap Se\u00e7er&#8217;in yan\u0131 s\u0131ra; CHP Yerel Y\u00f6netimler ve Diren\u00e7li Kentlerden Sorumlu Genel Ba\u015fkan Yard\u0131mc\u0131s\u0131 ve \u0130stanbul Milletvekili G\u00f6kan Zeybek, CHP Kad\u0131n Kollar\u0131 Genel Ba\u015fkan\u0131 ve Osmaniye Milletvekili Asu Kaya, CHP Yerel Y\u00f6netimler ve Diren\u00e7li Kentlerden Sorumlu Ba\u015fkan Yard\u0131mc\u0131s\u0131 Ya\u015far T\u00fcz\u00fcn, CHP Mersin \u0130l Ba\u015fkan\u0131 Koral \u00d6m\u00fcr, Adana B\u00fcy\u00fck\u015fehir Belediye Ba\u015fkan\u0131 Zeydan Karalar, CHP Kad\u0131n Kollar\u0131 Genel Ba\u015fkan Yard\u0131mc\u0131s\u0131 Hatice Us, CHP Parti Meclisi \u00dcyesi Ecevit Kele\u015f, CHP Gen\u00e7lik Kollar\u0131 Genel Ba\u015fkan Yard\u0131mc\u0131s\u0131 \u0130zzet K\u0131r\u0131lmaz, CHP Mersin Milletvekilleri G\u00fclcan K\u0131\u015f, Hasan Ufuk \u00c7ak\u0131r ve Talat Din\u00e7er, il\u00e7e belediye ba\u015fkanlar\u0131, CHP il\u00e7e ba\u015fkanlar\u0131, Meclis \u00fcyeleri,&nbsp;&nbsp;CHP&#8217;li 21 il ve 14 b\u00fcy\u00fck\u015fehir belediyesinin b\u00fcrokratlar\u0131, Mersin B\u00fcy\u00fck\u015fehir Belediyesi ve MESK\u0130 b\u00fcrokratlar\u0131 yer ald\u0131.<\/p>\n\n\n\n<p><strong>Ba\u015fkan Se\u00e7er: &#8220;\u0130ktidar\u0131n bo\u015f b\u0131rakt\u0131\u011f\u0131 alanlar\u0131 CHP&#8217;li belediyeler dolduruyor&#8221;<\/strong><\/p>\n\n\n\n<p>\u00c7al\u0131\u015ftay\u0131n ev sahibi Mersin B\u00fcy\u00fck\u015fehir Belediye Ba\u015fkan\u0131 Vahap Se\u00e7er,&nbsp;d\u00fcn a\u00e7\u0131l\u0131\u015f\u0131n\u0131 ger\u00e7ekle\u015ftirdikleri Sosyal Politikalar Ofisi ile birlikte kad\u0131n, \u00e7ocuk, cinsiyet e\u015fitli\u011fi ve kad\u0131na y\u00f6nelik \u015fiddeti de bar\u0131nd\u0131ran sosyal politikalar\u0131 enine boyuna konu\u015facaklar\u0131n\u0131 ve bu sorun alanlar\u0131 \u00fczerine daha fazla neler yap\u0131laca\u011f\u0131 ile ilgili \u00e7al\u0131\u015facaklar\u0131n\u0131 ifade etti. Ba\u015fkan Se\u00e7er; inan\u00e7, co\u011frafya, aile, k\u00fclt\u00fcr, \u00e7evresel fakt\u00f6rler, ekonomik ve sosyal nedenler dolay\u0131s\u0131yla T\u00fcrkiye&#8217;nin her b\u00f6lgesinde, sorun alanlar\u0131n\u0131n her insan i\u00e7in farkl\u0131 oldu\u011funu ifade ederek,&nbsp;<strong>&#8220;Her co\u011frafyan\u0131n kendine g\u00f6re sorunlar\u0131 vard\u0131r. G\u00fcneydo\u011fu co\u011frafyas\u0131n\u0131n kaderi farkl\u0131d\u0131r, Marmara&#8217;n\u0131n, Trakya&#8217;n\u0131n farkl\u0131d\u0131r. Bir kad\u0131n i\u00e7in o b\u00f6lgenin sorun alan\u0131 ayr\u0131d\u0131r, bu b\u00f6lgenin ayr\u0131d\u0131r. \u00c7ukurova ba\u015fkad\u0131r, Karadeniz ba\u015fkad\u0131r&#8221;&nbsp;<\/strong>dedi.<\/p>\n\n\n\n<p>Faaliyete ald\u0131klar\u0131 Sosyal Politikalar Ofisi&#8217;nin \u00e7al\u0131\u015fmalar\u0131n\u0131n asl\u0131nda aileye, kad\u0131na, \u00e7ocu\u011fa, ya\u015f alm\u0131\u015fa, dezavantajl\u0131 bireylere dayand\u0131\u011f\u0131n\u0131 s\u00f6yleyen Se\u00e7er,&nbsp;<strong>&#8220;Yapt\u0131\u011f\u0131m\u0131z t\u00fcm bu uygulamalar T\u00fcrkiye&#8217;de kad\u0131nlar\u0131n en b\u00fcy\u00fck sorun alan\u0131 olan kad\u0131na y\u00f6nelik \u015fiddeti, aile i\u00e7i \u015fiddeti \u00f6nleyecek temel \u00e7al\u0131\u015fmalar olarak g\u00f6r\u00fcyorum. \u0130ktidar\u0131n bo\u015f b\u0131rakt\u0131\u011f\u0131 alanlar\u0131 2019 y\u0131l\u0131ndan bu yana CHP&#8217;li belediyeler dolduruyor. Belediye; kamu kurumlar\u0131 i\u00e7erisinde halka en yak\u0131n, organize, manevra kabiliyeti y\u00fcksek, halka \u00e7ok \u00e7abuk ula\u015fabilen ve efektif i\u015fler yapabilen kurumlard\u0131r. As\u0131l iktidar yerel iktidard\u0131r. Zaten yerel iktidar olam\u0131yorsan\u0131z genel iktidar olamazs\u0131n\u0131z&#8221;&nbsp;<\/strong>diye konu\u015ftu.<\/p>\n\n\n\n<p><strong>&#8220;Bir belediye haneye girmeli. Sosyal politika dedi\u011finiz budur&#8221;<\/strong><\/p>\n\n\n\n<p>Se\u00e7er, CHP ile ilgili olu\u015fturulan alg\u0131n\u0131n 2019 y\u0131l\u0131 se\u00e7imleriyle birlikte tuzla buz oldu\u011funu vurgulayarak,&nbsp;<strong>&#8220;\u00c7\u00fcnk\u00fc CHP&#8217;li belediyeler do\u011fru politikalar uygulad\u0131, halka gitti, ailesine girdi. Bir belediye haneye girmeli. Sosyal politika dedi\u011finiz budur.&nbsp;<em>&#8216;Sosyal politika yap\u0131yorum, g\u0131da da\u011f\u0131t\u0131yorum, hayvan da\u011f\u0131t\u0131yorum&#8217;<\/em>&nbsp;demekle olmuyor. Bunun s\u00fcrd\u00fcr\u00fclebilirli\u011fi, takibi, geri d\u00f6n\u00fc\u015f\u00fc, halka temas\u0131 yoksa; halkla gidip sohbet etmek yoksa, kalbini a\u00e7mak, sevgini vermek yoksa bu projeler laf\u0131 g\u00fczaft\u0131r. Sadece \u015fekil \u015fart\u0131n\u0131 yerine getirisiniz ama toplumu kand\u0131ramazs\u0131n\u0131z. Ger\u00e7ek\u00e7i politikalar 2024 y\u0131l\u0131n\u0131n 31 Mart&#8217;\u0131nda kendini ortaya \u00e7\u0131kard\u0131&#8221;<\/strong>&nbsp;diye belirtti.<\/p>\n\n\n\n<p><strong>&#8220;Bizim uygulamalar\u0131m\u0131z halk\u00e7\u0131 ve sosyal demokrat politikalard\u0131r&#8221;<\/strong><\/p>\n\n\n\n<p><strong>&#8220;Biz t\u00fcccar de\u011filiz,&nbsp;&nbsp;kamu y\u00f6neticisiyiz&#8221;<\/strong>&nbsp;diyerek konu\u015fmas\u0131n\u0131 s\u00fcrd\u00fcren Se\u00e7er, hizmetleri yaparken kar amac\u0131 g\u00fctmediklerini belirtti. Se\u00e7er, konu\u015fmas\u0131n\u0131 \u015fu c\u00fcmlelerle s\u00fcrd\u00fcrd\u00fc:<\/p>\n\n\n\n<p><strong>&#8220;Biz kar amac\u0131yla hizmet yapmay\u0131z. Mesele halka hizmet ve sosyal politika oldu\u011fu zaman bizim y\u00f6n\u00fcm\u00fcz bellidir; biz sosyal demokrat siyasi g\u00f6r\u00fc\u015fe ve kimli\u011fe sahip insanlar\u0131z. Bizim uygulamalar\u0131m\u0131z halk\u00e7\u0131 ve sosyal demokrat politikalard\u0131r. Bundan taviz vermeyiz. Biz kafeler, restoranlar, i\u015fyerleri a\u00e7\u0131p; e\u015fimize, dostumuza, arkada\u015f\u0131m\u0131za rant alanlar\u0131 yaratmak i\u00e7in g\u00f6reve gelmedik. Biz halk\u0131n olan sahilleri halka a\u00e7mak, halk\u0131n paras\u0131n\u0131 halka harcamak i\u00e7in geldik. Halk\u0131n paras\u0131yla l\u00fcks oteller, mekanlar, i\u015fletmeler yap\u0131p onu yanda\u015flar\u0131m\u0131za ucuz ucuz kiraya vermek i\u00e7in gelmedik. Halk\u0131n paras\u0131 de\u011ferli.&#8221;<\/strong><\/p>\n\n\n\n<p>Se\u00e7er, T\u00fcrkiye&#8217;nin lebiderya kaynaklara sahip olmad\u0131\u011f\u0131n\u0131 ve cari harcamalar\u0131n\u0131n y\u00fczde 85&#8217;inin vatanda\u015flardan toplanan vergilerle yap\u0131ld\u0131\u011f\u0131n\u0131 ifade etti.<\/p>\n\n\n\n<p>Belediyede, mali disiplini sa\u011flamak zorunda olduklar\u0131n\u0131 kaydeden Se\u00e7er, liyakatli ve i\u015fini iyi yapan kadrolarla \u00e7al\u0131\u015fman\u0131n belediye ba\u015fkan\u0131n\u0131n ba\u015far\u0131s\u0131 a\u00e7\u0131s\u0131ndan \u00f6nemli oldu\u011funu vurgulad\u0131. Belediye ba\u015fkan\u0131n\u0131n d\u00fcnya g\u00f6r\u00fc\u015f\u00fcn\u00fcn b\u00fct\u00fcn kenti etkiledi\u011finin alt\u0131n\u0131 \u00e7izen Se\u00e7er,&nbsp;<strong>&#8220;Benim giyimim, ku\u015fam\u0131m, renk se\u00e7imim, oturmam, kalkmam, insanlara kar\u015f\u0131 nezaketim, kente yans\u0131r. \u0130\u015fte b\u00fct\u00fcn bunlar halka dokunan politikalarla birle\u015fiyor, b\u00fct\u00fcnle\u015fiyorsa \u00e7ok iyi sonu\u00e7lar elde edebilirsiniz&#8221;<\/strong>&nbsp;dedi.<\/p>\n\n\n\n<p><strong>&#8220;10 ki\u015fiden 6&#8217;s\u0131n\u0131n oyunu almak uygulad\u0131\u011f\u0131m\u0131z do\u011fru politikalar\u0131n sonucudur&#8221;<\/strong><\/p>\n\n\n\n<p>Ba\u015fan Se\u00e7er, g\u00f6reve geldikleri 2019 y\u0131l\u0131ndan bu yana 5 y\u0131ll\u0131k s\u00fcre\u00e7te d\u00fcnyay\u0131 etkileyen pandemi ba\u015fta olmak \u00fczere, T\u00fcrkiye&#8217;de ya\u015fanan 6 \u015eubat depremi ve onun i\u00e7 ekonomiye yans\u0131mas\u0131 ve ekonomik kriz gibi sebeplerle \u00f6nemli bir s\u00fcre\u00e7 ge\u00e7irdiklerini belirtti. Bu s\u00fcre\u00e7leri \u00e7ok iyi y\u00f6nettiklerini kaydeden Se\u00e7er, t\u00fcm bu s\u00fcre\u00e7lerin yan\u0131 s\u0131ra uygulanan y\u0131ld\u0131rma politikalar\u0131na da de\u011finerek,&nbsp;<strong>&#8220;H\u00fck\u00fcmetin uygulad\u0131\u011f\u0131 bask\u0131 politikalar\u0131, siyasi operasyonlar, y\u0131ld\u0131rma, b\u0131kt\u0131rma, el \u00e7ektirme operasyonlar\u0131 \u00e7ok \u00f6nemli konulard\u0131r. 5 y\u0131ll\u0131k g\u00f6rev s\u00fcremizde en az 2 y\u0131l krizlerle u\u011fra\u015ft\u0131k ama ona ra\u011fmen&nbsp;<em>&#8216;milliyet\u00e7i&#8217;<\/em>&nbsp;diye an\u0131lan, her rengin, her \u00e7e\u015fidin ve 8 siyasi partinin milletvekilinin oldu\u011fu bu kentte yakla\u015f\u0131k 15 puan oy art\u0131\u015f\u0131yla y\u00fczde 60&#8217;a varan bir oy ald\u0131k. 10 ki\u015finin 6&#8217;s\u0131n\u0131n oyunu almak uygulad\u0131\u011f\u0131m\u0131z do\u011fru politikalar\u0131n bir sonucudur&#8221;<\/strong>&nbsp;dedi.<\/p>\n\n\n\n<p>Y\u00f6netime geldiklerinde Mersin&#8217;in sosyo ekonomik ve k\u00fclt\u00fcrel yap\u0131s\u0131na bakarak \u00f6ncelikli olarak&nbsp;<strong><em>&#8216;sosyal politikalar&#8217;<\/em><\/strong>&nbsp;dediklerini ifade eden Se\u00e7er, Kad\u0131n ve Aile Hizmetleri, Sosyal Hizmetler, K\u00fclt\u00fcr ve Sosyal \u0130\u015fler, Sa\u011fl\u0131k \u0130\u015fleri ve Tar\u0131msal Hizmetler Dairesi&#8217;nin hizmet ve projelerinin yolunun \u00e7al\u0131\u015ftay\u0131n ana konusu olan kad\u0131n ve aileye \u00e7\u0131kt\u0131\u011f\u0131n\u0131 ifade etti. Uygulamada olan 158 projenin bu dairelerden \u00e7\u0131kt\u0131\u011f\u0131n\u0131 s\u00f6yleyen Se\u00e7er,&nbsp;<strong>&#8220;Bu 5 dairemizin bu y\u0131lki b\u00fct\u00e7esi 914 milyon 520 bin TL. Bu da y\u00fczde 90&#8217;\u0131n \u00fczerinde ger\u00e7ekle\u015fir. Gelecek y\u0131l i\u00e7in y\u00fczde 63,36 art\u0131\u015fla 1 milyar 494 milyon liraya y\u00fckselttik. Direkt aileye, kad\u0131na, \u00e7ocu\u011fa, ya\u015fl\u0131ya, dezavantajl\u0131 gruplara dokunan bu dairelerimiz, projelerini uygulas\u0131n diye yakla\u015f\u0131k olarak 1,5 milyar TL b\u00fct\u00e7eye para koyduk. Oysa Mersin B\u00fcy\u00fck\u015fehir&#8217;in b\u00fct\u00e7esi k\u00fcm\u00fclatif anlamda bir \u00f6nceki y\u0131la g\u00f6re yakla\u015f\u0131k olarak 19 milyar 750 milyondan 30 milyarlara y\u00fckseldi. Yani y\u00fczde 51 art\u0131\u015f olmas\u0131na ra\u011fmen, 2024-2025 tahmini b\u00fct\u00e7eleri aras\u0131nda sosyal politikalarda biraz daha farkl\u0131 davrand\u0131k. \u0130\u015fte bu politikalar her hali ile bir haneye giriyor.&nbsp;<\/strong><strong>Sosyal politikalar\u0131 hayata ge\u00e7iren dairelere verilecek t\u00fcm b\u00fct\u00e7eler helaldir<\/strong><strong>&#8220;<\/strong>&nbsp;diye konu\u015ftu.<\/p>\n\n\n\n<p><strong>&#8220;Kad\u0131n, her yerde olsun&#8221;<\/strong><\/p>\n\n\n\n<p>Se\u00e7er, B\u00fcy\u00fck\u015fehir b\u00fcnyesinde kad\u0131n \u00e7al\u0131\u015fan oran\u0131n\u0131 art\u0131rarak y\u00fczde 18&#8217;den y\u00fczde 25&#8217;e \u00e7\u0131kard\u0131klar\u0131n\u0131 belirterek,&nbsp;<strong>&#8220;Daire ba\u015fkanlar\u0131 i\u00e7erisinde kad\u0131n daire ba\u015fkanlar\u0131n\u0131n oran\u0131 y\u00fczde 22.4, \u015fube m\u00fcd\u00fcrleri i\u00e7erisinde y\u00fczde 35. G\u00f6n\u00fcl \u00e7ok daha fazlas\u0131n\u0131 istiyor. Kad\u0131n; siyasette, \u00e7al\u0131\u015fma hayat\u0131nda, sosyal hayatta ve k\u00fclt\u00fcrel hayatta olsun. Kad\u0131n, her yerde olsun&#8221;<\/strong>&nbsp;ifadelerini kulland\u0131.<\/p>\n\n\n\n<p><strong>&#8220;Ailelere dokunacak projelere imza atmal\u0131s\u0131n\u0131z&#8221;<\/strong><\/p>\n\n\n\n<p>Belediyelerin ailelere dokunacak projelere imza atmas\u0131 gerekti\u011fini dile getiren Se\u00e7er, belediyelerin ailelere dokunacak projelere imza atmas\u0131 gerekti\u011fini dile getiren Se\u00e7er, her aileye dokunulmas\u0131 gerekti\u011fine dikkat \u00e7ekti.<\/p>\n\n\n\n<p><strong>&#8220;Kad\u0131nlar\u0131n yan\u0131nda olmak, onlar\u0131n \u00f6zg\u00fcvenini art\u0131r\u0131r ve ayakta kalmas\u0131n\u0131 sa\u011flar&#8221;<\/strong><\/p>\n\n\n\n<p>Kad\u0131na \u015fiddet, kad\u0131n cinayetleri gibi sorunlar\u0131n bug\u00fcnden yar\u0131na \u00e7\u00f6z\u00fcmlenmesinin m\u00fcmk\u00fcn olmad\u0131\u011f\u0131na dikkat \u00e7eken Se\u00e7er,&nbsp;<strong>&#8220;Ama bu projelerle kad\u0131nlar\u0131n ekonomik \u00f6zg\u00fcrl\u00fc\u011f\u00fcn\u00fc kazanmalar\u0131na yard\u0131mc\u0131 olmak, onlar\u0131n yan\u0131nda olarak, onlarla dost olarak, onlara psikolojik olarak&nbsp;<em>&#8216;Yan\u0131m\u0131zda devletin bir kurumu, belediyemiz, belediyemizin b\u00fcrokrasisi ve ba\u015fkan\u0131m\u0131z var&#8217;<\/em>&nbsp;hissiyat\u0131 vermeniz bile onlar\u0131n bir\u00e7ok \u00fcz\u00fcnt\u00fcl\u00fc olay kar\u015f\u0131s\u0131nda \u00f6zg\u00fcvenini art\u0131r\u0131r ve ayakta kalmas\u0131n\u0131 sa\u011flar&#8221;<\/strong>&nbsp;ifadelerine yer verdi.<\/p>\n\n\n\n<p><strong>&#8220;CHP iktidar\u0131n\u0131n ana ta\u015f\u0131y\u0131c\u0131s\u0131, belediye ba\u015fkanlar\u0131 ve hizmetleridir&#8221;<\/strong><\/p>\n\n\n\n<p>CHP i\u00e7erisinde a\u00e7\u0131\u011fa \u00e7\u0131kmam\u0131\u015f \u00e7ok de\u011ferli kadrolar oldu\u011funu ve bu kadrolar\u0131n de\u011fil T\u00fcrkiye d\u00fcnyay\u0131 y\u00f6netebilecek potansiyele sahip olduklar\u0131n\u0131 da s\u00f6zlerine ekleyen Se\u00e7er, \u015funlar\u0131 kaydetti:<\/p>\n\n\n\n<p><strong>&#8220;Onlar, Toroslar\u0131n tepesinde nadide birer \u00e7i\u00e7ek. Belediyeler olarak halk\u0131n onlar\u0131 ke\u015ffetmesini biz sa\u011flayaca\u011f\u0131z. Se\u00e7im ne zaman olacak bilmiyorum ama \u015funu \u00e7ok net biliyorum; CHP&#8217;nin iktidar\u0131n\u0131n ana ta\u015f\u0131y\u0131c\u0131s\u0131; Belediye Ba\u015fkanlar\u0131, belediye b\u00fcrokrasisi, belediyelerin hizmetleri, belediyelerin halka dokunmas\u0131 olarak bizler olaca\u011f\u0131z.&#8221;<\/strong><\/p>\n\n\n\n<p><strong>Zeybek: &#8220;Mersin, sosyal politikalarda fark\u0131ndal\u0131k yaratm\u0131\u015f bir B\u00fcy\u00fck\u015fehir Belediyesidir&#8221;<\/strong><\/p>\n\n\n\n<p>Konu\u015fmas\u0131na Mersin B\u00fcy\u00fck\u015fehir Belediyesi&#8217;nin sosyal politikalarda fark\u0131ndal\u0131k yaratm\u0131\u015f bir belediye oldu\u011funu belirterek ba\u015flayan&nbsp;CHP Yerel Y\u00f6netimler ve Diren\u00e7li Kentlerden Sorumlu Genel Ba\u015fkan Yard\u0131mc\u0131s\u0131 ve \u0130stanbul Milletvekili G\u00f6kan Zeybek,&nbsp;<strong>&#8220;Y<\/strong><strong>\u00fczde 45 olan oy oran\u0131n\u0131n 5 y\u0131l i\u00e7erisinde y\u00fczde 60&#8217;a \u00e7\u0131k\u0131yor olmas\u0131n\u0131n alt\u0131nda yatan nedenlerin mutlaka konu\u015fulmas\u0131 gerekiyordu ve buradaki ba\u015far\u0131 hik\u00e2yesinin mutlaka di\u011fer belediyelerimize aktar\u0131lmas\u0131na ihtiya\u00e7 vard\u0131&#8221;<\/strong>&nbsp;dedi.<\/p>\n\n\n\n<p><strong>&#8220;Sosyal Politikalar alan\u0131nda, y\u00fczlerce konu ba\u015fl\u0131\u011f\u0131yla ilgili \u00e7al\u0131\u015fma yap\u0131lm\u0131\u015f&#8221;<\/strong><\/p>\n\n\n\n<p>Mersin B\u00fcy\u00fck\u015fehir Belediyesi taraf\u0131ndan \u00f6nceki g\u00fcn a\u00e7\u0131l\u0131\u015f\u0131 yap\u0131lan Sosyal Politikalar Ofisi&#8217;nden s\u00f6z eden Zeybek, &#8220;<strong>\u00d6zellikle kentin yoksul mahallelerinde hayata tutunmaya \u00e7al\u0131\u015fan aileleri g\u00fc\u00e7lendirmek i\u00e7in onlara ba\u015fta e\u011fitim olmak \u00fczere, okuma yazma kurslar\u0131, meslek edindirme kurslar\u0131 gibi sonras\u0131nda da istihdamda \u00f6ncelikli saymak bizim temel politikam\u0131z olmak zorundad\u0131r. D\u00fcn bize yap\u0131lan sunumda Sosyal Politikalar ad\u0131 alt\u0131ndaki konu ba\u015fl\u0131klar\u0131n\u0131 g\u00f6rselde verdiklerinde, y\u00fczlerce konu ba\u015fl\u0131\u011f\u0131yla ilgili \u00e7al\u0131\u015fma yap\u0131ld\u0131\u011f\u0131n\u0131 g\u00f6rd\u00fcm. O nedenle ben bir kez daha Say\u0131n Vahap Se\u00e7er&#8217;in Ba\u015fkanl\u0131\u011f\u0131ndaki Mersin B\u00fcy\u00fck\u015fehir Belediyemizin t\u00fcm \u00e7al\u0131\u015fanlar\u0131na te\u015fekk\u00fcr ediyorum&#8221;<\/strong>&nbsp;diye konu\u015ftu. .<\/p>\n\n\n\n<p><strong>Kaya: &#8220;Demokrasi kad\u0131nlardan ba\u015fl\u0131yor&#8221;<\/strong><\/p>\n\n\n\n<p>Mersin&#8217;in huzurun, g\u00fcvenin ve e\u015fitli\u011fin \u015fehri oldu\u011funu vurgulayarak konu\u015fmas\u0131na ba\u015flayan CHP Kad\u0131n Kollar\u0131 Genel Ba\u015fkan\u0131 ve Osmaniye Milletvekili Asu Kaya, ziyarete geldi\u011fi andan itibaren kendisini huzurlu ve g\u00fcvende hissetti\u011fini vurgulad\u0131. Mersin&#8217;in; Ba\u015fkan Se\u00e7er sayesinde kapsay\u0131c\u0131, e\u015fitlik\u00e7i ve kat\u0131l\u0131mc\u0131 bir demokrasiyle y\u00f6netilmeye ba\u015flad\u0131\u011f\u0131n\u0131 s\u00f6yleyen Kaya,&nbsp;<strong>&#8220;Demokrasi yerelden ba\u015fl\u0131yor, demokrasi mahallelerimizden, k\u0131rsaldan ve en \u00f6nemlisi de kad\u0131nlardan ba\u015fl\u0131yor. Anayasa&#8217;m\u0131z\u0131n ikinci maddesinde de s\u00f6ylendi\u011fi gibi; T\u00fcrkiye Cumhuriyeti insan haklar\u0131na sayg\u0131l\u0131, demokratik, laik ve sosyal bir hukuk devletidir&#8221;<\/strong>&nbsp;dedi. Mersin&#8217;de kad\u0131n istihdam\u0131n\u0131n Ba\u015fkan Se\u00e7er ile art\u0131r\u0131ld\u0131\u011f\u0131n\u0131 hat\u0131rlatan Kaya, Ba\u015fkan Se\u00e7er&#8217;in e\u015fitlik\u00e7i uygulamalar\u0131n\u0131 sahada g\u00f6rd\u00fcklerini ve ba\u015fka belediyelere de \u00f6rnek olmas\u0131 gerekti\u011fini kaydetti.<\/p>\n\n\n\n<p><strong>Karalar: &#8220;Kad\u0131na \u00f6nem veren bir siyasal g\u00f6r\u00fc\u015fe sahip oldu\u011fumuzu pratikle anlatt\u0131k&#8221;<\/strong><\/p>\n\n\n\n<p>Adana B\u00fcy\u00fck\u015fehir Belediye Ba\u015fkan\u0131 Zeydan Karalar ise g\u00fcndemde olan kad\u0131na \u015fiddetin ve yoksullu\u011fun tart\u0131\u015f\u0131ld\u0131\u011f\u0131 toplant\u0131n\u0131n \u00e7ok \u00f6nemli oldu\u011funu vurgulayarak,&nbsp;<strong>&#8220;Bu toplant\u0131lar \u00e7ok \u00f6nemli.<\/strong>&nbsp;<strong>Buradaki ama\u00e7 belediye ba\u015fkanlar\u0131n\u0131n yapt\u0131klar\u0131n\u0131 s\u00f6ylemek de\u011fil. Ama\u00e7; de\u011fi\u015fik uygulamalar\u0131 anlatmak ve bir belediyenin yapmad\u0131\u011f\u0131 uygulamay\u0131 al\u0131p kentine ta\u015f\u0131mas\u0131 ve tan\u0131\u015ft\u0131rmas\u0131. Bu \u00e7ok faydal\u0131. Biz kad\u0131na \u00f6nem veren bir siyasal g\u00f6r\u00fc\u015fe sahip oldu\u011fumuzu s\u00f6ylemle de\u011fil, pratikle anlatt\u0131k<\/strong>&#8221; diyerek CHP&#8217;li belediyelerin sosyal belediyecilik anlam\u0131nda \u00f6rnek g\u00f6sterilen hizmetlerini anlatt\u0131.<\/p>\n\n\n\n<p>Konu\u015fmalar\u0131n ard\u0131ndan; Kad\u0131n ve Aile Hizmetleri Dairesi Ba\u015fkan\u0131 \u015eerife Haso\u011flu Dokucu, Sa\u011fl\u0131k \u0130\u015fleri Dairesi Ba\u015fkan\u0131 H\u00fclya Atila, K\u00fclt\u00fcr ve Sosyal \u0130\u015fler Dairesi Ba\u015fkanl\u0131\u011f\u0131 Koordinat\u00f6r\u00fc, Opera Sanat\u00e7\u0131s\u0131 Bengi \u0130spir \u00d6zd\u00fclger ile Sosyal Hizmetler Dairesi Ba\u015fkan\u0131 Engin Y\u0131ld\u0131r\u0131m, taraf\u0131ndan Mersin B\u00fcy\u00fck\u015fehir Belediyesi&#8217;nin&nbsp;<strong>&#8216;Yerel Y\u00f6netimlerde Kad\u0131n, Sosyal, Sa\u011fl\u0131k ve K\u00fclt\u00fcr Politikalar\u0131&#8217;&nbsp;<\/strong>hakk\u0131nda sunum yap\u0131ld\u0131. \u00c7al\u0131\u015ftay, bas\u0131na kapal\u0131 olarak devam etti.<\/p>\n","protected":false},"excerpt":{"rendered":"<p>Mersin B\u00fcy\u00fck\u015fehir Belediye Ba\u015fkan\u0131 Vahap Se\u00e7er, Cumhuriyet Halk Partisi (CHP) taraf\u0131ndan, Mersin B\u00fcy\u00fck\u015fehir Belediyesi&#8217;nin ev sahipli\u011finde d\u00fczenlenen&nbsp;&#8216;Kad\u0131na Y\u00f6nelik \u015eiddet ve Toplumsal Cinsiyet E\u015fitli\u011fi Ba\u011flam\u0131nda Sosyal Politikalar \u00c7al\u0131\u015ftay\u0131&#8217;n\u0131n a\u00e7\u0131l\u0131\u015f\u0131na kat\u0131l\u0131m sa\u011flad\u0131. CHP&#8217;li b\u00fcy\u00fck\u015fehir ve il belediyelerinden b\u00fcrokratlar\u0131n da kat\u0131l\u0131m sa\u011flad\u0131\u011f\u0131 \u00e7al\u0131\u015ftay\u0131n ana g\u00fcndemini;&nbsp;&#8216;Toplumsal Cinsiyet E\u015fitli\u011fi ve Kad\u0131na Y\u00f6nelik \u015eiddet Konusunda Fark\u0131ndal\u0131k \u00c7al\u0131\u015fmalar\u0131&#8217;&nbsp;olu\u015fturdu. Video g\u00f6sterimi ile ba\u015flayan [&hellip;]<\/p>\n","protected":false},"author":2,"featured_media":36192,"comment_status":"closed","ping_status":"closed","sticky":false,"template":"","format":"standard","meta":{"footnotes":""},"categories":[34,1,2,3],"tags":[],"class_list":["post-36191","post","type-post","status-publish","format-standard","has-post-thumbnail","hentry","category-flas-haber","category-genel","category-gundem","category-manset"],"views":4,"_links":{"self":[{"href":"https:\/\/mersinkadingazetesi.com\/index.php?rest_route=\/wp\/v2\/posts\/36191"}],"collection":[{"href":"https:\/\/mersinkadingazetesi.com\/index.php?rest_route=\/wp\/v2\/posts"}],"about":[{"href":"https:\/\/mersinkadingazetesi.com\/index.php?rest_route=\/wp\/v2\/types\/post"}],"author":[{"embeddable":true,"href":"https:\/\/mersinkadingazetesi.com\/index.php?rest_route=\/wp\/v2\/users\/2"}],"replies":[{"embeddable":true,"href":"https:\/\/mersinkadingazetesi.com\/index.php?rest_route=%2Fwp%2Fv2%2Fcomments&post=36191"}],"version-history":[{"count":1,"href":"https:\/\/mersinkadingazetesi.com\/index.php?rest_route=\/wp\/v2\/posts\/36191\/revisions"}],"predecessor-version":[{"id":36193,"href":"https:\/\/mersinkadingazetesi.com\/index.php?rest_route=\/wp\/v2\/posts\/36191\/revisions\/36193"}],"wp:featuredmedia":[{"embeddable":true,"href":"https:\/\/mersinkadingazetesi.com\/index.php?rest_route=\/wp\/v2\/media\/36192"}],"wp:attachment":[{"href":"https:\/\/mersinkadingazetesi.com\/index.php?rest_route=%2Fwp%2Fv2%2Fmedia&parent=36191"}],"wp:term":[{"taxonomy":"category","embeddable":true,"href":"https:\/\/mersinkadingazetesi.com\/index.php?rest_route=%2Fwp%2Fv2%2Fcategories&post=36191"},{"taxonomy":"post_tag","embeddable":true,"href":"https:\/\/mersinkadingazetesi.com\/index.php?rest_route=%2Fwp%2Fv2%2Ftags&post=36191"}],"curies":[{"name":"wp","href":"https:\/\/api.w.org\/{rel}","templated":true}]}}