{"id":36194,"date":"2024-10-20T09:28:42","date_gmt":"2024-10-20T06:28:42","guid":{"rendered":"https:\/\/mersinkadingazetesi.com\/?p=36194"},"modified":"2024-10-20T09:28:43","modified_gmt":"2024-10-20T06:28:43","slug":"yaptigimiz-her-hizmetin-toplumsal-bir-karsiliginin-olmasini-isteriz","status":"publish","type":"post","link":"https:\/\/mersinkadingazetesi.com\/?p=36194","title":{"rendered":"&#8220;YAPTI\u011eIMIZ HER H\u0130ZMET\u0130N TOPLUMSAL B\u0130R KAR\u015eILI\u011eININ OLMASINI \u0130STER\u0130Z&#8221;"},"content":{"rendered":"\n<p>Cumhuriyet Halk Partisi (CHP) taraf\u0131ndan, Mersin B\u00fcy\u00fck\u015fehir Belediyesi&#8217;nin ev sahipli\u011finde d\u00fczenlenen&nbsp;<strong>&#8216;Kad\u0131na Y\u00f6nelik \u015eiddet ve Toplumsal Cinsiyet E\u015fitli\u011fi Ba\u011flam\u0131nda Sosyal Politikalar \u00c7al\u0131\u015ftay\u0131&#8217;<\/strong>&nbsp;tamamland\u0131. CHP&#8217;li b\u00fcy\u00fck\u015fehir ve il belediyelerinden b\u00fcrokratlar\u0131n da kat\u0131l\u0131m sa\u011flad\u0131\u011f\u0131 \u00e7al\u0131\u015ftay\u0131n ana g\u00fcndemini;&nbsp;<strong><em>&#8216;Toplumsal Cinsiyet E\u015fitli\u011fi ve Kad\u0131na Y\u00f6nelik \u015eiddet Konusunda Fark\u0131ndal\u0131k \u00c7al\u0131\u015fmalar\u0131&#8217;<\/em>&nbsp;<\/strong>olu\u015fturdu.<\/p>\n\n\n\n<p><strong>\u00c7al\u0131\u015ftayda, T\u00fcrkiye&#8217;nin en \u00f6nemli sorun alanlar\u0131 konu\u015fuldu<\/strong><\/p>\n\n\n\n<p>\u00c7al\u0131\u015ftay\u0131n \u00f6\u011fleden sonra yap\u0131lan oturumunun a\u00e7\u0131l\u0131\u015f konu\u015fmalar\u0131n\u0131 CHP Yerel Y\u00f6netimler ve Diren\u00e7li Kentlerden Sorumlu Ba\u015fkan Yard\u0131mc\u0131s\u0131 ve Bilecik Milletvekili Ya\u015far T\u00fcz\u00fcn ile Mersin B\u00fcy\u00fck\u015fehir Belediyesi Genel Sekreter Yard\u0131mc\u0131s\u0131 Serdal G\u00f6kayaz yapt\u0131. \u00c7al\u0131\u015ftayda 3 farkl\u0131 alanda kurulan toplam 6 masada fikir al\u0131\u015fveri\u015fi yap\u0131ld\u0131. Masalar; K\u00fclt\u00fcr Politikalar\u0131, Sosyal Politikalar ve Kad\u0131n Politikalar\u0131 alan\u0131nda \u00e7al\u0131\u015ft\u0131lar.<\/p>\n\n\n\n<p><strong><em>&#8216;Kad\u0131na Y\u00f6nelik \u015eiddet ve Toplumsal Cinsiyet E\u015fitli\u011fi&#8217;<\/em><\/strong>&nbsp;masalar\u0131nda;&nbsp;<strong>&#8216;Toplumsal Cinsiyet Temelli Sorunlar\u0131n Tespiti, Kad\u0131n\u0131n G\u00fc\u00e7lenmesine Y\u00f6nelik Uygulanan \u00c7al\u0131\u015fmalar, Kad\u0131nlara Y\u00f6nelik Destek ve Hizmetler, Kad\u0131n Politikalar\u0131nda Yenilik\u00e7i Yakla\u015f\u0131mlar, Kad\u0131n Politikalar\u0131 Ba\u011flam\u0131nda Kurumsal Kapasitenin G\u00fc\u00e7lenmesi&#8217;<\/strong>&nbsp;konular\u0131 \u00fczerine duruldu.<\/p>\n\n\n\n<p><strong><em>&#8216;Sosyal Politikalar&#8217;&nbsp;<\/em><\/strong>masalar\u0131nda ise<strong>&nbsp;&#8216;Sosyal Politikalar\u0131n Uygulanmas\u0131na Dair Sorunlar\u0131n Tespiti, Sosyal Politikalarda Yenilik\u00e7i Yakla\u015f\u0131mlar, Belediyelerin Sosyal Politikalar Ba\u011flam\u0131nda Kurumsal Kapasitelerinin G\u00fc\u00e7lendirilmesi&#8217;&nbsp;<\/strong>konu ba\u015fl\u0131klar\u0131nda fikir al\u0131\u015fveri\u015fi yap\u0131ld\u0131.<\/p>\n\n\n\n<p><strong><em>&#8216;K\u00fclt\u00fcr Politikalar\u0131&#8217;<\/em><\/strong>&nbsp;ba\u015fl\u0131kl\u0131 masalarda ise&nbsp;<strong>&#8216;K\u00fclt\u00fcr Politikalar\u0131n\u0131n Uygulanmas\u0131na Dair Sorunlar\u0131n Tespiti, K\u00fclt\u00fcr Politikalar\u0131nda Yenilik\u00e7i Yakla\u015f\u0131mlar&nbsp;<\/strong>ve<strong>&nbsp;Belediyelerin K\u00fclt\u00fcr Politikalar\u0131 Ba\u011flam\u0131nda Kurumsal Kapasitelerinin G\u00fc\u00e7lendirilmesi&#8217;&nbsp;<\/strong>konular\u0131na de\u011finildi.<\/p>\n\n\n\n<p>CHP&#8217;li b\u00fcy\u00fck\u015fehir ve il belediyelerinden kat\u0131l\u0131m sa\u011flayan b\u00fcrokratlar, Mersin B\u00fcy\u00fck\u015fehir Belediyesi&#8217;nin b\u00fcrokratlar\u0131 ile beraber iyi \u00f6rnekleri konu\u015fup, \u00e7\u00f6z\u00fcm \u00f6nerileri \u00fczerinde durdular ve uygulanabilecek yenilik\u00e7i ve s\u00fcrd\u00fcr\u00fclebilir modellere ili\u015fkin beyin f\u0131rt\u0131nas\u0131 yapt\u0131lar.&nbsp;\u00c7al\u0131\u015ftayda masalardaki beyin f\u0131rt\u0131nas\u0131n\u0131n ard\u0131ndan&nbsp;<em>&#8216;<strong>Masa Sonu\u00e7 Sunumlar\u0131&#8217;<\/strong><\/em>&nbsp;yap\u0131ld\u0131.<\/p>\n\n\n\n<p><strong>Ba\u015fkan Se\u00e7er: &#8220;Belediye ba\u015fkan\u0131 t\u00fcccar de\u011fil, kamu g\u00f6revi yapan y\u00f6neticidir&#8221;<\/strong><\/p>\n\n\n\n<p>\u00c7al\u0131\u015ftaydaki g\u00f6r\u00fc\u015fmelerin ard\u0131ndan ise Sonu\u00e7 Bildirgesi CHP Yerel Y\u00f6netimler ve Diren\u00e7li Kentlerden Sorumlu Ba\u015fkan Yard\u0131mc\u0131s\u0131 ve Bilecik Milletvekili Ya\u015far T\u00fcz\u00fcn taraf\u0131ndan okundu.<\/p>\n\n\n\n<p>Yapt\u0131\u011f\u0131 kapan\u0131\u015f konu\u015fmas\u0131nda, kad\u0131nlar\u0131n ya\u015fad\u0131\u011f\u0131 \u015fiddet ve toplumsal cinsiyet e\u015fitsizli\u011finin evrensel bir sorun oldu\u011funu ifade eden Ba\u015fkan Se\u00e7er, yoksulluk gibi insana dair konular\u0131 i\u00e7eren sosyal politikalar\u0131n do\u011fumdan ba\u015flayarak \u00f6l\u00fcme kadar ge\u00e7en s\u00fcreci kapsad\u0131\u011f\u0131n\u0131 s\u00f6yledi. Ba\u015fkan Se\u00e7er,&nbsp;<strong>&#8220;Bu s\u00fcre\u00e7ler; sosyal devlet, sosyal belediyecilik anlay\u0131\u015f\u0131 i\u00e7erisinde vatanda\u015flar\u0131m\u0131zla i\u00e7 i\u00e7e olma f\u0131rsat\u0131 veriyor&#8221;<\/strong>&nbsp;dedi. Bir kurumu temsil ettiklerini ancak ayn\u0131 zamanda siyasi birer fig\u00fcr de olduklar\u0131n\u0131 s\u00f6yleyen Se\u00e7er,&nbsp;<strong>&#8220;Bizim oturdu\u011fumuz makamlar siyasi makamlard\u0131r. Yapt\u0131\u011f\u0131m\u0131z her hizmetin toplumsal bir kar\u015f\u0131l\u0131\u011f\u0131n\u0131n olmas\u0131n\u0131 isteriz. E\u011fer t\u00fcccar olsayd\u0131k, bir kar amac\u0131 g\u00fctseydik yapt\u0131\u011f\u0131m\u0131z i\u015flerden en maksimum kar\u0131 elde etme \u00e7abas\u0131 i\u00e7erisinde olurduk. Oysa belediye ba\u015fkan\u0131 t\u00fcccar de\u011fil, kamu g\u00f6revi yapan ama siyasi bir makam\u0131 i\u015fgal eden y\u00f6neticilerdir&#8221;<\/strong>&nbsp;diye konu\u015ftu.<\/p>\n\n\n\n<p><strong>&#8220;Biz iktidar olmak istiyoruz&#8221;<\/strong><\/p>\n\n\n\n<p>Belediye ba\u015fkanlar\u0131n\u0131n halk taraf\u0131ndan se\u00e7ildi\u011fini ancak g\u00fcn\u00fcm\u00fczde keyfi kararlarla g\u00f6revden al\u0131nabildiklerine vurgu yapan Se\u00e7er \u015funlar\u0131 s\u00f6yledi:<\/p>\n\n\n\n<p><strong>&#8220;Burada vermek istedi\u011fim mesaj \u015fudur: Biz iktidar olmak istiyoruz. Bu yapt\u0131klar\u0131m\u0131z\u0131n bir kar\u015f\u0131l\u0131\u011f\u0131 olmal\u0131. Bizim belediyeler olarak, belediye ba\u015fkanlar\u0131 olarak yapt\u0131klar\u0131m\u0131z sadece ba\u015fkanlara oy olarak yans\u0131rsa partim a\u00e7\u0131s\u0131ndan hi\u00e7bir k\u0131ymeti harbiyesi yoktur.&nbsp;<em>&#8216;Vahap Se\u00e7er belediyecili\u011fi&#8217;<\/em>&nbsp;ya da&nbsp;<em>&#8216;Zeydan Karalar belediyecili\u011fi&#8217;<\/em>&nbsp;yoktur, olmamal\u0131d\u0131r.&nbsp;<em>&#8216;Olsa olsa Cumhuriyet Halk Partisi&#8217;nin belediyecilik anlay\u0131\u015f\u0131&#8217;<\/em>&nbsp;vard\u0131r; yani CHP belediyecili\u011fi. E\u011fer bu b\u00f6yle olursa iktidar olur. E\u011fer \u015fahsa matuf belediyecilik reklam olarak \u00f6ne \u00e7\u0131kart\u0131l\u0131rsa o zaman CHP bu \u00e7al\u0131\u015fmalardan hi\u00e7bir siyasi kazan\u0131m elde etmez. B\u00f6yle gelmi\u015f b\u00f6yle gider. Oysa bizim \u00fclkemize borcumuz var. \u00dclkemizi girdi\u011fi bu buhranl\u0131 s\u00fcre\u00e7ten \u00e7\u0131kartmak istiyoruz ama bunu partimiz arac\u0131l\u0131\u011f\u0131yla yapaca\u011f\u0131z.&#8221;<\/strong><\/p>\n\n\n\n<p><strong>&#8220;\u015eahsi belediyecilik yoktur, parti belediyecili\u011fi vard\u0131r&#8221;<\/strong><\/p>\n\n\n\n<p>CHP&#8217;nin y\u00f6netim kadrolar\u0131n\u0131n toplumun t\u00fcm kesimlerine parti politikalar\u0131n\u0131 b\u0131kmadan ve usanmadan anlatmas\u0131 gerekti\u011finin alt\u0131n\u0131 \u00e7izen Se\u00e7er,&nbsp;<strong>&#8220;Partimizin ba\u015far\u0131s\u0131 hepimizin ba\u015far\u0131s\u0131 olacakt\u0131r. \u015eahsi belediyecilik yoktur, parti belediyecili\u011fi vard\u0131r. CHP bunu \u00f6ne \u00e7\u0131karmal\u0131d\u0131r. E\u011fer bug\u00fcne kadar CHP&#8217;ye oy vermemi\u015f insanlar\u0131n ilgisini \u00e7ekmek istiyorsak, bunu tetikleyecek en \u00f6nemli unsur, bana g\u00f6re sosyal politikalard\u0131r&#8221;<\/strong>&nbsp;dedi.<\/p>\n\n\n\n<p><strong>&#8220;Ekonomik sorunlar ve yoksulluk derinle\u015ferek devam edecek&#8221;<\/strong><\/p>\n\n\n\n<p>G\u00fcn\u00fcm\u00fcz T\u00fcrkiye&#8217;sinde ya\u015fanan ekonomik sorunlar\u0131n ve buna ba\u011fl\u0131 olarak yoksullu\u011fun derinle\u015ferek devam edece\u011fi \u00f6ng\u00f6r\u00fcs\u00fcnde bulunan Se\u00e7er,&nbsp;<strong>&#8220;Arzu etmezdik ama bu da bize sosyal politikalar uygulamalar\u0131nda \u00e7ok m\u00fcmbit bir alan yaratacak. Yeni g\u00f6reve gelmi\u015f arkada\u015flar\u0131m\u0131z\u0131n bu tespitlere ve uyar\u0131lara ihtiyac\u0131 var. B\u00fct\u00e7e harcamalar\u0131nda sosyal politikalara a\u011f\u0131rl\u0131k versinler&#8221;<\/strong>&nbsp;diye konu\u015ftu.<\/p>\n\n\n\n<p>Konu\u015fmas\u0131n\u0131n sonunda ger\u00e7ekle\u015ftirilen \u00e7al\u0131\u015ftaya ev sahipli\u011fi yapman\u0131n mutlulu\u011funu ya\u015fad\u0131\u011f\u0131n\u0131 belirten Se\u00e7er s\u00f6zlerini&nbsp;<strong>&#8220;E\u011fer burada birbirimize yararl\u0131 olabildiysek, fikir al\u0131\u015fveri\u015finde bulunabildiysek \u00e7ok b\u00fcy\u00fck i\u015f yapt\u0131k. Bunun parasal kar\u015f\u0131l\u0131\u011f\u0131 yok. Bilgi parayla \u00f6l\u00e7\u00fclmez; emek, zaman ve birikim ister, \u00e7ok de\u011ferlidir&#8221;<\/strong>&nbsp;diyerek tamamlad\u0131.<\/p>\n\n\n\n<p><strong>T\u00fcz\u00fcn: &#8220;Amac\u0131m\u0131z, Mersin B\u00fcy\u00fck\u015fehir&#8217;in di\u011fer kentlerde uygulanabilir projelerini aktarmak&#8221;<\/strong><\/p>\n\n\n\n<p>CHP Yerel Y\u00f6netimler ve Diren\u00e7li Kentlerden Sorumlu Ba\u015fkan Yard\u0131mc\u0131s\u0131 ve Bilecik Milletvekili Ya\u015far T\u00fcz\u00fcn, farkl\u0131 belediyelerin uygulanabilir \u00f6rnekleri almas\u0131 a\u00e7\u0131s\u0131ndan \u00e7al\u0131\u015ftay\u0131n \u00f6nemli oldu\u011funu s\u00f6yleyerek,&nbsp;<strong>&#8220;Buradaki temel gayemiz ve amac\u0131m\u0131z Mersin B\u00fcy\u00fck\u015fehir Belediyesi&#8217;nin yapt\u0131\u011f\u0131 hizmetlerin di\u011fer kentlerde uygulanabilir olanlar\u0131n\u0131 sizlere aktarmak&#8221;<\/strong>&nbsp;dedi. T\u00fcz\u00fcn, yerel y\u00f6netimlerdeki ba\u015far\u0131lar\u0131n\u0131n \u00e7ok \u00f6nemli oldu\u011funu ve bunu genel se\u00e7imlerde ta\u00e7land\u0131rmak istediklerinin alt\u0131n\u0131 \u00e7izerek,&nbsp;<strong>&#8220;31 Mart&#8217;taki y\u00fczde 38&#8217;lik oyumuzu yap\u0131lacak ilk se\u00e7imlerde en az y\u00fczde 50&#8217;nin \u00fczerine \u00e7\u0131kartarak T\u00fcrkiye&#8217;yi y\u00f6netmek istiyoruz&#8221;<\/strong>&nbsp;diye konu\u015ftu<\/p>\n\n\n\n<p>G\u00f6kayaz: &#8220;Toplumun her kesimini kapsay\u0131c\u0131 pek \u00e7ok uygulamay\u0131 hayata ge\u00e7irdik&#8221;<\/p>\n\n\n\n<p>Mersin B\u00fcy\u00fck\u015fehir Belediyesi Genel Sekreter Yard\u0131mc\u0131s\u0131 Serdal G\u00f6kayaz yapt\u0131\u011f\u0131 konu\u015fmada, Mersin B\u00fcy\u00fck\u015fehir olarak kad\u0131nlar\u0131n toplumsal hayatta hak ettikleri yere gelmeleri, haklar\u0131 ve e\u015fitlikleri i\u00e7in ger\u00e7ekle\u015ftirdikleri \u00e7al\u0131\u015fmalar\u0131 azimle s\u00fcrd\u00fcreceklerini dile getirdi. G\u00f6kayaz,&nbsp;<strong>&#8220;Sosyal ve ekonomik problemleri g\u00f6z \u00f6n\u00fcnde bulundurarak; kalk\u0131nmaya duyarl\u0131, kat\u0131l\u0131mc\u0131 ve s\u00fcrd\u00fcr\u00fclebilir bir sosyal belediyecilik anlay\u0131\u015f\u0131yla; kad\u0131nlar, \u00e7ocuklar, g\u00f6\u00e7menler, ya\u015f alm\u0131\u015flar, \u00f6zel gereksinimli bireyler gibi toplumun her kesimini kapsay\u0131c\u0131 pek \u00e7ok uygulamay\u0131 hayata ge\u00e7irdik&#8221;<\/strong>&nbsp;diye konu\u015ftu.<\/p>\n\n\n\n<p>Mersin B\u00fcy\u00fck\u015fehir Belediyesi olarak Ba\u015fkan Se\u00e7er&#8217;in \u00f6nc\u00fcl\u00fc\u011f\u00fcnde, sadece fiziksel de\u011fil, toplumsal altyap\u0131y\u0131 da g\u00fc\u00e7lendiren bir yakla\u015f\u0131mla hizmetler \u00fcrettiklerini aktaran G\u00f6kayaz,&nbsp;<strong>&#8220;Daha adil ve ya\u015fanabilir bir Mersin i\u00e7in kapsay\u0131c\u0131 sosyal politikalar geli\u015ftirmek, vatanda\u015flar\u0131n \u00fcretime ve istihdama kat\u0131lmas\u0131n\u0131 sa\u011flamak, ya\u015fam ko\u015fullar\u0131n\u0131 iyile\u015ftirmek ve gelir adaletsizli\u011finden kaynaklanan e\u015fitsizli\u011fi ortadan kald\u0131rmak i\u00e7in var g\u00fcc\u00fcm\u00fczle \u00e7al\u0131\u015fmay\u0131 s\u00fcrd\u00fcrece\u011fiz&#8221;<\/strong>&nbsp;ifadelerini kulland\u0131.<\/p>\n\n\n\n<p><\/p>\n\n\n\n<p><\/p>\n","protected":false},"excerpt":{"rendered":"<p>Cumhuriyet Halk Partisi (CHP) taraf\u0131ndan, Mersin B\u00fcy\u00fck\u015fehir Belediyesi&#8217;nin ev sahipli\u011finde d\u00fczenlenen&nbsp;&#8216;Kad\u0131na Y\u00f6nelik \u015eiddet ve Toplumsal Cinsiyet E\u015fitli\u011fi Ba\u011flam\u0131nda Sosyal Politikalar \u00c7al\u0131\u015ftay\u0131&#8217;&nbsp;tamamland\u0131. CHP&#8217;li b\u00fcy\u00fck\u015fehir ve il belediyelerinden b\u00fcrokratlar\u0131n da kat\u0131l\u0131m sa\u011flad\u0131\u011f\u0131 \u00e7al\u0131\u015ftay\u0131n ana g\u00fcndemini;&nbsp;&#8216;Toplumsal Cinsiyet E\u015fitli\u011fi ve Kad\u0131na Y\u00f6nelik \u015eiddet Konusunda Fark\u0131ndal\u0131k \u00c7al\u0131\u015fmalar\u0131&#8217;&nbsp;olu\u015fturdu. \u00c7al\u0131\u015ftayda, T\u00fcrkiye&#8217;nin en \u00f6nemli sorun alanlar\u0131 konu\u015fuldu \u00c7al\u0131\u015ftay\u0131n \u00f6\u011fleden sonra yap\u0131lan oturumunun a\u00e7\u0131l\u0131\u015f [&hellip;]<\/p>\n","protected":false},"author":2,"featured_media":36195,"comment_status":"closed","ping_status":"closed","sticky":false,"template":"","format":"standard","meta":{"footnotes":""},"categories":[1],"tags":[],"class_list":["post-36194","post","type-post","status-publish","format-standard","has-post-thumbnail","hentry","category-genel"],"views":4,"_links":{"self":[{"href":"https:\/\/mersinkadingazetesi.com\/index.php?rest_route=\/wp\/v2\/posts\/36194"}],"collection":[{"href":"https:\/\/mersinkadingazetesi.com\/index.php?rest_route=\/wp\/v2\/posts"}],"about":[{"href":"https:\/\/mersinkadingazetesi.com\/index.php?rest_route=\/wp\/v2\/types\/post"}],"author":[{"embeddable":true,"href":"https:\/\/mersinkadingazetesi.com\/index.php?rest_route=\/wp\/v2\/users\/2"}],"replies":[{"embeddable":true,"href":"https:\/\/mersinkadingazetesi.com\/index.php?rest_route=%2Fwp%2Fv2%2Fcomments&post=36194"}],"version-history":[{"count":1,"href":"https:\/\/mersinkadingazetesi.com\/index.php?rest_route=\/wp\/v2\/posts\/36194\/revisions"}],"predecessor-version":[{"id":36196,"href":"https:\/\/mersinkadingazetesi.com\/index.php?rest_route=\/wp\/v2\/posts\/36194\/revisions\/36196"}],"wp:featuredmedia":[{"embeddable":true,"href":"https:\/\/mersinkadingazetesi.com\/index.php?rest_route=\/wp\/v2\/media\/36195"}],"wp:attachment":[{"href":"https:\/\/mersinkadingazetesi.com\/index.php?rest_route=%2Fwp%2Fv2%2Fmedia&parent=36194"}],"wp:term":[{"taxonomy":"category","embeddable":true,"href":"https:\/\/mersinkadingazetesi.com\/index.php?rest_route=%2Fwp%2Fv2%2Fcategories&post=36194"},{"taxonomy":"post_tag","embeddable":true,"href":"https:\/\/mersinkadingazetesi.com\/index.php?rest_route=%2Fwp%2Fv2%2Ftags&post=36194"}],"curies":[{"name":"wp","href":"https:\/\/api.w.org\/{rel}","templated":true}]}}