{"id":36197,"date":"2024-10-20T09:30:18","date_gmt":"2024-10-20T06:30:18","guid":{"rendered":"https:\/\/mersinkadingazetesi.com\/?p=36197"},"modified":"2024-10-20T09:30:18","modified_gmt":"2024-10-20T06:30:18","slug":"toroslarin-2025-butcesi-2-milyar-220-milyon-570-bin-tl","status":"publish","type":"post","link":"https:\/\/mersinkadingazetesi.com\/?p=36197","title":{"rendered":"TOROSLAR&#8217;IN 2025 B\u00dcT\u00c7ES\u0130 2 M\u0130LYAR 220 M\u0130LYON 570 B\u0130N TL"},"content":{"rendered":"\n<p>Toroslar Belediyesinin 2025 y\u0131l\u0131 b\u00fct\u00e7esi 2 milyar 220 milyon 570 bin TL olarak belirlendi. 2025 b\u00fct\u00e7esi meclisten oybirli\u011fiyle ge\u00e7ti. Belediye meclisi \u00fcyelerine katk\u0131lar\u0131ndan dolay\u0131 te\u015fekk\u00fcr eden Ba\u015fkan Abdurrahman Y\u0131ld\u0131z, &#8220;Halk\u0131m\u0131z\u0131n a\u011f\u0131z tad\u0131yla 2025 y\u0131l\u0131nda bu b\u00fct\u00e7eyi harcamas\u0131n\u0131 diliyorum&#8221; dedi.<\/p>\n\n\n\n<p>Toroslar Belediye Meclisi Ekim Ay\u0131 Ola\u011fan Toplant\u0131s\u0131 3. Birle\u015fimi, belediye ba\u015fkan\u0131 Abdurrahman Y\u0131ld\u0131z&#8217;\u0131n y\u00f6netiminde yap\u0131ld\u0131.<\/p>\n\n\n\n<p>Belediye meclisi toplant\u0131s\u0131n\u0131n en \u00f6nemli g\u00fcndem maddesi belediyenin 2025 y\u0131l\u0131 gelir gider b\u00fct\u00e7esiydi. Toplant\u0131da, b\u00fct\u00e7e kalemleri tek tek okunarak oyland\u0131.<\/p>\n\n\n\n<p>Belediye meclisinin oybirli\u011fiyle kabul etti\u011fi toplam b\u00fct\u00e7e planlamas\u0131na g\u00f6re Toroslar Belediyesinin 2025 y\u0131l\u0131 tahmini b\u00fct\u00e7esi 2 milyar 220 milyon 570 bin TL olarak belirlendi.<\/p>\n\n\n\n<p>Belediyenin gelir b\u00fct\u00e7esi 2 milyar 61 milyon 130 bin TL olarak \u00f6ng\u00f6r\u00fcl\u00fcrken finansman b\u00fct\u00e7esi ise 159 milyon 440 bin TL olarak denklik sa\u011flanarak kabul edildi.<\/p>\n\n\n\n<p><strong>&#8220;A\u011eIZ TADIYLA HARCANMASINI D\u0130L\u0130YORUM&#8221;<\/strong><\/p>\n\n\n\n<p>B\u00fct\u00e7enin oybirli\u011fiyle kabul edilmesinin ard\u0131ndan meclis \u00fcyelerine te\u015fekk\u00fcr eden Toroslar Belediye Ba\u015fkan\u0131 Abdurrahman Y\u0131ld\u0131z, &#8220;Ben \u00f6ncelikle komisyonda \u00e7al\u0131\u015farak i\u015fi bu hale getiren komisyon \u00fcyesi arkada\u015flar\u0131ma, burada emekleriyle destek veren belediye meclis \u00fcyesi arkada\u015flar\u0131ma ve bu raporun bu \u00e7al\u0131\u015fman\u0131n ham halinden bu hale gelmesini sa\u011flayan ve ciddi emekler sarf eden ba\u015fta mali i\u015fler m\u00fcd\u00fcrl\u00fc\u011f\u00fcm\u00fcz ve b\u00fct\u00fcn m\u00fcd\u00fcrl\u00fcklerimize te\u015fekk\u00fcr etmek istiyorum. 2025 y\u0131l\u0131 b\u00fct\u00e7emizin Toroslar halk\u0131na hay\u0131rl\u0131 u\u011furlu olmas\u0131n\u0131 diliyorum. Toroslar halk\u0131 i\u00e7in ger\u00e7ekten ciddi hizmetlerin yap\u0131laca\u011f\u0131 bir b\u00fct\u00e7e olmas\u0131n\u0131 diliyorum. Halk\u0131m\u0131z\u0131n a\u011f\u0131z tad\u0131yla 2025 y\u0131l\u0131nda bu b\u00fct\u00e7eyi harcamas\u0131n\u0131 diliyorum ve hepinize bir kez daha te\u015fekk\u00fcr ediyorum. Hay\u0131rl\u0131 u\u011furlu olsun&#8221; dedi.<\/p>\n\n\n\n<p><strong>&#8220;E\u011e\u0130T\u0130M YARDIMI BA\u015eVURULARI ONL\u0130NE YAPILAB\u0130LECEK&#8221;<\/strong><\/p>\n\n\n\n<p>Toroslar Belediye Ba\u015fkan\u0131 Abdurrahman Y\u0131ld\u0131z, belediye meclisi toplant\u0131s\u0131nda, belediyenin \u00fcniversite kazanan \u00f6\u011frencilere verece\u011fi e\u011fitim yard\u0131m\u0131yla ilgili a\u00e7\u0131klamalarda da bulundu.<\/p>\n\n\n\n<p>E\u011fitim yard\u0131m\u0131 ba\u015fvurular\u0131n\u0131n 21 Ekim&#8217;de ba\u015flayaca\u011f\u0131n\u0131 kaydeden Y\u0131ld\u0131z, &#8220;Tabi \u00f6\u011frencilerimizin \u00f6nemli bir k\u0131sm\u0131 \u015fehir d\u0131\u015f\u0131nda okuduklar\u0131 i\u00e7in okuduklar\u0131 memleketlere gidip kay\u0131tlar\u0131n\u0131 yapt\u0131rd\u0131lar, yerle\u015ftiler. Dolay\u0131s\u0131yla bizim kay\u0131tlar\u0131m\u0131z, ayn\u0131 zamanda online bir \u015fekilde internet \u00fczerinden yap\u0131lacak. Pazartesi g\u00fcn\u00fc bunun tesisatlar\u0131 kuruluyor, Bilgi \u0130\u015flem Merkezimiz Yunus Emre K\u00fclt\u00fcr Merkezinin i\u00e7erisine bununla ilgili bir \u00e7al\u0131\u015fma yap\u0131yor, oraya yerle\u015ftirdik.&nbsp;&nbsp;\u00d6\u011frenciler online olarak ba\u015fvurduktan sonra istedi\u011fimiz evraklar\u0131 aileleri getirebilir. Zaten bu e\u011fitim yard\u0131m\u0131n\u0131 alman\u0131n birinci ko\u015fulu da son 6 ay i\u00e7erisinde Toroslar&#8217;da ya\u015f\u0131yor olmak. Dolay\u0131s\u0131yla \u00f6\u011frencilerimizi bulunduklar\u0131 noktadan Mersin&#8217;e getirmek yerine online ba\u015fvurunun ard\u0131ndan, evraklar\u0131n\u0131n aileleri taraf\u0131ndan bize ula\u015ft\u0131r\u0131lmas\u0131 e\u011fitim yard\u0131m\u0131n\u0131 almalar\u0131 i\u00e7in yeterli&#8221; dedi.<\/p>\n\n\n\n<p><strong>&#8220;\u00c7A\u011eRI MERKEZ\u0130M\u0130Z\u0130 KULLANIN&#8221;<\/strong><\/p>\n\n\n\n<p>444 41 33 numaral\u0131 \u00e7a\u011fr\u0131 merkezini hizmete ald\u0131klar\u0131n\u0131 da ifade eden Y\u0131ld\u0131z \u015funlar\u0131 s\u00f6yledi: &#8220;Hem\u015fehrilerimiz bu telefonu arayarak taleplerini, isteklerini ve \u015fikayetlerini bildirebilirler. Yurtta\u015flar\u0131m\u0131z herhangi bir bildirim yapt\u0131klar\u0131 andan itibaren hemen iki dakika i\u00e7erisinde yap\u0131lan bildirim ilgili birim amirine, ilgili birim amirinin ba\u011fl\u0131 oldu\u011fu ba\u015fkan yard\u0131mc\u0131s\u0131na ve belediye ba\u015fkan\u0131n\u0131n bilgisayar\u0131na d\u00fc\u015fecek ve takibi yap\u0131lacak. Dolay\u0131s\u0131yla ben bireysel olarak bu i\u015fe \u00e7ok \u00f6nem veriyorum. Takibini de kendim bire bir yapaca\u011f\u0131m. Bundan sonra yurtta\u015flar\u0131m\u0131z\u0131n belediye i\u00e7erisinden bir meclis \u00fcyesi, bir b\u00fcrokrat, bir m\u00fcd\u00fcr, bir belediye ba\u015fkan\u0131 aramas\u0131na gerek kalmayacak. Direk bu telefon numaras\u0131ndan bildirimlerini yapt\u0131klar\u0131 andan itibaren hem belediye ba\u015fkan\u0131na hem belediye ba\u015fkan yard\u0131mc\u0131lar\u0131na hem ilgili birim m\u00fcd\u00fcr\u00fcne taleplerini otomatik olarak iletmi\u015f olacaklar. Dolay\u0131s\u0131yla bu 444 41 33 numaral\u0131 telefonun yayg\u0131n bir \u015fekilde kullan\u0131lmas\u0131n\u0131 sizlerin de telkiniyle sa\u011flamam\u0131z i\u015flerin takibi konusunda, belediyede yap\u0131lan i\u015f ve i\u015flemlerin denetimi konusunda da \u00e7ok \u00f6nemli bir ara\u00e7 olaca\u011f\u0131 kanaatindeyim ben. Dolay\u0131s\u0131yla bunu belediye meclis \u00fcyelerimiz de birim m\u00fcd\u00fcr ve amirlerimiz de yayg\u0131n bir \u015fekilde Toroslar halk\u0131na duyururlarsa ve art\u0131k buradan i\u015flem yap\u0131lmas\u0131n\u0131 sa\u011flarlarsa daha derli bir i\u015f yapm\u0131\u015f olaca\u011f\u0131z.&#8221;<\/p>\n","protected":false},"excerpt":{"rendered":"<p>Toroslar Belediyesinin 2025 y\u0131l\u0131 b\u00fct\u00e7esi 2 milyar 220 milyon 570 bin TL olarak belirlendi. 2025 b\u00fct\u00e7esi meclisten oybirli\u011fiyle ge\u00e7ti. Belediye meclisi \u00fcyelerine katk\u0131lar\u0131ndan dolay\u0131 te\u015fekk\u00fcr eden Ba\u015fkan Abdurrahman Y\u0131ld\u0131z, &#8220;Halk\u0131m\u0131z\u0131n a\u011f\u0131z tad\u0131yla 2025 y\u0131l\u0131nda bu b\u00fct\u00e7eyi harcamas\u0131n\u0131 diliyorum&#8221; dedi. Toroslar Belediye Meclisi Ekim Ay\u0131 Ola\u011fan Toplant\u0131s\u0131 3. Birle\u015fimi, belediye ba\u015fkan\u0131 Abdurrahman Y\u0131ld\u0131z&#8217;\u0131n y\u00f6netiminde yap\u0131ld\u0131. Belediye [&hellip;]<\/p>\n","protected":false},"author":2,"featured_media":36198,"comment_status":"closed","ping_status":"closed","sticky":false,"template":"","format":"standard","meta":{"footnotes":""},"categories":[8,34,3,5],"tags":[],"class_list":["post-36197","post","type-post","status-publish","format-standard","has-post-thumbnail","hentry","category-ekonomi","category-flas-haber","category-manset","category-mersin"],"views":3,"_links":{"self":[{"href":"https:\/\/mersinkadingazetesi.com\/index.php?rest_route=\/wp\/v2\/posts\/36197"}],"collection":[{"href":"https:\/\/mersinkadingazetesi.com\/index.php?rest_route=\/wp\/v2\/posts"}],"about":[{"href":"https:\/\/mersinkadingazetesi.com\/index.php?rest_route=\/wp\/v2\/types\/post"}],"author":[{"embeddable":true,"href":"https:\/\/mersinkadingazetesi.com\/index.php?rest_route=\/wp\/v2\/users\/2"}],"replies":[{"embeddable":true,"href":"https:\/\/mersinkadingazetesi.com\/index.php?rest_route=%2Fwp%2Fv2%2Fcomments&post=36197"}],"version-history":[{"count":1,"href":"https:\/\/mersinkadingazetesi.com\/index.php?rest_route=\/wp\/v2\/posts\/36197\/revisions"}],"predecessor-version":[{"id":36199,"href":"https:\/\/mersinkadingazetesi.com\/index.php?rest_route=\/wp\/v2\/posts\/36197\/revisions\/36199"}],"wp:featuredmedia":[{"embeddable":true,"href":"https:\/\/mersinkadingazetesi.com\/index.php?rest_route=\/wp\/v2\/media\/36198"}],"wp:attachment":[{"href":"https:\/\/mersinkadingazetesi.com\/index.php?rest_route=%2Fwp%2Fv2%2Fmedia&parent=36197"}],"wp:term":[{"taxonomy":"category","embeddable":true,"href":"https:\/\/mersinkadingazetesi.com\/index.php?rest_route=%2Fwp%2Fv2%2Fcategories&post=36197"},{"taxonomy":"post_tag","embeddable":true,"href":"https:\/\/mersinkadingazetesi.com\/index.php?rest_route=%2Fwp%2Fv2%2Ftags&post=36197"}],"curies":[{"name":"wp","href":"https:\/\/api.w.org\/{rel}","templated":true}]}}