{"id":36200,"date":"2024-10-20T09:31:28","date_gmt":"2024-10-20T06:31:28","guid":{"rendered":"https:\/\/mersinkadingazetesi.com\/?p=36200"},"modified":"2024-10-20T09:31:28","modified_gmt":"2024-10-20T06:31:28","slug":"kariyer-merkezinden-lise-ogrencilerine-destek","status":"publish","type":"post","link":"https:\/\/mersinkadingazetesi.com\/?p=36200","title":{"rendered":"KAR\u0130YER MERKEZ\u0130&#8217;NDEN L\u0130SE \u00d6\u011eRENC\u0130LER\u0130NE DESTEK"},"content":{"rendered":"\n<p>Mersin B\u00fcy\u00fck\u015fehir Belediyesi Kariyer Merkezi, gelece\u011fin i\u015f g\u00fcc\u00fcn\u00fc olu\u015fturacak olan \u00f6\u011frencilere y\u00f6nelik \u00e7al\u0131\u015fmalar\u0131n\u0131 s\u00fcrd\u00fcr\u00fcyor. Bu kapsamda; \u00f6\u011frencilerin meslek se\u00e7imlerine, kariyer planlamalar\u0131na ve istihdam edilebilirliklerine katk\u0131 sa\u011flamak amac\u0131yla \u00e7e\u015fitli hizmetler sunmak ad\u0131na \u00f6nemli toplant\u0131lar ger\u00e7ekle\u015ftiren Kariyer Merkezi, son olarak \u015eevket Pozcu K\u0131z Mesleki ve Teknik Anadolu Lisesi ile i\u015f birli\u011fi i\u00e7in bir araya geldi.<\/p>\n\n\n\n<p><strong>\u00d6\u011frencilerin Gelece\u011fine Yat\u0131r\u0131m: Kariyer Merkezi Deste\u011fi<\/strong><\/p>\n\n\n\n<p>B\u00fcy\u00fck\u015fehir Belediyesi Kariyer Merkezi olarak \u00f6\u011frencilere y\u00f6nelik,&nbsp;<strong>&#8216;Kariyer Planlama, \u0130\u015f Arama Becerileri, LinkedIn Kullan\u0131m\u0131, \u00d6zge\u00e7mi\u015f Haz\u0131rlama ve M\u00fclakat Teknikleri&#8217;<\/strong>&nbsp;gibi \u00f6nemli konularda e\u011fitimler veriliyor; mesleki geli\u015fimlerine destek olacak&nbsp;teknik geziler,&nbsp;network etkinlikleri,&nbsp;kariyer g\u00fcnleri&nbsp;ve&nbsp;profesyonel y\u00f6neticilerle tan\u0131\u015fma f\u0131rsatlar\u0131&nbsp;gibi bir\u00e7ok program d\u00fczenleniyor. Kariyer Merkezi bu \u00e7al\u0131\u015fmalar\u0131yla gen\u00e7lerin do\u011fru meslek se\u00e7imleri yaparak, geleceklerine sa\u011flam ad\u0131mlarla ilerlemelerini desteklemeyi ama\u00e7l\u0131yor.<\/p>\n\n\n\n<p>Bu ama\u00e7 do\u011frultusunda; \u015eevket Pozcu K\u0131z Mesleki ve Teknik Anadolu Lisesi ile i\u015f birli\u011fi ger\u00e7ekle\u015ftirmek \u00fczere bir araya gelen Kariyer Merkezi&#8217;nin ger\u00e7ekle\u015ftirdi\u011fi toplant\u0131ya, Pazarlama ve Perakende Alan \u015eefi \u00d6zlem Ak\u0131n, alan \u00f6\u011fretmenleri Kadir \u00c7elik ile Umut Kesici de kat\u0131ld\u0131. G\u00f6r\u00fc\u015fme kapsam\u0131nda lise \u00f6\u011frencilerine kariyer geli\u015fimleriyle ilgili seminerler, at\u00f6lyeler ve \u00e7e\u015fitli etkinlikler d\u00fczenlenmesi konusunda i\u015f birli\u011fi yap\u0131lmas\u0131 kararla\u015ft\u0131r\u0131ld\u0131.<\/p>\n\n\n\n<p>Mersin B\u00fcy\u00fck\u015fehir Belediyesi Kariyer Merkezi M\u00fcd\u00fcr\u00fc Serkan \u00d6zada, Kariyer Merkezi olarak gen\u00e7lerin do\u011fru meslek se\u00e7imleri yaparak kendi potansiyellerini ke\u015ffetmelerini ve i\u015f d\u00fcnyas\u0131n\u0131n taleplerine uygun niteliklere sahip olmalar\u0131n\u0131 hedeflediklerini s\u00f6yledi. Bu do\u011frultuda, \u00f6\u011frencilerin e\u011fitim hayatlar\u0131n\u0131 \u015fekillendirirken onlara rehberlik ettiklerini ve kariyer yolculuklar\u0131nda yanlar\u0131nda olduklar\u0131n\u0131 ifade eden \u00d6zada, \u015eevket Pozcu K\u0131z Mesleki ve Teknik Anadolu Lisesi ile ger\u00e7ekle\u015ftirilecek bu i\u015f birli\u011fi sayesinde, \u00f6\u011frencilerin kariyer hedeflerini netle\u015ftirerek i\u015f d\u00fcnyas\u0131n\u0131n beklentilerine uygun donan\u0131mlara sahip olmalar\u0131 konusunda fark\u0131ndal\u0131k yaratmak istediklerini kaydetti.<\/p>\n","protected":false},"excerpt":{"rendered":"<p>Mersin B\u00fcy\u00fck\u015fehir Belediyesi Kariyer Merkezi, gelece\u011fin i\u015f g\u00fcc\u00fcn\u00fc olu\u015fturacak olan \u00f6\u011frencilere y\u00f6nelik \u00e7al\u0131\u015fmalar\u0131n\u0131 s\u00fcrd\u00fcr\u00fcyor. Bu kapsamda; \u00f6\u011frencilerin meslek se\u00e7imlerine, kariyer planlamalar\u0131na ve istihdam edilebilirliklerine katk\u0131 sa\u011flamak amac\u0131yla \u00e7e\u015fitli hizmetler sunmak ad\u0131na \u00f6nemli toplant\u0131lar ger\u00e7ekle\u015ftiren Kariyer Merkezi, son olarak \u015eevket Pozcu K\u0131z Mesleki ve Teknik Anadolu Lisesi ile i\u015f birli\u011fi i\u00e7in bir araya geldi. \u00d6\u011frencilerin Gelece\u011fine [&hellip;]<\/p>\n","protected":false},"author":2,"featured_media":36201,"comment_status":"closed","ping_status":"closed","sticky":false,"template":"","format":"standard","meta":{"footnotes":""},"categories":[3],"tags":[],"class_list":["post-36200","post","type-post","status-publish","format-standard","has-post-thumbnail","hentry","category-manset"],"views":2,"_links":{"self":[{"href":"https:\/\/mersinkadingazetesi.com\/index.php?rest_route=\/wp\/v2\/posts\/36200"}],"collection":[{"href":"https:\/\/mersinkadingazetesi.com\/index.php?rest_route=\/wp\/v2\/posts"}],"about":[{"href":"https:\/\/mersinkadingazetesi.com\/index.php?rest_route=\/wp\/v2\/types\/post"}],"author":[{"embeddable":true,"href":"https:\/\/mersinkadingazetesi.com\/index.php?rest_route=\/wp\/v2\/users\/2"}],"replies":[{"embeddable":true,"href":"https:\/\/mersinkadingazetesi.com\/index.php?rest_route=%2Fwp%2Fv2%2Fcomments&post=36200"}],"version-history":[{"count":1,"href":"https:\/\/mersinkadingazetesi.com\/index.php?rest_route=\/wp\/v2\/posts\/36200\/revisions"}],"predecessor-version":[{"id":36202,"href":"https:\/\/mersinkadingazetesi.com\/index.php?rest_route=\/wp\/v2\/posts\/36200\/revisions\/36202"}],"wp:featuredmedia":[{"embeddable":true,"href":"https:\/\/mersinkadingazetesi.com\/index.php?rest_route=\/wp\/v2\/media\/36201"}],"wp:attachment":[{"href":"https:\/\/mersinkadingazetesi.com\/index.php?rest_route=%2Fwp%2Fv2%2Fmedia&parent=36200"}],"wp:term":[{"taxonomy":"category","embeddable":true,"href":"https:\/\/mersinkadingazetesi.com\/index.php?rest_route=%2Fwp%2Fv2%2Fcategories&post=36200"},{"taxonomy":"post_tag","embeddable":true,"href":"https:\/\/mersinkadingazetesi.com\/index.php?rest_route=%2Fwp%2Fv2%2Ftags&post=36200"}],"curies":[{"name":"wp","href":"https:\/\/api.w.org\/{rel}","templated":true}]}}