{"id":36206,"date":"2024-10-20T09:36:21","date_gmt":"2024-10-20T06:36:21","guid":{"rendered":"https:\/\/mersinkadingazetesi.com\/?p=36206"},"modified":"2024-10-20T09:36:21","modified_gmt":"2024-10-20T06:36:21","slug":"kktc-mersin-konsolosu-ozgur-ezel-mtosbyi-ziyaret-etti","status":"publish","type":"post","link":"https:\/\/mersinkadingazetesi.com\/?p=36206","title":{"rendered":"KKTC Mersin Konsolosu \u00d6zg\u00fcr Ezel, MTOSB\u2019yi ziyaret etti\u00a0"},"content":{"rendered":"\n<p>Kuzey K\u0131br\u0131s T\u00fcrk Cumhuriyeti Mersin Konsolosu \u00d6zg\u00fcr Ezel ve Turizm Koordinat\u00f6r\u00fc Kaz\u0131m T\u00fcrkan, Mersin Tarsus Organize Sanayi B\u00f6lgesi&#8217;ni gezerek b\u00f6lge hakk\u0131nda bilgiler ald\u0131.<\/p>\n\n\n\n<p>Ziyarete MTOSB Ba\u015fkan\u0131 Sabri Tekli&#8217;nin yan\u0131 s\u0131ra MTOSB Y\u00f6netim Kurulu \u00dcyeleri Hasan Y\u0131ld\u0131r\u0131m, Mehmet Or\u011fun, B\u00f6lge M\u00fcd\u00fcr Yard\u0131mc\u0131lar\u0131 P\u0131nar \u00d6zal Kan\u0131k ve Hasan \u00c7ay kat\u0131ld\u0131.<\/p>\n\n\n\n<p>B\u00f6lge M\u00fcd\u00fcrl\u00fc\u011f\u00fc, Model Fabrika ve Yenilik Merkezi ve MTOSB \u00d6zel \u015ei\u015fecam Mesleki ve Teknik Anadolu Lisesi&#8217;ni gezerek \u00f6\u011frenciler ile bir araya gelen Kuzey K\u0131br\u0131s T\u00fcrk Cumhuriyeti Mersin Konsolosu \u00d6zg\u00fcr Ezel, Ba\u015fkan Tekli&#8217;den Model Fabrika ve okulun e\u011fitim sistemi ile ilgili bilgiler alarak, yap\u0131lan \u00e7al\u0131\u015fmalardan duyduklar\u0131 memnuniyeti dile getirdiler.<\/p>\n\n\n\n<p>MTOSB Ba\u015fkan\u0131 Tekli, Mersin&#8217;in sanayi g\u00fcc\u00fcn\u00fc her zaman \u00fcst seviyelerde tutmay\u0131 ama\u00e7lad\u0131klar\u0131n\u0131 ve bunun yan\u0131nda da e\u011fitime b\u00fcy\u00fck bir \u00f6nem verdiklerinin alt\u0131n\u0131 \u00e7iz<a><\/a>erek, &#8216;Biz \u00fcreten ve e\u011fiten bir yap\u0131ya sahibiz. \u00dclkemizin gelece\u011fi a\u00e7\u0131s\u0131ndan e\u011fitime b\u00fcy\u00fck \u00f6nem veriyoruz&#8217; dedi.<\/p>\n\n\n\n<p>KKTC&#8217;de ge\u00e7ti\u011fimiz aylarda bir dizi ziyarette bulunduklar\u0131n\u0131 hat\u0131rlatan Ba\u015fkan Tekli, &#8216;KKTC&#8217;ye yapt\u0131\u011f\u0131m\u0131z ziyaret esnas\u0131nda KKTC Cumhurba\u015fkan\u0131 Ersin Tatar, Ekonomi ve Enerji Bakan\u0131 Olgun Amcao\u011flu ve Maliye Bakan\u0131 \u00d6zdemir Berova ile bir araya gelerek fikir al\u0131\u015fveri\u015finde bulunduk. \u00d6n\u00fcm\u00fczdeki g\u00fcnlerde bir mevzuat g\u00fcncellenmesi bekleniyor. Akabinde G\u00fcvercinlik b\u00f6lgesinde 100 Hektar alan \u00fczerine organize sanayi b\u00f6lgesi yat\u0131r\u0131m\u0131 i\u00e7in tekrar g\u00f6r\u00fc\u015fmelerimiz olacak. Tabi bu g\u00f6r\u00fc\u015fmeler sonras\u0131nda \u00e7\u0131kacak sonucun her iki devletin mevzuatlar\u0131na uygun olmas\u0131 gerekiyor. Sanayi Bakanl\u0131\u011f\u0131m\u0131z\u0131n izin vermesi durumunda sanayicilerimiz KKTC&#8217;ye yat\u0131r\u0131m yapmaya s\u0131cak bak\u0131yor&#8217; dedi.&nbsp;<\/p>\n","protected":false},"excerpt":{"rendered":"<p>Kuzey K\u0131br\u0131s T\u00fcrk Cumhuriyeti Mersin Konsolosu \u00d6zg\u00fcr Ezel ve Turizm Koordinat\u00f6r\u00fc Kaz\u0131m T\u00fcrkan, Mersin Tarsus Organize Sanayi B\u00f6lgesi&#8217;ni gezerek b\u00f6lge hakk\u0131nda bilgiler ald\u0131. Ziyarete MTOSB Ba\u015fkan\u0131 Sabri Tekli&#8217;nin yan\u0131 s\u0131ra MTOSB Y\u00f6netim Kurulu \u00dcyeleri Hasan Y\u0131ld\u0131r\u0131m, Mehmet Or\u011fun, B\u00f6lge M\u00fcd\u00fcr Yard\u0131mc\u0131lar\u0131 P\u0131nar \u00d6zal Kan\u0131k ve Hasan \u00c7ay kat\u0131ld\u0131. B\u00f6lge M\u00fcd\u00fcrl\u00fc\u011f\u00fc, Model Fabrika ve Yenilik Merkezi [&hellip;]<\/p>\n","protected":false},"author":2,"featured_media":36207,"comment_status":"closed","ping_status":"closed","sticky":false,"template":"","format":"standard","meta":{"footnotes":""},"categories":[7,8,34,3,5],"tags":[],"class_list":["post-36206","post","type-post","status-publish","format-standard","has-post-thumbnail","hentry","category-dunya","category-ekonomi","category-flas-haber","category-manset","category-mersin"],"views":10,"_links":{"self":[{"href":"https:\/\/mersinkadingazetesi.com\/index.php?rest_route=\/wp\/v2\/posts\/36206"}],"collection":[{"href":"https:\/\/mersinkadingazetesi.com\/index.php?rest_route=\/wp\/v2\/posts"}],"about":[{"href":"https:\/\/mersinkadingazetesi.com\/index.php?rest_route=\/wp\/v2\/types\/post"}],"author":[{"embeddable":true,"href":"https:\/\/mersinkadingazetesi.com\/index.php?rest_route=\/wp\/v2\/users\/2"}],"replies":[{"embeddable":true,"href":"https:\/\/mersinkadingazetesi.com\/index.php?rest_route=%2Fwp%2Fv2%2Fcomments&post=36206"}],"version-history":[{"count":1,"href":"https:\/\/mersinkadingazetesi.com\/index.php?rest_route=\/wp\/v2\/posts\/36206\/revisions"}],"predecessor-version":[{"id":36208,"href":"https:\/\/mersinkadingazetesi.com\/index.php?rest_route=\/wp\/v2\/posts\/36206\/revisions\/36208"}],"wp:featuredmedia":[{"embeddable":true,"href":"https:\/\/mersinkadingazetesi.com\/index.php?rest_route=\/wp\/v2\/media\/36207"}],"wp:attachment":[{"href":"https:\/\/mersinkadingazetesi.com\/index.php?rest_route=%2Fwp%2Fv2%2Fmedia&parent=36206"}],"wp:term":[{"taxonomy":"category","embeddable":true,"href":"https:\/\/mersinkadingazetesi.com\/index.php?rest_route=%2Fwp%2Fv2%2Fcategories&post=36206"},{"taxonomy":"post_tag","embeddable":true,"href":"https:\/\/mersinkadingazetesi.com\/index.php?rest_route=%2Fwp%2Fv2%2Ftags&post=36206"}],"curies":[{"name":"wp","href":"https:\/\/api.w.org\/{rel}","templated":true}]}}