{"id":36209,"date":"2024-10-20T09:37:34","date_gmt":"2024-10-20T06:37:34","guid":{"rendered":"https:\/\/mersinkadingazetesi.com\/?p=36209"},"modified":"2024-10-20T09:37:34","modified_gmt":"2024-10-20T06:37:34","slug":"deva-partili-ekmen-israil-ile-ticaret-filistin-ismi-kullanilarak-yapiliyor","status":"publish","type":"post","link":"https:\/\/mersinkadingazetesi.com\/?p=36209","title":{"rendered":"DEVA Partili Ekmen: \u0130srail ile ticaret Filistin ismi kullan\u0131larak yap\u0131l\u0131yor\u00a0"},"content":{"rendered":"\n<p><strong>DEVA Partisi Genel Ba\u015fkan Yard\u0131mc\u0131s\u0131 Mehmet Emin Ekmen, TBMM Genel Kurulunda s\u00f6z alarak, \u0130srail\u2019in uygulad\u0131\u011f\u0131 soyk\u0131r\u0131ma ra\u011fmen Filistin ismi kullan\u0131larak ticaret yap\u0131ld\u0131\u011f\u0131na dikkat \u00e7ekti. &nbsp;Ticaret yap\u0131lan sekt\u00f6rleri a\u00e7\u0131klayan Ekmen, \u201c2023&#8217;\u00fcn Eyl\u00fcl ay\u0131nda Filistin&#8217;e 46 bin dolar olan \u00e7imento, seramik ve cam ihracat\u0131 2024&#8217;te 4 milyon 950 bin dolar olmu\u015ftur. A\u00e7l\u0131ktan k\u0131vranan Filistinliler seramik, kimyevi \u00fcr\u00fcn sat\u0131n almad\u0131\u011f\u0131na g\u00f6re bu \u00fcr\u00fcnlerin nereye gitmi\u015ftir?\u201d diye sordu.<\/strong><\/p>\n\n\n\n<p>DEVA Partisi Genel Ba\u015fkan Yard\u0131mc\u0131s\u0131 ve Mersin Milletvekili Mehmet Emin Ekmen, yasak olmas\u0131na ra\u011fmen \u0130srail ile s\u00fcren ticareti T\u00fcrkiye B\u00fcy\u00fck Millet Meclisi (TBMM) g\u00fcndemine ta\u015f\u0131d\u0131. TBMM Genel Kurulunda s\u00f6z alan Ekmen, \u0130srail\u2019e ticaretin s\u00fcrd\u00fc\u011f\u00fcn\u00fc sekt\u00f6rler \u00fczerinden \u00f6rnekler vererek a\u00e7\u0131klad\u0131. &nbsp;&nbsp;<\/p>\n\n\n\n<p><strong>\u201cTicaretin son \u015fekli Filistin ismi\u201d<\/strong><\/p>\n\n\n\n<p>\u0130ktidar\u0131n Gazze\u2019de ya\u015fanan soyk\u0131r\u0131ma ra\u011fmen ticaretine devam etti\u011fini vurgulayan Ekmen, \u201cT\u00fcrkiye&#8217;nin ya\u015fanan bunca soyk\u0131r\u0131ma ra\u011fmen \u0130srail&#8217;le ticareti s\u00fcrd\u00fcrd\u00fc\u011f\u00fc a\u00e7\u0131kt\u0131r. \u0130ktidar yetkilileri bunu a\u00e7\u0131k\u00e7a ve defalarca kez reddetmelerine ra\u011fmen b\u00fct\u00fcn veriler bu ticaretin s\u00fcrd\u00fc\u011f\u00fcn\u00fc g\u00f6stermektedir. Ac\u0131 olan \u015fudur ki ticaretin son \u015fekli Filistin&#8217;in ismi kullan\u0131larak yap\u0131lmaktad\u0131r\u201d ifadelerini kulland\u0131.<\/p>\n\n\n\n<p><strong>\u00c7elik ihracat\u0131 tavan yapt\u0131<\/strong><\/p>\n\n\n\n<p>Ekmen, \u0130srail ile yap\u0131lan ticarette Filistin isminin kulland\u0131\u011f\u0131n\u0131 \u00f6rnekler vererek, \u015f\u00f6yle devam etti:&nbsp;<\/p>\n\n\n\n<p>\u201c\u00d6rne\u011fin 2023&#8217;\u00fcn Eyl\u00fcl ay\u0131nda Filistin&#8217;e \u00e7elik ihracat\u0131m\u0131z 156 bin dolar iken 2024 Eyl\u00fcl ay\u0131nda bu 48 milyon dolara \u00e7\u0131km\u0131\u015ft\u0131r yani y\u00fczde 30 bin 930 art\u0131\u015f sa\u011flanm\u0131\u015ft\u0131r. Ayn\u0131 \u015fekilde, 2023&#8217;\u00fcn Eyl\u00fcl ay\u0131nda Filistin&#8217;e 46 bin dolar olan \u00e7imento, seramik ve cam ihracat\u0131 2024&#8217;te 4 milyon 950 bin dolar olmu\u015ftur. A\u00e7l\u0131ktan k\u0131vranan Filistinliler seramik, kimyevi \u00fcr\u00fcn sat\u0131n almad\u0131\u011f\u0131na g\u00f6re bu \u00fcr\u00fcnlerin nereye gitmi\u015ftir?\u201d<\/p>\n\n\n\n<p><strong>Soyk\u0131r\u0131m \u00f6ncesi ve sonras\u0131 ihracaat paylam\u0131\u015f!<\/strong><\/p>\n\n\n\n<p>Soyk\u0131r\u0131m\u0131n g\u00f6lgesinde \u0130srail ile ticaretin artt\u0131\u011f\u0131n\u0131 dile getiren Ekmen, \u201cDaha \u00f6nce ihracat\u0131m\u0131zda esamisi okunmayan Filistin&#8217;e yerle bir edildi\u011fi \u00e7ocuklar\u0131n susuzluktan \u00f6ld\u00fc\u011f\u00fc Eyl\u00fcl ay\u0131nda ihracat\u0131m\u0131z tek kelimeyle patlam\u0131\u015f. 2023 eyl\u00fcl ay\u0131nda Filistin&#8217;e 13,8 milyon dolarl\u0131k ihracat yap\u0131l\u0131rken 2024 eyl\u00fcl\u00fcnde ihracat 167,8 milyon dolara \u00e7\u0131km\u0131\u015f. Art\u0131\u015f oran\u0131 bin 113 oldu. 2023 Ocak-Eyl\u00fcl aras\u0131 Filistin\u2019e ihracat 91,3 milyon dolar 2024 Ocak-Eyl\u00fcl aras\u0131 ihracat 571,2 milyon dolar art\u0131\u015f y\u00fczde 525,8 ula\u015ft\u0131.\u201d de\u011ferlendirmesinde bulundu.<\/p>\n\n\n\n<p><strong>\u0130srail\u2019e hal\u0131, otomotiv, elektronik ihracat\u0131 patlam\u0131\u015f!<\/strong><\/p>\n\n\n\n<p>Ekmen, 2023\u2019\u00fcn ilk 9 ay\u0131nda Filistin&#8217;e 866 bin dolarl\u0131k elektrik-elektronik aksam\u0131 ihra\u00e7 edildi\u011fini belirterek, \u201c2024 ilk 9 ay\u0131nda ise ayn\u0131 elektrik-elektronik aksam\u0131 ihracat\u0131 26 milyon 100 bin dolar. Art\u0131\u015f oran\u0131 y\u00fczde 2 bin 913\u2019e \u00e7\u0131kt\u0131. Filistin&#8217;e hal\u0131 ihracat\u0131 bile patlam\u0131\u015f. 2023 ilk 9 ay\u0131nda 56 bin dolarl\u0131k hal\u0131 ihra\u00e7 etti\u011fimiz Filistin&#8217;e 2024 ayn\u0131 d\u00f6neminde 10 milyon 957 bin dolarl\u0131k hal\u0131 satm\u0131\u015f\u0131z. Art\u0131\u015f oran\u0131 y\u00fczde 19 bin 439\u2019e \u00e7\u0131kt\u0131. G\u00f6z ya\u015fartacak \u00f6l\u00e7\u00fcde geli\u015fen Filistin&#8217;e ihracat\u0131m\u0131zda otomotiv end\u00fcstrisi de \u00fczerine d\u00fc\u015feni lay\u0131k\u0131yla yap\u0131lm\u0131\u015f. 2023 ilk 9 ay\u0131nda 464 bin dolar olan ihracat y\u00fczde bin 617 art\u0131\u015fla 7 milyon 964 bin dolara \u00e7\u0131km\u0131\u015f. Ve Madencilik \u00fcr\u00fcnleri Filistin ihracat\u0131 2023 ilk 9 ay 341 bin dolar, 2024 ilk 9 ay 21 milyon 608 bin dolar art\u0131\u015f oran\u0131 y\u00fczde 6 bin 235\u2019e \u00e7\u0131kt\u0131. Can\u0131yla bo\u011fu\u015fan elektri\u011fin olmad\u0131\u011f\u0131 Filistin&#8217;e klima ihracat\u0131n\u0131 da patlatm\u0131\u015f\u0131z. 2023 Ocak-Eyl\u00fcl aras\u0131 641 bin dolar olan iklimlendirme sanayi ihracat\u0131 2024 ayn\u0131 d\u00f6nemi 5 milyon 747 bin dolar. Art\u0131\u015f oran\u0131 y\u00fczde 796\u2019ya \u00e7\u0131kt\u0131\u201d diyerek rakamlar\u0131 tek&nbsp;tek&nbsp;payla\u015ft\u0131.<\/p>\n","protected":false},"excerpt":{"rendered":"<p>DEVA Partisi Genel Ba\u015fkan Yard\u0131mc\u0131s\u0131 Mehmet Emin Ekmen, TBMM Genel Kurulunda s\u00f6z alarak, \u0130srail\u2019in uygulad\u0131\u011f\u0131 soyk\u0131r\u0131ma ra\u011fmen Filistin ismi kullan\u0131larak ticaret yap\u0131ld\u0131\u011f\u0131na dikkat \u00e7ekti. &nbsp;Ticaret yap\u0131lan sekt\u00f6rleri a\u00e7\u0131klayan Ekmen, \u201c2023&#8217;\u00fcn Eyl\u00fcl ay\u0131nda Filistin&#8217;e 46 bin dolar olan \u00e7imento, seramik ve cam ihracat\u0131 2024&#8217;te 4 milyon 950 bin dolar olmu\u015ftur. A\u00e7l\u0131ktan k\u0131vranan Filistinliler seramik, kimyevi \u00fcr\u00fcn [&hellip;]<\/p>\n","protected":false},"author":2,"featured_media":36210,"comment_status":"closed","ping_status":"closed","sticky":false,"template":"","format":"standard","meta":{"footnotes":""},"categories":[7,3,6],"tags":[],"class_list":["post-36209","post","type-post","status-publish","format-standard","has-post-thumbnail","hentry","category-dunya","category-manset","category-siyaset-2"],"views":0,"_links":{"self":[{"href":"https:\/\/mersinkadingazetesi.com\/index.php?rest_route=\/wp\/v2\/posts\/36209"}],"collection":[{"href":"https:\/\/mersinkadingazetesi.com\/index.php?rest_route=\/wp\/v2\/posts"}],"about":[{"href":"https:\/\/mersinkadingazetesi.com\/index.php?rest_route=\/wp\/v2\/types\/post"}],"author":[{"embeddable":true,"href":"https:\/\/mersinkadingazetesi.com\/index.php?rest_route=\/wp\/v2\/users\/2"}],"replies":[{"embeddable":true,"href":"https:\/\/mersinkadingazetesi.com\/index.php?rest_route=%2Fwp%2Fv2%2Fcomments&post=36209"}],"version-history":[{"count":1,"href":"https:\/\/mersinkadingazetesi.com\/index.php?rest_route=\/wp\/v2\/posts\/36209\/revisions"}],"predecessor-version":[{"id":36211,"href":"https:\/\/mersinkadingazetesi.com\/index.php?rest_route=\/wp\/v2\/posts\/36209\/revisions\/36211"}],"wp:featuredmedia":[{"embeddable":true,"href":"https:\/\/mersinkadingazetesi.com\/index.php?rest_route=\/wp\/v2\/media\/36210"}],"wp:attachment":[{"href":"https:\/\/mersinkadingazetesi.com\/index.php?rest_route=%2Fwp%2Fv2%2Fmedia&parent=36209"}],"wp:term":[{"taxonomy":"category","embeddable":true,"href":"https:\/\/mersinkadingazetesi.com\/index.php?rest_route=%2Fwp%2Fv2%2Fcategories&post=36209"},{"taxonomy":"post_tag","embeddable":true,"href":"https:\/\/mersinkadingazetesi.com\/index.php?rest_route=%2Fwp%2Fv2%2Ftags&post=36209"}],"curies":[{"name":"wp","href":"https:\/\/api.w.org\/{rel}","templated":true}]}}