{"id":36215,"date":"2024-10-20T09:42:05","date_gmt":"2024-10-20T06:42:05","guid":{"rendered":"https:\/\/mersinkadingazetesi.com\/?p=36215"},"modified":"2024-10-20T09:42:06","modified_gmt":"2024-10-20T06:42:06","slug":"toroslar-belediye-baskani-yildiz-muhtarlarla-bir-araya-geldi","status":"publish","type":"post","link":"https:\/\/mersinkadingazetesi.com\/?p=36215","title":{"rendered":"TOROSLAR BELED\u0130YE BA\u015eKANI YILDIZ, MUHTARLARLA B\u0130R ARAYA GELD\u0130"},"content":{"rendered":"\n<p>Toroslar Belediye Ba\u015fkan\u0131 Abdurrahman Y\u0131ld\u0131z, cuma g\u00fcn\u00fc belediye meclisince onaylanan 2025 b\u00fct\u00e7esini Toroslar\u0131n senelerdir ihmal edilen ihtiya\u00e7lar\u0131n\u0131 \u00f6nceleyerek haz\u0131rlad\u0131klar\u0131n\u0131 s\u00f6yledi. Y\u0131ld\u0131z, &#8220;B\u00fct\u00e7emizin d\u00f6rtte birini Fen \u0130\u015fleri M\u00fcd\u00fcrl\u00fc\u011f\u00fcne ay\u0131rd\u0131k. Toroslar&#8217;da yap\u0131lmam\u0131\u015f yol, asfalt, kald\u0131r\u0131m kalmayacak. \u0130kinci b\u00fcy\u00fck b\u00fct\u00e7eyi Temizlik \u0130\u015fleri M\u00fcd\u00fcrl\u00fc\u011f\u00fcne ay\u0131rd\u0131k. Temizlik meselelerini de \u00e7\u00f6zece\u011fiz. \u00dc\u00e7\u00fcnc\u00fc b\u00fcy\u00fck dilimi Park ve Bah\u00e7eler M\u00fcd\u00fcrl\u00fc\u011f\u00fcne ay\u0131rd\u0131k.&nbsp;&nbsp;2025 y\u0131l\u0131nda en acillerinden parklar\u0131m\u0131z\u0131 \u00e7ocuklar\u0131m\u0131z\u0131n g\u00f6n\u00fcl rahatl\u0131\u011f\u0131yla oynad\u0131\u011f\u0131, ailelerimizin dinlendi\u011fi, sosyalle\u015fti\u011fi mekanlar haline getirece\u011fiz&#8221; dedi.<\/p>\n\n\n\n<p>Yat\u0131r\u0131mc\u0131lar\u0131n Toroslar&#8217;a ilgisinin artt\u0131\u011f\u0131n\u0131 ifade eden Ba\u015fkan Y\u0131ld\u0131z, \u00f6n\u00fcm\u00fczdeki aylarda ihtisas sanayi b\u00f6lgesi, hastane, AVM gibi yat\u0131r\u0131mlarla Toroslar&#8217;\u0131n \u00e7ehresinin de\u011fi\u015fece\u011fini ifade etti.<\/p>\n\n\n\n<p>Toroslar Belediye Ba\u015fkan\u0131 Abdurrahman Y\u0131ld\u0131z, 19 Ekim Muhtarlar G\u00fcn\u00fcnde il\u00e7ede g\u00f6rev yapan muhtarlarla kahvalt\u0131da bir araya geldi. Etkinli\u011fe Toroslar Belediyesi Ba\u015fkan Yard\u0131mc\u0131lar\u0131 H\u00fclya Ayhan, Erdo\u011fan Ay ve Hasan \u00d6zalp \u00d6nal&#8217;\u0131n yan\u0131 s\u0131ra Mersin B\u00fcy\u00fck\u015fehir Belediyesinin daire ba\u015fkanlar\u0131 da kat\u0131ld\u0131.<\/p>\n\n\n\n<p>Toroslar Belediye Ba\u015fkan\u0131 Abdurrahman Y\u0131ld\u0131z, bulu\u015fmada yapt\u0131\u011f\u0131 konu\u015fmada, muhtarl\u0131k kurumunun \u00f6nemine de\u011findi.<\/p>\n\n\n\n<p>Ba\u015fkan Y\u0131ld\u0131z, &#8220;Muhtarl\u0131k kurumu toplumun en dip h\u00fccresine kadar i\u015fleyen, mahalleliyle birebir temas eden ve oradaki insanlar\u0131n sorunlar\u0131n\u0131 dile getirme imkan\u0131 olan bir m\u00fcessese. Her bir muhtar asl\u0131nda devletin mahalledeki temsilcisi ve vatanda\u015f\u0131n ilk ula\u015ft\u0131\u011f\u0131 ki\u015fi. Dolay\u0131s\u0131yla \u00f6nemli bir kurum&#8221; dedi.<\/p>\n\n\n\n<p>Toroslar&#8217;da 67 mahalle oldu\u011funu, bunlardan bir k\u0131sm\u0131nda kad\u0131n muhtarlar\u0131n g\u00f6rev yapt\u0131\u011f\u0131n\u0131 kaydeden Ba\u015fkan Y\u0131ld\u0131z, &#8221; Bu, Toroslar i\u00e7in g\u00fczel bir geli\u015fme. Kad\u0131nlar\u0131n elinin de\u011fdi\u011fi yerde i\u015fler daha h\u0131zl\u0131 ilerliyor. Ben, \u00f6zellikle kad\u0131n muhtarlar\u0131m\u0131z\u0131 s\u0131k s\u0131k ziyaret ediyorum&#8221; ifadelerini kulland\u0131.<\/p>\n\n\n\n<p><strong>&#8220;ENKAZ EDEB\u0130YATI YAPMADIK. \u015eEFFAFLIK GERE\u011e\u0130 DURUMU ANLATTIK&#8221;<\/strong><\/p>\n\n\n\n<p>Toroslar&#8217;da&nbsp;&nbsp;1 Nisan 2024&#8217;ten&nbsp;&nbsp;itibaren ba\u015fka bir d\u00f6neme ba\u015flad\u0131\u011f\u0131na vurgu yapan Ba\u015fkan Y\u0131ld\u0131z,&nbsp;&nbsp;belediyeyi devrald\u0131klar\u0131 g\u00fcnlerdeki durumu s\u0131k s\u0131k kamuoyu ile payla\u015ft\u0131klar\u0131n\u0131 ancak enkaz edebiyat\u0131 yapmad\u0131klar\u0131n\u0131 s\u00f6yledi.<\/p>\n\n\n\n<p>Toroslar Belediyesinin g\u00fc\u00e7l\u00fc bir belediye oldu\u011funu her zaman vurgulad\u0131\u011f\u0131n\u0131 ifade eden Ba\u015fkan Y\u0131ld\u0131z, geride kalan 6 ayl\u0131k s\u00fcrede, \u00f6nceki y\u00f6netimin yapt\u0131\u011f\u0131 b\u00fct\u00e7e ile \u00e7al\u0131\u015ft\u0131klar\u0131n\u0131, 2025&#8217;ten itibaren kendi d\u00f6nemlerinde yap\u0131lan b\u00fct\u00e7eyle \u00e7al\u0131\u015facaklar\u0131n\u0131 vurgulad\u0131.<\/p>\n\n\n\n<p><strong>&#8220;B\u00dcT\u00c7EDE EN B\u00dcY\u00dcK PAY YOL, TEM\u0130ZL\u0130K VE YE\u015e\u0130L ALANLARA&#8221;<\/strong><\/p>\n\n\n\n<p>Ba\u015fkan Y\u0131ld\u0131z, &#8220;Belediyenin durumu hakk\u0131nda \u015feffaf olaca\u011f\u0131z. Harcayaca\u011f\u0131m\u0131z her paray\u0131 t\u00fcm yurtta\u015flar\u0131m\u0131zla payla\u015faca\u011f\u0131z. Mesela ekim ay\u0131ndaki meclis oturumunda 2025 b\u00fct\u00e7emizi ba\u011flad\u0131k. Art\u0131k kendi b\u00fct\u00e7emizle \u00e7al\u0131\u015faca\u011f\u0131z. 2025 b\u00fct\u00e7emizin, Toroslar\u0131n ihtiya\u00e7lar\u0131n\u0131 kar\u015f\u0131lamaya y\u00f6nelik oldu\u011funa inan\u0131yorum. B\u00fct\u00e7emizin d\u00f6rtte birini Fen \u0130\u015fleri M\u00fcd\u00fcrl\u00fc\u011f\u00fc&#8217;ne ay\u0131rd\u0131k. Toroslar&#8217;da yap\u0131lmam\u0131\u015f yol, asfalt, kald\u0131r\u0131m kalmayacak. 2025&#8217;ten itibaren en acil sorunlar\u0131 \u00e7\u00f6zece\u011fiz. \u0130kinci b\u00fcy\u00fck b\u00fct\u00e7eyi Temizlik \u0130\u015fleri M\u00fcd\u00fcrl\u00fc\u011f\u00fc&#8217;ne ay\u0131rd\u0131k. Temizlik meselelerini de \u00e7\u00f6zece\u011fiz. \u00dc\u00e7\u00fcnc\u00fc b\u00fcy\u00fck dilimi Park ve Bah\u00e7eler M\u00fcd\u00fcrl\u00fc\u011f\u00fc&#8217;ne ay\u0131rd\u0131k. Belediyemizin 300&#8217;\u00fcn \u00fczerinde park\u0131 var. Bug\u00fcne kadar ihmal edilmi\u015f olan bu parklar da yenilenecek.&nbsp;&nbsp;Biz park ve bah\u00e7elerimize \u00e7ok b\u00fcy\u00fck bir b\u00fct\u00e7e harcayarak 2025 y\u0131l\u0131nda en acillerinden ba\u015flayarak parklar\u0131m\u0131z\u0131 insanlar\u0131n sosyalle\u015fti\u011fi alanlar haline getirece\u011fiz. \u00c7ocuklar\u0131m\u0131z\u0131n g\u00f6n\u00fcl rahatl\u0131\u011f\u0131yla oynad\u0131\u011f\u0131, ailelerimizin dinlendi\u011fi, sosyalle\u015fti\u011fi mek\u00e2nlar haline getirece\u011fiz&#8221; dedi.<\/p>\n\n\n\n<p><strong>&#8220;YATIRIMCILAR TOROSLAR&#8217;A GELMEYE BA\u015eLADI&#8221;<\/strong><\/p>\n\n\n\n<p>Toroslar il\u00e7esinin sosyo-ekonomik olarak di\u011fer merkez il\u00e7elerden daha dezavantajl\u0131 konumuna dikkat \u00e7eken Ba\u015fkan Y\u0131ld\u0131z,&nbsp;&nbsp;&#8220;Eskiden beri Toroslar asl\u0131nda yoksullu\u011fuyla biliniyordu. Ama Toroslar bu kaderini de\u011fi\u015ftirecek. Emin olun de\u011fi\u015ftirecek. Bu konuda arkada\u015flar\u0131m\u0131z \u00e7ok ciddi kafa yoruyorlar. 2025&#8217;in ba\u015f\u0131ndan itibaren Toroslar ihtisas sanayi sitelerine kavu\u015fmaya ba\u015flayacak. Kas\u0131m ay\u0131nda arkada\u015flar\u0131m\u0131z revizyonlar\u0131 yap\u0131yorlar. Toroslar&#8217;da \u00e7ok ciddi yat\u0131r\u0131mlar yapmak isteyen insanlar bize gelmeye ba\u015flad\u0131lar. Gerek sanayi anlam\u0131nda, gerek hastane, gerek al\u0131\u015fveri\u015f merkezi anlam\u0131nda ciddi talepler var. Bunlar\u0131n yap\u0131labilmesi i\u00e7in baz\u0131 plan tadilatlar\u0131n\u0131n yap\u0131lmas\u0131 gerekiyor. Arkada\u015flar\u0131m\u0131z \u00e7al\u0131\u015fmalar\u0131n\u0131 s\u00fcrd\u00fcr\u00fcyor. Tahmin ediyorum ki Kas\u0131m-Aral\u0131k meclisinde bu i\u015flerin \u00f6nemli bir k\u0131sm\u0131n\u0131 \u00e7\u00f6zm\u00fc\u015f olaca\u011f\u0131z. 2025&#8217;in ilk yar\u0131s\u0131nda ihtisas sanayi sitelerinin kurulumuna start verece\u011fiz, temelleri ataca\u011f\u0131z ve kentimizde binlerce insan\u0131n i\u015f bulaca\u011f\u0131, yeni zenginliklerin gelece\u011fi bir il\u00e7e haline gelece\u011fiz&#8221; ifadelerini kulland\u0131.<\/p>\n\n\n\n<p><strong>&#8220;YATIRIMLAR KONUSUNDA S\u00d6Z\u00dcM\u00dcZ\u00dcN ARKASINDAYIZ&#8221;<\/strong><\/p>\n\n\n\n<p>&#8220;Toroslar&#8217;a yat\u0131r\u0131m yapacak insanlar\u0131n \u00f6n\u00fcnde ceketimizi ilikleriz, her t\u00fcrl\u00fc kolayl\u0131\u011f\u0131 sa\u011flar\u0131z demi\u015ftik. Yat\u0131r\u0131mc\u0131 dostlar\u0131m\u0131z gelmeye ba\u015flad\u0131&#8221; diyen Y\u0131ld\u0131z, &#8220;Hastane kurmak isteyen var, al\u0131\u015fveri\u015f merkezi yapmak isteyen var, sanayi sitelerinde yat\u0131r\u0131m yapmak isteyenler var. G\u00f6r\u00fc\u015fmelerimiz s\u00fcr\u00fcyor ve bunlar \u00e7ok ge\u00e7meden ger\u00e7ekle\u015fecek. \u00c7\u00fcnk\u00fc Toroslar g\u00fc\u00e7l\u00fc bir il\u00e7e. Toroslar her anlamda verimli bir yer; ticari, k\u00fclt\u00fcrel, demografik anlamda zengin bir il\u00e7e. Ali Cenap insanlar nas\u0131l yan yana, kimse kimseye kar\u0131\u015fmadan hayatlar\u0131n\u0131 s\u00fcrd\u00fcr\u00fcyorsa, biz de bu kenti zenginle\u015ftirip daha ya\u015fan\u0131labilir bir hale getirme konusunda s\u00f6z\u00fcm\u00fcz\u00fcn arkas\u0131nday\u0131z. Belediye olarak temel hizmetler d\u0131\u015f\u0131nda yapaca\u011f\u0131m\u0131z en \u00f6nemli i\u015f, yat\u0131r\u0131mlar\u0131 planlamak ve projelendirmektir. Bu konuda da arkada\u015flar\u0131m\u0131z \u00e7ok ciddi \u00e7al\u0131\u015fmalar yap\u0131yorlar&#8221; dedi.<\/p>\n\n\n\n<p><strong>&#8220;YAYLALARIMIZIN G\u00dcZELL\u0130\u011e\u0130N\u0130 PAYLA\u015eIYORSAK BU KENT\u0130N GEL\u0130\u015e\u0130M\u0130NE DE YARDIMCI OLMALARI GEREK\u0130R&#8221;<\/strong><\/p>\n\n\n\n<p>Toroslar&#8217;\u0131n yaz n\u00fcfusunun k\u0131\u015f n\u00fcfusuna g\u00f6re fazla oldu\u011funa dikkat \u00e7eken Ba\u015fkan Y\u0131ld\u0131z s\u00f6zlerini \u015f\u00f6yle s\u00fcrd\u00fcrd\u00fc:<\/p>\n\n\n\n<p>&nbsp;&#8220;Yaz\u0131n n\u00fcfusumuz 700 bine \u00e7\u0131k\u0131yor, ancak bu n\u00fcfusun Toroslar&#8217;a katk\u0131s\u0131 yok. Biz onlar\u0131n \u00e7\u00f6plerini topluyor, asfalt\u0131n\u0131 yap\u0131yor, yollar\u0131n\u0131 d\u00fczenliyoruz; ama bunlar, Toros halk\u0131n\u0131n paras\u0131ndan ayr\u0131lan b\u00fct\u00e7eyle yap\u0131l\u0131yor. Misafirlerimiz ba\u015f\u0131m\u0131z\u0131n \u00fcst\u00fcnde, ancak \u00f6nemli bir k\u0131sm\u0131 burada ya\u015fam\u0131yor. Yeni\u015fehir&#8217;den, Tarsus&#8217;tan, Mezitli&#8217;den geliyorlar. Yaylalar\u0131m\u0131za ciddi yat\u0131r\u0131mlar yap\u0131lmas\u0131 gerekiyor. K\u0131\u015f\u0131n iki kamyon \u00e7\u00f6p toplarken, yaz\u0131n bu say\u0131 15-16 kamyona \u00e7\u0131k\u0131yor. Bu, Toros halk\u0131n\u0131n b\u00fct\u00e7esinden harcanan bir para. Bu nedenle, misafirlerimizin de Toroslar&#8217;a katk\u0131da bulunmalar\u0131 noktas\u0131nda \u00e7al\u0131\u015fmalar yap\u0131yoruz. E\u011fer Toroslar&#8217;\u0131n g\u00fczelliklerini hep beraber ya\u015f\u0131yorsak, misafirlerimizin de bu kentin geli\u015fimine yard\u0131mc\u0131 olmalar\u0131 gerekti\u011fini anlat\u0131yoruz.&#8221;<\/p>\n\n\n\n<p><strong>&#8220;B\u00dcY\u00dcK\u015eEH\u0130R TOROSLAR&#8217;A POZ\u0130T\u0130F AYRIMCILIK YAPIYOR&#8221;<\/strong><\/p>\n\n\n\n<p>Muhtarlara, Mersin B\u00fcy\u00fck\u015fehir Belediye Ba\u015fkan\u0131 Vahap Se\u00e7er&#8217;in selam\u0131n\u0131 da ileten Ba\u015fkan Y\u0131ld\u0131z, &#8220;Ger\u00e7ekten, Toroslar\u0131m\u0131z\u0131n sorunlar\u0131n\u0131n \u00e7\u00f6z\u00fclmesi konusunda hem kendisi \u00e7ok ciddi \u00e7aba sarf ediyor hem de birim amirlerinin, daire ba\u015fkanlar\u0131n\u0131n, Toroslar&#8217;\u0131n sorunlar\u0131 konusunda pozitif ayr\u0131mc\u0131l\u0131k yapmalar\u0131 gerekti\u011fini s\u0131k s\u0131k tembih ediyor&#8221; dedi.<\/p>\n\n\n\n<p><strong>&#8220;BELED\u0130YEDE ARTIK HERKES\u0130N DAYISI VAR&#8221;&#8221;<\/strong><\/p>\n\n\n\n<p>Muhtarlar\u0131n ve vatanda\u015flar\u0131n, yeni hizmete al\u0131nan 444 41 33 numaral\u0131 \u00e7a\u011fr\u0131 merkezini kullanmalar\u0131n\u0131 \u00f6neren Ba\u015fkan Y\u0131ld\u0131z, &#8220;Kimsenin belediye ba\u015fkan\u0131na ya da meclis \u00fcyesine ula\u015fmak i\u00e7in torpil aramas\u0131na gerek yok. 444 41 33 numaral\u0131 telefon \u00e7al\u0131\u015f\u0131yor. Sekiz halkla ili\u015fkiler personelimiz 24 saat bu telefonun ba\u015f\u0131nda bekliyor. Halktan gelecek her t\u00fcrl\u00fc talebi not ediyorlar ve ilgili birime iletiyorlar. \u0130\u015fleyi\u015f \u015fu \u015fekilde: Telefon kapand\u0131ktan bir dakika sonra talep ilgili birim m\u00fcd\u00fcr\u00fcne d\u00fc\u015f\u00fcyor. Bu ayn\u0131 zamanda bizim personelimizi de denetlememizi sa\u011fl\u0131yor. Ger\u00e7ek manada cevap verilip verilmedi\u011fini de oradan hem ben hem ba\u015fkan yard\u0131mc\u0131s\u0131 arkada\u015flar\u0131m hem de birim m\u00fcd\u00fcrlerimiz takip edecek. Ve belli bir m\u00fcddet i\u00e7erisinde soruna dair herhangi bir \u00e7\u00f6z\u00fcm \u00fcretilmemi\u015f ya da kar\u015f\u0131 tarafa bir yan\u0131t gitmemi\u015fse, mutlaka o benim masamda g\u00f6z\u00fck\u00fcyor. Ben de ilgili ba\u015fkan yard\u0131mc\u0131s\u0131na ve ilgili m\u00fcd\u00fcr\u00fcme bu i\u015fin yap\u0131lmad\u0131\u011f\u0131na dair ki\u015fisel olarak hesap soruyorum. Ben de \u00e7\u00fcnk\u00fc rutinimi de\u011fi\u015ftirdim. Her g\u00fcn sabahleyin geldi\u011fimde ilk yapt\u0131\u011f\u0131m i\u015f, Mersin&#8217;deki yerel haberleri okumakt\u0131. \u015eimdi ise gazeteleri okuduktan sonra ilk i\u015f olarak o program\u0131 a\u00e7\u0131yorum. O programdaki \u00f6zellikle g\u00fcn\u00fc ge\u00e7mi\u015f talepleri ve \u015fik\u00e2yetleri kontrol ediyorum. Varsa da ilgili arkada\u015flar\u0131mla konu\u015fup bu denetimi b\u00f6ylelikle sa\u011flam\u0131\u015f oluyorum&#8221; dedi.<\/p>\n\n\n\n<p><strong>&#8220;B\u00dcT\u00c7EN\u0130N HER KURU\u015eU TOROSLAR HALKININ H\u0130ZMET\u0130NDE OLACAK&#8221;<\/strong><\/p>\n\n\n\n<p>Konu\u015fmas\u0131n\u0131n sonunda muhtarlar\u0131n g\u00fcn\u00fcn\u00fc bir kez daha kutlayan Ba\u015fkan Y\u0131ld\u0131z,&nbsp;&nbsp;&#8220;Her birimizin bu kentin geli\u015fmesi, bu kentin ya\u015fam\u0131n\u0131n daha kaliteli ve konforlu olmas\u0131 i\u00e7in elinden geleni yapt\u0131\u011f\u0131na inan\u0131yorum. Ben de Toroslar&#8217;a ili\u015fkin yap\u0131lacak her t\u00fcrl\u00fc katk\u0131ya can\u0131 g\u00f6n\u00fclden destek verece\u011fimi ve Toroslar&#8217;\u0131n ne imkan\u0131 varsa bu imkanlar\u0131 beraberce kullanaca\u011f\u0131m\u0131za dair s\u00f6z veriyorum. 2025 y\u0131l\u0131nda 2 milyar 220 milyon 275 bin TL olarak belirlenen b\u00fct\u00e7emizin tamam\u0131 ger\u00e7ekle\u015firse, bunun her kuru\u015funun Toroslar halk\u0131n\u0131n hizmetinde olaca\u011f\u0131n\u0131 ve bunu sizin denetlemeniz gerekti\u011fini bir kez daha belirterek g\u00fcn\u00fcn\u00fcz\u00fc kutluyorum&#8221; dedi.<\/p>\n","protected":false},"excerpt":{"rendered":"<p>Toroslar Belediye Ba\u015fkan\u0131 Abdurrahman Y\u0131ld\u0131z, cuma g\u00fcn\u00fc belediye meclisince onaylanan 2025 b\u00fct\u00e7esini Toroslar\u0131n senelerdir ihmal edilen ihtiya\u00e7lar\u0131n\u0131 \u00f6nceleyerek haz\u0131rlad\u0131klar\u0131n\u0131 s\u00f6yledi. Y\u0131ld\u0131z, &#8220;B\u00fct\u00e7emizin d\u00f6rtte birini Fen \u0130\u015fleri M\u00fcd\u00fcrl\u00fc\u011f\u00fcne ay\u0131rd\u0131k. Toroslar&#8217;da yap\u0131lmam\u0131\u015f yol, asfalt, kald\u0131r\u0131m kalmayacak. \u0130kinci b\u00fcy\u00fck b\u00fct\u00e7eyi Temizlik \u0130\u015fleri M\u00fcd\u00fcrl\u00fc\u011f\u00fcne ay\u0131rd\u0131k. Temizlik meselelerini de \u00e7\u00f6zece\u011fiz. \u00dc\u00e7\u00fcnc\u00fc b\u00fcy\u00fck dilimi Park ve Bah\u00e7eler M\u00fcd\u00fcrl\u00fc\u011f\u00fcne ay\u0131rd\u0131k.&nbsp;&nbsp;2025 y\u0131l\u0131nda en [&hellip;]<\/p>\n","protected":false},"author":2,"featured_media":36216,"comment_status":"closed","ping_status":"closed","sticky":false,"template":"","format":"standard","meta":{"footnotes":""},"categories":[34,3,5],"tags":[],"class_list":["post-36215","post","type-post","status-publish","format-standard","has-post-thumbnail","hentry","category-flas-haber","category-manset","category-mersin"],"views":2,"_links":{"self":[{"href":"https:\/\/mersinkadingazetesi.com\/index.php?rest_route=\/wp\/v2\/posts\/36215"}],"collection":[{"href":"https:\/\/mersinkadingazetesi.com\/index.php?rest_route=\/wp\/v2\/posts"}],"about":[{"href":"https:\/\/mersinkadingazetesi.com\/index.php?rest_route=\/wp\/v2\/types\/post"}],"author":[{"embeddable":true,"href":"https:\/\/mersinkadingazetesi.com\/index.php?rest_route=\/wp\/v2\/users\/2"}],"replies":[{"embeddable":true,"href":"https:\/\/mersinkadingazetesi.com\/index.php?rest_route=%2Fwp%2Fv2%2Fcomments&post=36215"}],"version-history":[{"count":1,"href":"https:\/\/mersinkadingazetesi.com\/index.php?rest_route=\/wp\/v2\/posts\/36215\/revisions"}],"predecessor-version":[{"id":36217,"href":"https:\/\/mersinkadingazetesi.com\/index.php?rest_route=\/wp\/v2\/posts\/36215\/revisions\/36217"}],"wp:featuredmedia":[{"embeddable":true,"href":"https:\/\/mersinkadingazetesi.com\/index.php?rest_route=\/wp\/v2\/media\/36216"}],"wp:attachment":[{"href":"https:\/\/mersinkadingazetesi.com\/index.php?rest_route=%2Fwp%2Fv2%2Fmedia&parent=36215"}],"wp:term":[{"taxonomy":"category","embeddable":true,"href":"https:\/\/mersinkadingazetesi.com\/index.php?rest_route=%2Fwp%2Fv2%2Fcategories&post=36215"},{"taxonomy":"post_tag","embeddable":true,"href":"https:\/\/mersinkadingazetesi.com\/index.php?rest_route=%2Fwp%2Fv2%2Ftags&post=36215"}],"curies":[{"name":"wp","href":"https:\/\/api.w.org\/{rel}","templated":true}]}}