{"id":36218,"date":"2024-10-20T09:43:08","date_gmt":"2024-10-20T06:43:08","guid":{"rendered":"https:\/\/mersinkadingazetesi.com\/?p=36218"},"modified":"2024-10-20T09:43:09","modified_gmt":"2024-10-20T06:43:09","slug":"baskan-secer-alkim-sumerin-acili-gununde-yaninda-oldu","status":"publish","type":"post","link":"https:\/\/mersinkadingazetesi.com\/?p=36218","title":{"rendered":"BA\u015eKAN SE\u00c7ER, ALKIM S\u00dcMER&#8217;\u0130N ACILI G\u00dcN\u00dcNDE YANINDA OLDU"},"content":{"rendered":"\n<p>Mersin B\u00fcy\u00fck\u015fehir Belediye Ba\u015fkan\u0131 Vahap Se\u00e7er; Cumhuriyet Halk Partisi (CHP) \u00f6nceki d\u00f6nem Mersin \u0130l Gen\u00e7lik Kollar\u0131 Ba\u015fkan\u0131 ve Mersin B\u00fcy\u00fck\u015fehir Belediye Ba\u015fkan Dan\u0131\u015fman\u0131 Alk\u0131m S\u00fcmer&#8217;in annesi Teslime S\u00fcmer&#8217;in cenaze t\u00f6renine kat\u0131ld\u0131.<\/p>\n\n\n\n<p>\u0130kindi namaz\u0131na m\u00fcteakip k\u0131l\u0131nan cenaze namaz\u0131n\u0131n ard\u0131ndan merhum Teslime S\u00fcmer topra\u011fa verildi. Ba\u015fkan Se\u00e7er, Akbelen Mezarl\u0131\u011f\u0131&#8217;nda d\u00fczenlenen cenaze t\u00f6renin ard\u0131ndan, S\u00fcmer&#8217;in ailesine ve sevenlerine ba\u015f sa\u011fl\u0131\u011f\u0131 dileklerinde bulundu.<\/p>\n\n\n\n<p>Cenaze t\u00f6renine; Mersin B\u00fcy\u00fck\u015fehir Belediye Ba\u015fkan\u0131 Vahap Se\u00e7er, CHP Mersin Milletvekili G\u00fclcan K\u0131\u015f ile Hasan Ufuk \u00c7ak\u0131r, CHP Mersin \u0130l Ba\u015fkan\u0131 Koral \u00d6m\u00fcr, CHP MYK \u00dcyesi Hatice Us, CHP Gen\u00e7lik Kollar\u0131 Genel Ba\u015fkan Yard\u0131mc\u0131s\u0131 \u0130zzet K\u0131r\u0131lmaz, CHP Mersin \u0130l Gen\u00e7lik Kollar\u0131 Ba\u015fkan\u0131 Okan S\u00fcleyman Kaya, CHP Mersin \u0130l Kad\u0131n Kollar\u0131 Ba\u015fkan\u0131 G\u00fcl\u015fah Y\u0131ld\u0131r\u0131m Gen\u00e7, CHP \u00f6nceki d\u00f6nem milletvekilleri, il ba\u015fkanlar\u0131, il\u00e7e ba\u015fkanlar\u0131, parti y\u00f6neticileri, Meclis \u00fcyeleri, partililer, Mersin B\u00fcy\u00fck\u015fehir Belediyesi ve MESK\u0130 b\u00fcrokratlar\u0131 ile merhumun ailesi ve sevenleri ile Alk\u0131m S\u00fcmer&#8217;in mesai arkada\u015flar\u0131 kat\u0131ld\u0131.<\/p>\n","protected":false},"excerpt":{"rendered":"<p>Mersin B\u00fcy\u00fck\u015fehir Belediye Ba\u015fkan\u0131 Vahap Se\u00e7er; Cumhuriyet Halk Partisi (CHP) \u00f6nceki d\u00f6nem Mersin \u0130l Gen\u00e7lik Kollar\u0131 Ba\u015fkan\u0131 ve Mersin B\u00fcy\u00fck\u015fehir Belediye Ba\u015fkan Dan\u0131\u015fman\u0131 Alk\u0131m S\u00fcmer&#8217;in annesi Teslime S\u00fcmer&#8217;in cenaze t\u00f6renine kat\u0131ld\u0131. \u0130kindi namaz\u0131na m\u00fcteakip k\u0131l\u0131nan cenaze namaz\u0131n\u0131n ard\u0131ndan merhum Teslime S\u00fcmer topra\u011fa verildi. Ba\u015fkan Se\u00e7er, Akbelen Mezarl\u0131\u011f\u0131&#8217;nda d\u00fczenlenen cenaze t\u00f6renin ard\u0131ndan, S\u00fcmer&#8217;in ailesine ve sevenlerine [&hellip;]<\/p>\n","protected":false},"author":2,"featured_media":36219,"comment_status":"closed","ping_status":"closed","sticky":false,"template":"","format":"standard","meta":{"footnotes":""},"categories":[3],"tags":[],"class_list":["post-36218","post","type-post","status-publish","format-standard","has-post-thumbnail","hentry","category-manset"],"views":3,"_links":{"self":[{"href":"https:\/\/mersinkadingazetesi.com\/index.php?rest_route=\/wp\/v2\/posts\/36218"}],"collection":[{"href":"https:\/\/mersinkadingazetesi.com\/index.php?rest_route=\/wp\/v2\/posts"}],"about":[{"href":"https:\/\/mersinkadingazetesi.com\/index.php?rest_route=\/wp\/v2\/types\/post"}],"author":[{"embeddable":true,"href":"https:\/\/mersinkadingazetesi.com\/index.php?rest_route=\/wp\/v2\/users\/2"}],"replies":[{"embeddable":true,"href":"https:\/\/mersinkadingazetesi.com\/index.php?rest_route=%2Fwp%2Fv2%2Fcomments&post=36218"}],"version-history":[{"count":1,"href":"https:\/\/mersinkadingazetesi.com\/index.php?rest_route=\/wp\/v2\/posts\/36218\/revisions"}],"predecessor-version":[{"id":36220,"href":"https:\/\/mersinkadingazetesi.com\/index.php?rest_route=\/wp\/v2\/posts\/36218\/revisions\/36220"}],"wp:featuredmedia":[{"embeddable":true,"href":"https:\/\/mersinkadingazetesi.com\/index.php?rest_route=\/wp\/v2\/media\/36219"}],"wp:attachment":[{"href":"https:\/\/mersinkadingazetesi.com\/index.php?rest_route=%2Fwp%2Fv2%2Fmedia&parent=36218"}],"wp:term":[{"taxonomy":"category","embeddable":true,"href":"https:\/\/mersinkadingazetesi.com\/index.php?rest_route=%2Fwp%2Fv2%2Fcategories&post=36218"},{"taxonomy":"post_tag","embeddable":true,"href":"https:\/\/mersinkadingazetesi.com\/index.php?rest_route=%2Fwp%2Fv2%2Ftags&post=36218"}],"curies":[{"name":"wp","href":"https:\/\/api.w.org\/{rel}","templated":true}]}}