{"id":36221,"date":"2024-10-20T09:45:58","date_gmt":"2024-10-20T06:45:58","guid":{"rendered":"https:\/\/mersinkadingazetesi.com\/?p=36221"},"modified":"2024-10-20T09:45:58","modified_gmt":"2024-10-20T06:45:58","slug":"baskan-secer-mersinde-yasayan-hatayli-depremzedelerin-dayanisma-gunu-etkinligine-katildi","status":"publish","type":"post","link":"https:\/\/mersinkadingazetesi.com\/?p=36221","title":{"rendered":"BA\u015eKAN SE\u00c7ER,\u00a0 MERS\u0130N&#8217;DE YA\u015eAYAN HATAYLI DEPREMZEDELER\u0130N DAYANI\u015eMA G\u00dcN\u00dc ETK\u0130NL\u0130\u011e\u0130&#8217;NE KATILDI"},"content":{"rendered":"\n<p>Mersin B\u00fcy\u00fck\u015fehir Belediye Ba\u015fkan\u0131 Vahap Se\u00e7er, 6 \u015eubat depreminden sonra Mersin&#8217;e ta\u015f\u0131nan Rabia ve Recai \u015eahuto\u011flu taraf\u0131ndan a\u00e7\u0131lan Coffee Ra&#8217;da d\u00fczenlenen Mersin&#8217;de ya\u015fayan Hatayl\u0131 depremzedelerin Dayan\u0131\u015fma G\u00fcn\u00fc Etkinli\u011fi&#8217;ne kat\u0131l\u0131m sa\u011flad\u0131.<\/p>\n\n\n\n<p>Akdeniz \u0130l\u00e7esi K\u00fclt\u00fcr Mahallesi&#8217;nde hizmet veren Coffee Ra taraf\u0131ndan 2.&#8217;si d\u00fczenlenen etkinli\u011fe, Mersin&#8217;de ya\u015fayan Hatayl\u0131 depremzedeler yo\u011fun kat\u0131l\u0131m g\u00f6sterdi. Ba\u015fkan Se\u00e7er ile birlikte Dayan\u0131\u015fma Etkinli\u011fi&#8217;ne CHP Akdeniz \u0130l\u00e7e Ba\u015fkan\u0131 Semih Palamut, B\u00fcy\u00fck\u015fehir Belediyesi Meclis \u00dcyesi Hamit Mert Avc\u0131, Mersin Hatayl\u0131lar Dernek Ba\u015fkan Yard\u0131mc\u0131s\u0131 Can Tekg\u00f6z, Mersin Hatayl\u0131lar Derne\u011fi Onursal \u00dcyesi Sabahattin Nacio\u011flu, Antakya Ortodoks Kilisesi Ruhani Pederi Jan Del\u00fcller ve Mersin&#8217;de ya\u015fayan Hatayl\u0131 depremzedeler kat\u0131l\u0131m sa\u011flad\u0131.<\/p>\n\n\n\n<p><strong>Se\u00e7er: &#8220;Mersin halk\u0131&nbsp;<\/strong><strong>deprem b\u00f6lgesinden Mersin&#8217;e gelen insanlar\u0131n duygular\u0131n\u0131 derinden ya\u015fad\u0131&#8221;<\/strong><\/p>\n\n\n\n<p>Depremden sonra Mersin&#8217;e ta\u015f\u0131nan Rabia ve Recai \u015eahuto\u011flu taraf\u0131ndan i\u015fletilen Coffee Ra&#8217;da Hatayl\u0131 depremzedeler ile bir araya gelen Ba\u015fkan Vahap Se\u00e7er, Mersin&#8217;de yabanc\u0131l\u0131k hissetmemeleri gerekti\u011fini s\u00f6yleyerek, Mersin&#8217;in de halklar\u0131n al\u0131\u015fkanl\u0131klar\u0131, k\u00fclt\u00fcrleri ve etnik yap\u0131lar\u0131 itibariyle Hatay&#8217;a \u00e7ok benzedi\u011finden s\u00f6z etti. Ba\u015fkan Se\u00e7er,&nbsp;<strong>&#8220;Hepimizin \u00e7ok \u00fcz\u00fcld\u00fc\u011f\u00fc olaylarla kar\u015f\u0131 kar\u015f\u0131ya kald\u0131k. \u00c7ok kay\u0131plar ya\u015fand\u0131. Ailelerde b\u00f6l\u00fcnmeler ve par\u00e7alanmalar oldu. Bunlar tabi bir birey i\u00e7in ve aileler i\u00e7in \u00e7ok b\u00fcy\u00fck toplumsal travmalar&#8221;&nbsp;<\/strong>dedi.<\/p>\n\n\n\n<p>Mersin halk\u0131n\u0131n da Hatay halk\u0131n\u0131n o s\u00fcre\u00e7te ya\u015fad\u0131\u011f\u0131 duygular\u0131 hissetti\u011finden s\u00f6z eden Se\u00e7er,&nbsp;<strong>&#8220;Mersin \u00e7ok k\u00fclt\u00fcrl\u00fc bir yerdir, \u00e7ok farkl\u0131 b\u00f6lgelerden ve k\u00fclt\u00fcrlerden insanlar\u0131n gelip ya\u015fad\u0131\u011f\u0131 g\u00f6\u00e7men bir kenttir. Bu renklilik ve \u00e7e\u015fitlilik i\u00e7erisinde o insanlar; buraya yo\u011fun olarak gelen Hatayl\u0131lar\u0131n, Kahramanmara\u015fl\u0131lar\u0131n ve Ad\u0131yamanl\u0131lar\u0131n ve di\u011fer deprem b\u00f6lgesinden Mersin&#8217;e gelen insanlar\u0131n ac\u0131s\u0131n\u0131, \u0131st\u0131rab\u0131n\u0131 ve duygular\u0131n\u0131 derinden ya\u015fad\u0131lar ve ellerinden geleni yapt\u0131lar&#8221;&nbsp;<\/strong>diye konu\u015ftu.<\/p>\n\n\n\n<p><strong>&#8220;Biz devlet sisteminin imk\u00e2nlar\u0131n\u0131 sizlere kulland\u0131k&#8221;<\/strong><\/p>\n\n\n\n<p>Mersin B\u00fcy\u00fck\u015fehir olarak o d\u00f6nemde depremzedelere verilen hizmetlerin bir&nbsp;<strong><em>&#8216;yard\u0131m&#8217;&nbsp;<\/em><\/strong>de\u011fil,&nbsp;<strong><em>&#8216;do\u011fru bir arac\u0131l\u0131k&#8217;<\/em><\/strong>&nbsp;oldu\u011funu kaydeden Se\u00e7er,&nbsp;<strong>&#8220;Biz devlet sisteminin imk\u00e2nlar\u0131n\u0131 sizlere kulland\u0131k. Bu sistemin kaynaklar\u0131 da zaten sizin vergileriniz, ekstra yap\u0131lm\u0131\u015f bir \u015fey yok. Sadece biz do\u011fru bir i\u015f yapt\u0131k.&nbsp;<em>&#8216;D\u00f6nem; deprem b\u00f6lgesinde ma\u011fduriyet ya\u015fayan, zarar g\u00f6rm\u00fc\u015f, ac\u0131 \u00e7eken vatanda\u015flar\u0131m\u0131z\u0131n ac\u0131s\u0131n\u0131n azalmas\u0131na y\u00f6nelik, yaralar\u0131n\u0131n sar\u0131lmas\u0131na y\u00f6nelik yap\u0131lacak \u00e7al\u0131\u015fma d\u00f6nemidir&#8217;<\/em>&nbsp;dedik ve bunu yapt\u0131k&#8221;&nbsp;<\/strong>ifadelerini kulland\u0131.<\/p>\n\n\n\n<p><strong>&#8220;T\u00fcrkiye&#8217;mizin keyfe keder y\u00f6netimle de\u011fil; \u00e7a\u011fda\u015f bir \u00fclkeye yara\u015f\u0131r bir y\u00f6netim anlay\u0131\u015f\u0131yla y\u00f6netilmesini umut ediyoruz&#8221;<\/strong><\/p>\n\n\n\n<p>Bir daha b\u00f6yle ac\u0131lar\u0131n ve afetlerin ya\u015fanmamas\u0131 temennisinde bulunarak konu\u015fmas\u0131n\u0131 s\u00fcrd\u00fcren Se\u00e7er,&nbsp;<strong>&#8220;Bu durum bizlere de y\u00f6neticilere de ders olur, bir afetin felakete d\u00f6n\u00fc\u015fmesine sebebiyet vermeyelim. B\u00fct\u00fcn kurumlar i\u015fini iyi yaps\u0131n. Herkes yasalar\u0131 en iyi \u015fekilde uygulas\u0131n ki insanlar\u0131m\u0131z bir daha bu ac\u0131y\u0131 ya\u015famas\u0131n. Bu insanlar bunu hi\u00e7 hak etmedi ve hak etmiyor. A\u00e7\u0131k konu\u015fmak istiyorum; T\u00fcrkiye&#8217;miz art\u0131k \u00f6yle keyfe keder y\u00f6netim de\u011fil; ger\u00e7ekten \u00e7a\u011fda\u015f bir \u00fclkeye ve topluma yara\u015f\u0131r bir y\u00f6netim anlay\u0131\u015f\u0131yla y\u00f6netilir. Mersin bu anlay\u0131\u015fta y\u00f6netiliyor. Hi\u00e7 kimsenin endi\u015fesi olmas\u0131n. \u00c7ok iyi yere geldiniz. Buras\u0131 sizin eviniz. Hi\u00e7 yabanc\u0131l\u0131k hissetmeyin. Sizler art\u0131k bizim misafirimiz de\u011filsiniz, ailemizden birisiniz. Kendinizi \u00f6yle hissetmenizi istiyorum&#8221;&nbsp;<\/strong>dedi.<\/p>\n\n\n\n<p><strong>&#8220;Millet olman\u0131n unsuru; birbirine s\u0131k\u0131nt\u0131l\u0131 ve ac\u0131l\u0131 d\u00f6nemde yard\u0131mc\u0131 olmak ve sar\u0131lmakt\u0131r&#8221;<\/strong><\/p>\n\n\n\n<p>Se\u00e7er, Mersin&#8217;in de depremi hissetti\u011fini ama y\u0131k\u0131nt\u0131 ya\u015fanmad\u0131\u011f\u0131n\u0131 aktararak, Mersin B\u00fcy\u00fck\u015fehir olarak depremin ya\u015fand\u0131\u011f\u0131 illere ekipleri h\u0131zl\u0131ca intikal ettirdiklerini hat\u0131rlatt\u0131. Depremin ikinci g\u00fcn\u00fc de b\u00f6lgeye gitti\u011fini anlatan Se\u00e7er,&nbsp;&nbsp;<strong>&#8220;Orada g\u00f6rd\u00fc\u011f\u00fcm\u00fcz tablo herkesin tahayy\u00fcl edece\u011fi bir tablo de\u011fil. Ancak ya\u015fayan, g\u00f6ren, hisseden bilir&#8221;&nbsp;<\/strong>dedi. B\u00fcy\u00fck\u015fehir olarak hatlardan \u00e7ektikleri otob\u00fcsler ile Mersin&#8217;e depremzedeleri ta\u015f\u0131d\u0131klar\u0131n\u0131 da anlatan Se\u00e7er,<strong>&nbsp;&#8220;Mersinliler hi\u00e7 bundan imtina etmedi. Yurtlar\u0131 da otelleri de spor salonlar\u0131n\u0131 da hepsini bar\u0131nacak noktaya getirdik, el birli\u011fiyle herkes elinden geleni yapt\u0131. Zaten bir millet olman\u0131n unsuru birbirine bu s\u0131k\u0131nt\u0131l\u0131 ve ac\u0131l\u0131 d\u00f6nemde yard\u0131mc\u0131 olmak ve sar\u0131lmakt\u0131r. Biz de bu vatan\u0131n evlatlar\u0131y\u0131z, etnik k\u00f6kenimiz ne olursa olsun biz karde\u015fiz. Hep beraber olal\u0131m. Rahat olun biz buraday\u0131z. Mersin ho\u015fg\u00f6r\u00fcl\u00fc, huzurlu ve g\u00fcvenli bir yerdir. Bize ihtiya\u00e7 olursa biz buraday\u0131z&#8221;&nbsp;<\/strong>dedi.<\/p>\n\n\n\n<p><strong>\u015eahuto\u011flu: &#8220;Biz Hatay halk\u0131 olarak birbirimize ba\u011fl\u0131 bir milletiz&#8221;<\/strong><\/p>\n\n\n\n<p>Coffee Ra \u0130\u015fletme Sahibi Recai \u015eahuto\u011flu, deprem s\u00fcrecinden sonra ya\u015fad\u0131klar\u0131n\u0131 anlatarak hem Mersin halk\u0131n\u0131n hem de belediyelerin depremzedelere hem deprem b\u00f6lgesinden hem de Mersin&#8217;de b\u00fcy\u00fck destekler sa\u011flad\u0131\u011f\u0131ndan s\u00f6z ederek,&nbsp;<strong>&#8220;Hepimiz kay\u0131plar ya\u015fad\u0131k. Kimimiz \u00e7ocu\u011funu, kimimiz annesini, kimimiz e\u015fini, dostunu kaybetti. Bizler bir \u015fekilde burada sizler sayesinde birlikte olduk. Biz Hatay halk\u0131 olarak birbirimize ba\u011fl\u0131 bir milletiz. Bizde dil, din, \u0131rk fark etmeden Alevi&#8217;si, S\u00fcnni&#8217;si, Hristiyan&#8217;\u0131 karde\u015f\u00e7e ya\u015f\u0131yoruz. \u00c7ok sa\u011f olun sizler ve sizin gibi insanlar bize burada kucak a\u00e7t\u0131lar. Bizler kocaman bir aileyiz. Sizlerin deste\u011fini ciddi anlamda hissettik&#8221;&nbsp;<\/strong>dedi ve te\u015fekk\u00fcrlerini etti.<\/p>\n\n\n\n<p><strong>Hatayl\u0131 depremzedeler; &#8220;Mersin Hatayl\u0131lar\u0131n g\u00fcvenli liman\u0131&#8221;<\/strong><\/p>\n\n\n\n<p>Depremzede vatanda\u015flar Ba\u015fkan Se\u00e7er&#8217;e;&nbsp;<strong>&#8220;Hatayl\u0131lar sizinle gurur duyuyor&#8221;&nbsp;<\/strong>dediler.&nbsp;&nbsp;Etkinlikte yer alan Defne Hatayspor Taraftar Grubu Ba\u015fkan\u0131 Gazel Cur da depremden sonra ya\u015fad\u0131klar\u0131 s\u0131k\u0131nt\u0131l\u0131 s\u00fcreci aktararak, Mersin B\u00fcy\u00fck\u015fehir taraf\u0131ndan kendilerine sa\u011flanan hizmetleri anlatt\u0131. G\u0131da yard\u0131m\u0131ndan, \u015fehir i\u00e7i otob\u00fcslerle \u00fccretsiz yolculu\u011fa kadar ald\u0131klar\u0131 hizmetleri s\u0131ralayan Cur,<strong>&nbsp;&#8220;Bizi b\u0131rakmad\u0131n\u0131z, bizimle beraber oldunuz. Biliyorsunuz Hatay medeniyetler \u015fehridir. Alevi&#8217;si,&nbsp;&nbsp;S\u00fcnni&#8217;si, Hristiyan&#8217;\u0131 orada hep bir arada ya\u015f\u0131yoruz. Tekrardan \u015fehrimizin aya\u011fa kalkmas\u0131n\u0131 umut ediyoruz. 21 aydan beri Hatay&#8217;da hi\u00e7bir \u015fey yap\u0131lm\u0131yor. Hep yalan haberler;&nbsp;<em>&#8216;\u015funu, bunu yapaca\u011f\u0131z&#8217;<\/em>&nbsp;diyorlar ama hi\u00e7bir \u015fey yap\u0131lm\u0131yor. Bizler Mustafa Kemal Atat\u00fcrk&#8217;\u00fcn emanet etti\u011fi ve&nbsp;<em>&#8216;Hatay benim \u015fahsi meselemdir&#8217;<\/em>&nbsp;dedi\u011fi Hatay&#8217;a da sahip \u00e7\u0131kaca\u011f\u0131z, Mersin&#8217;e de sahip \u00e7\u0131k\u0131yoruz. \u00c7\u00fcnk\u00fc biz ekme\u011fimizi \u015fu anda Mersin&#8217;den yiyoruz&#8221;&nbsp;<\/strong>dedi ve b\u00fct\u00fcn Hatayl\u0131lar ad\u0131na Ba\u015fkan Se\u00e7er&#8217;e te\u015fekk\u00fcr etti.<\/p>\n\n\n\n<p>Mersin Hatayl\u0131lar Dernek Ba\u015fkan Yard\u0131mc\u0131s\u0131 Can Tekg\u00f6z ise&nbsp;<strong>&#8220;<\/strong><strong>Mersin Hatayl\u0131lar\u0131n g\u00fcvenli liman\u0131. Bar\u0131nma ihtiyac\u0131n\u0131 Mersinliler sayesinde giderdik ve bu konuda elinizi hi\u00e7bir zaman \u00e7ekmedi\u011finiz i\u00e7in sonsuz te\u015fekk\u00fcr ederiz. Kendimizi g\u00fcvende hissetti\u011fimiz tek yer Mersin&#8221;&nbsp;&nbsp;<\/strong>diye belirtti.&nbsp;Mersin Hatayl\u0131lar Derne\u011fi Onursal \u00dcyesi Sabahattin Nacio\u011flu da,&nbsp;<strong>&#8220;<\/strong><strong>Hatayl\u0131lar yap\u0131lan iyilikleri hi\u00e7bir zaman unutmazlar. Hatay ilimiz kendine geldi\u011fi zaman biz de sizi orada a\u011f\u0131rlar\u0131z&#8221;&nbsp;<\/strong>ifadelerini kuland\u0131.<\/p>\n\n\n\n<p>Ba\u015fkan Se\u00e7er&#8217;e Hatayspor atk\u0131s\u0131n\u0131n da hediye edildi\u011fi etkinlikte pek \u00e7ok depremzede Mersin B\u00fcy\u00fck\u015fehir taraf\u0131ndan kendilerine uzat\u0131lan yard\u0131m eli ve destekler i\u00e7in te\u015fekk\u00fcr etti. Ba\u015fkan Se\u00e7er son olarak da Coffee Ra&#8217;y\u0131 ziyaret etti. Se\u00e7er, Hatayl\u0131 depremzedelerle \u00e7ektirdi\u011fi hat\u0131ra foto\u011fraf\u0131n\u0131n ard\u0131ndan programdan ayr\u0131ld\u0131.<\/p>\n","protected":false},"excerpt":{"rendered":"<p>Mersin B\u00fcy\u00fck\u015fehir Belediye Ba\u015fkan\u0131 Vahap Se\u00e7er, 6 \u015eubat depreminden sonra Mersin&#8217;e ta\u015f\u0131nan Rabia ve Recai \u015eahuto\u011flu taraf\u0131ndan a\u00e7\u0131lan Coffee Ra&#8217;da d\u00fczenlenen Mersin&#8217;de ya\u015fayan Hatayl\u0131 depremzedelerin Dayan\u0131\u015fma G\u00fcn\u00fc Etkinli\u011fi&#8217;ne kat\u0131l\u0131m sa\u011flad\u0131. Akdeniz \u0130l\u00e7esi K\u00fclt\u00fcr Mahallesi&#8217;nde hizmet veren Coffee Ra taraf\u0131ndan 2.&#8217;si d\u00fczenlenen etkinli\u011fe, Mersin&#8217;de ya\u015fayan Hatayl\u0131 depremzedeler yo\u011fun kat\u0131l\u0131m g\u00f6sterdi. Ba\u015fkan Se\u00e7er ile birlikte Dayan\u0131\u015fma Etkinli\u011fi&#8217;ne [&hellip;]<\/p>\n","protected":false},"author":2,"featured_media":36222,"comment_status":"closed","ping_status":"closed","sticky":false,"template":"","format":"standard","meta":{"footnotes":""},"categories":[3,5],"tags":[],"class_list":["post-36221","post","type-post","status-publish","format-standard","has-post-thumbnail","hentry","category-manset","category-mersin"],"views":1,"_links":{"self":[{"href":"https:\/\/mersinkadingazetesi.com\/index.php?rest_route=\/wp\/v2\/posts\/36221"}],"collection":[{"href":"https:\/\/mersinkadingazetesi.com\/index.php?rest_route=\/wp\/v2\/posts"}],"about":[{"href":"https:\/\/mersinkadingazetesi.com\/index.php?rest_route=\/wp\/v2\/types\/post"}],"author":[{"embeddable":true,"href":"https:\/\/mersinkadingazetesi.com\/index.php?rest_route=\/wp\/v2\/users\/2"}],"replies":[{"embeddable":true,"href":"https:\/\/mersinkadingazetesi.com\/index.php?rest_route=%2Fwp%2Fv2%2Fcomments&post=36221"}],"version-history":[{"count":1,"href":"https:\/\/mersinkadingazetesi.com\/index.php?rest_route=\/wp\/v2\/posts\/36221\/revisions"}],"predecessor-version":[{"id":36223,"href":"https:\/\/mersinkadingazetesi.com\/index.php?rest_route=\/wp\/v2\/posts\/36221\/revisions\/36223"}],"wp:featuredmedia":[{"embeddable":true,"href":"https:\/\/mersinkadingazetesi.com\/index.php?rest_route=\/wp\/v2\/media\/36222"}],"wp:attachment":[{"href":"https:\/\/mersinkadingazetesi.com\/index.php?rest_route=%2Fwp%2Fv2%2Fmedia&parent=36221"}],"wp:term":[{"taxonomy":"category","embeddable":true,"href":"https:\/\/mersinkadingazetesi.com\/index.php?rest_route=%2Fwp%2Fv2%2Fcategories&post=36221"},{"taxonomy":"post_tag","embeddable":true,"href":"https:\/\/mersinkadingazetesi.com\/index.php?rest_route=%2Fwp%2Fv2%2Ftags&post=36221"}],"curies":[{"name":"wp","href":"https:\/\/api.w.org\/{rel}","templated":true}]}}