{"id":36224,"date":"2024-10-20T09:47:34","date_gmt":"2024-10-20T06:47:34","guid":{"rendered":"https:\/\/mersinkadingazetesi.com\/?p=36224"},"modified":"2024-10-20T09:47:34","modified_gmt":"2024-10-20T06:47:34","slug":"ulkenin-dort-bir-yanindan-mersine-gelen-burokratlar-kentten-memnnun-ayrildi","status":"publish","type":"post","link":"https:\/\/mersinkadingazetesi.com\/?p=36224","title":{"rendered":"\u00dcLKEN\u0130N D\u00d6RT B\u0130R YANINDAN MERS\u0130N&#8217;E GELEN B\u00dcROKRATLAR,\u00a0\u00a0KENTTEN MEMNNUN AYRILDI"},"content":{"rendered":"\n<p>Cumhuriyet Halk Partisi (CHP) taraf\u0131ndan, Mersin B\u00fcy\u00fck\u015fehir Belediyesi&#8217;nin ev sahipli\u011finde ger\u00e7ekle\u015ftirilen&nbsp;<strong>&#8216;Kad\u0131na Y\u00f6nelik \u015eiddet ve Toplumsal Cinsiyet E\u015fitli\u011fi Ba\u011flam\u0131nda Sosyal Politikalar \u00c7al\u0131\u015ftay\u0131&#8217;<\/strong>na kat\u0131lan 14 B\u00fcy\u00fck\u015fehir ve 21 il belediyesinden kat\u0131l\u0131m sa\u011flayan belediye b\u00fcrokratlar\u0131 Mersin B\u00fcy\u00fck\u015fehir Belediyesi&#8217;nin hizmetlerini yerinde g\u00f6rd\u00fc. Ziyarette b\u00fcrokratlar; Mersin B\u00fcy\u00fck\u015fehir Belediye Ba\u015fkan\u0131 Vahap Se\u00e7er&#8217;in 2019 y\u0131l\u0131nda g\u00f6reve gelmesinden hemen sonra sosyal ve halk\u00e7\u0131 belediyecilik anlay\u0131\u015f\u0131 ile hayata ge\u00e7irmi\u015f oldu\u011fu projeleri inceledi.<\/p>\n\n\n\n<p>Kentte ya\u015fayan yurtta\u015flar\u0131n\u0131n her ihtiyac\u0131n\u0131 d\u00fc\u015f\u00fcnen ve g\u00f6zeten, her kesimin hayat\u0131na dokunan B\u00fcy\u00fck\u015fehir Belediyesi&#8217;nin uygulamalar\u0131 b\u00fcrokratlar taraf\u0131ndan takdirle kar\u015f\u0131land\u0131. B\u00fcrokratlar; B\u00fcy\u00fck\u015fehir&#8217;in projelerinden iyi \u00f6rnekler sa\u011flayarak kad\u0131nlardan \u00e7ocuklara, gencinden ya\u015fl\u0131s\u0131na var\u0131ncaya kadar sosyal politikalar ve kapsay\u0131c\u0131 projeler \u00fczerinde daha fazla \u00e7al\u0131\u015facaklar\u0131n\u0131n vurgusunu yaparak, halk\u0131n ihtiya\u00e7lar\u0131na y\u00f6nelik \u00e7\u00f6z\u00fcmler geli\u015ftirmeye devam edeceklerini ifade ettiler.<\/p>\n\n\n\n<p><strong>Sefer: &#8220;B\u00fcy\u00fck\u015fehir&#8217;in halka dokunan, taleplerini ve beklentilerini yerine getiren uygulamalar\u0131 var&#8221;<\/strong><\/p>\n\n\n\n<p>K\u0131r\u0131kkale Belediye Ba\u015fkan Yard\u0131mc\u0131s\u0131 Recep Sefer, sosyal politikalar kapsam\u0131nda Mersin B\u00fcy\u00fck\u015fehir&#8217;in yapm\u0131\u015f oldu\u011fu \u00e7al\u0131\u015fmalar\u0131n kendilerine ilham oldu\u011funun alt\u0131n\u0131 \u00e7izdi. K\u0131r\u0131kkale&#8217;ye d\u00f6nd\u00fckten sonra uygulanabilir politikalar\u0131 kendilerine de \u00f6rnek alacaklar\u0131n\u0131 s\u00f6yleyen Sefer,&nbsp;<strong>&#8220;Tabi B\u00fcy\u00fck\u015fehir uzun y\u0131llad\u0131r \u00e7al\u0131\u015fsa da biz 47 y\u0131l sonra K\u0131r\u0131kkale&#8217;yi ald\u0131k ve bunlardan uygulanabilir ve kendi yap\u0131m\u0131za uygun olan politikalar\u0131 al\u0131p oraya uygulamaya \u00e7al\u0131\u015faca\u011f\u0131z. Burada da halka dokunan, halk\u0131n taleplerini ve beklentilerini yerine getiren uygulamalar olmu\u015f. Bir\u00e7o\u011funu gezdik ve be\u011fendik. Ayr\u0131ca di\u011fer illerden gelen kat\u0131l\u0131mc\u0131larla tan\u0131\u015fma ve onlar\u0131n deneyimlerini payla\u015fma imkan\u0131 da bulduk.&nbsp;&nbsp;Ayr\u0131ca gelecekteki sosyal demokrat iktidar\u0131n ayak izlerini de burada g\u00f6rm\u00fc\u015f olduk. Nas\u0131l bir \u00e7al\u0131\u015fma yap\u0131l\u0131r, \u00fclke nas\u0131l y\u00f6netilir, kimlere dokunulur, kimler i\u00e7in neler yap\u0131labilir \u015feklinde olduk\u00e7a verimli bir \u00e7al\u0131\u015fmayd\u0131. Mersin B\u00fcy\u00fck\u015fehir Belediyesi&#8217;nin misafirperverli\u011fi de ayr\u0131 bir \u00f6neme haizdi&#8221;<\/strong>&nbsp;dedi.<\/p>\n\n\n\n<p><strong>Dolan\u00e7ay: &#8220;Hi\u00e7 evinden \u00e7\u0131kmayan \u00e7ocuk, bu merkezi ziyaret etti\u011finde hayalleri b\u00fcy\u00fcyecektir&#8221;<\/strong><\/p>\n\n\n\n<p>Adana B\u00fcy\u00fck\u015fehir Belediyesi Kad\u0131n ve Aile Hizmetleri Dairesi Ba\u015fkan\u0131 Ayten Dolan\u00e7ay, Mercan 100. Y\u0131l \u0130klim ve \u00c7evre Bilim Merkezi&#8217;nden b\u00fcy\u00fclendi\u011fini ve \u00f6zellikle son y\u0131llarda ya\u015fanan iklim krizi sebebi ile \u00e7ocuklar\u0131n bu merkezi ziyaret etmesinin olduk\u00e7a k\u0131ymetli oldu\u011funun alt\u0131n\u0131 \u00e7izdi. G\u00f6rsel haf\u0131zan\u0131n \u00e7ocuklar i\u00e7in \u00e7ok \u00f6nemli oldu\u011funu vurgulayan Do\u011fan\u00e7ay,&nbsp;<strong>&#8220;Oralar\u0131 g\u00f6r\u00fcp somutla\u015ft\u0131rd\u0131\u011f\u0131n\u0131zda hayalleriniz b\u00fcy\u00fcr. Hi\u00e7 evinden, kendi lokasyonundan \u00e7\u0131kmayan, gelir d\u00fczeyi d\u00fc\u015f\u00fck olan \u00e7ocuklar\u0131n buray\u0131 g\u00f6rd\u00fc\u011f\u00fcnde hayalleri b\u00fcy\u00fcyecektir ve o hayaller ger\u00e7ekle\u015fecektir. Dolay\u0131s\u0131yla biz, Adana B\u00fcy\u00fck\u015fehir Belediyesi Kad\u0131n ve Aile Hizmetleri Dairesi Ba\u015fkanl\u0131\u011f\u0131 olarak dezavantajl\u0131 mahallelerimizden buray\u0131 ziyaret etmeye karar verdik&#8221;<\/strong>&nbsp;ifadelerini kulland\u0131.<\/p>\n\n\n\n<p><strong>Tak\u0131nd\u0131: &#8220;B\u00fcy\u00fck\u015fehir&#8217;in sosyal politikalar\u0131 olduk\u00e7a takdir edici&#8221;<\/strong><\/p>\n\n\n\n<p>Edirne Belediyesi Kad\u0131n ve Aile Hizmetleri M\u00fcd\u00fcr\u00fc \u00d6zlem Tak\u0131nd\u0131, Mersin&#8217;de yapm\u0131\u015f olduklar\u0131 ziyaretlerin olduk\u00e7a verimli ge\u00e7ti\u011fini ve bu s\u00fcre\u00e7te neleri nas\u0131l yapmalar\u0131 gerekti\u011fini de \u00f6\u011frenmi\u015f olduklar\u0131n\u0131 ifade etti. Tak\u0131nd\u0131,&nbsp;<strong>&#8220;\u00c7ok organize m\u00fckemmel bir geziydi. B\u00fcy\u00fck\u015fehir Belediyesi \u00e7ok g\u00fczel i\u015fler yapm\u0131\u015f. Sosyal politikalar\u0131n\u0131z m\u00fckemmel. Kad\u0131na, \u00e7ocu\u011fa, aileye nas\u0131l dokunaca\u011f\u0131n\u0131z\u0131 \u00e7ok iyi analiz etmi\u015fsiniz. Ben bu geziden \u00e7ok memnun kald\u0131m ve Edirne&#8217;ye d\u00f6nd\u00fc\u011f\u00fcmde Ba\u015fkan\u0131m\u0131z ile bunlar\u0131 kesinlikle payla\u015faca\u011f\u0131m. B\u00fcy\u00fck\u015fehir Belediyesi&#8217;nin ailelere dokunma \u015fekli benim i\u00e7in en dikkat \u00e7ekici olan\u0131yd\u0131. \u0130nsanalar nas\u0131l sahip \u00e7\u0131kaca\u011f\u0131n\u0131, \u015fehre ve y\u00f6netime, hayata nas\u0131l kataca\u011f\u0131n\u0131 B\u00fcy\u00fck\u015fehir \u00e7ok g\u00fczel analiz etmi\u015f. Bu benim \u00e7ok dikkatimi \u00e7ekti ve \u00e7ok da takdir g\u00f6rd\u00fc ben de&#8221;<\/strong>&nbsp;ifadelerini kulland\u0131.<\/p>\n\n\n\n<p><strong>Er\u00f6zcan: &#8220;B\u00fcy\u00fck\u015fehir&#8217;in kad\u0131na ve \u00e7ocu\u011fa verdi\u011fi de\u011feri g\u00f6rmek \u00e7ok g\u00fczeldi&#8221;<\/strong><\/p>\n\n\n\n<p>Bart\u0131n Belediyesi Yaz\u0131 \u0130\u015fleri M\u00fcd\u00fcr\u00fc Feray Er\u00f6zcan, Mersin&#8217;de kald\u0131klar\u0131 s\u00fcre boyunca \u00e7ok g\u00fczel bir \u015fekilde a\u011f\u0131rland\u0131klar\u0131n\u0131 ve B\u00fcy\u00fck\u015fehir Belediyesi&#8217;nin yapm\u0131\u015f oldu\u011fu projelerin di\u011fer belediyeler taraf\u0131ndan da \u00f6rnek al\u0131nmas\u0131 gerekti\u011fini vurgulad\u0131. Er\u00f6zcan,&nbsp;<strong>&#8220;2 g\u00fcnd\u00fcr \u015fehrinizde yap\u0131lan etkinlik ve projeleri dinliyoruz. Hepsi \u00e7ok g\u00fczel. Ke\u015fke hepsi b\u00fct\u00fcn illerimizde uygulanabilse. Biz de bunun i\u00e7in buraday\u0131z zaten. Sizin iyi uygulama \u00f6rneklerinizi al\u0131p umar\u0131m kendi kentimizde de uygulayabiliriz. \u00d6zellikle kad\u0131na ve \u00e7ocu\u011fa verilen de\u011fer tart\u0131\u015f\u0131lamaz. Bunu g\u00f6rmek \u00e7ok g\u00fczeldi&#8221;<\/strong>&nbsp;dedi.<\/p>\n\n\n\n<p><strong>Akta\u015f\u00e7\u0131: &#8220;B\u00fct\u00fcnc\u00fcl olarak bakt\u0131\u011f\u0131mda Mersin&#8217;de bir\u00e7ok \u015fey de\u011fi\u015fmi\u015f&#8221;<\/strong><\/p>\n\n\n\n<p>Mersin&#8217;de dikkatini \u00e7eken ilk noktan\u0131n temiz bir \u015fehir oldu\u011funu s\u00f6yleyen \u00c7anakkale Belediyesi Sosyal Destek Hizmetleri M\u00fcd\u00fcrl\u00fc\u011f\u00fc&#8217;nden G\u00fclay Akta\u015f\u00e7\u0131,&nbsp;<strong>&#8220;Ben daha \u00f6nce de buraya gelmi\u015ftim,&nbsp;&nbsp;b\u00fct\u00fcnc\u00fcl olarak bakt\u0131\u011f\u0131mda bir\u00e7ok \u015feyi de\u011fi\u015fmi\u015f. Buras\u0131 daha da g\u00fczel bir g\u00f6r\u00fcnt\u00fc alm\u0131\u015f a\u00e7\u0131k\u00e7as\u0131. Sosyal politikalar anlam\u0131nda da baz\u0131 uygulamalar\u0131 kendime \u00f6rnek ald\u0131m. Benim daha \u00e7ok dikkatimi \u00e7eken ise; t\u00fcm belediyeler sosyal yard\u0131mlar, halk kartlar, sosyal ya\u015fam evleri gibi uygulamalar yap\u0131yor ancak \u00f6nemli olan bizim de\u011fi\u015fik uygulamalar\u0131 birbirimizle payla\u015f\u0131yor, aktar\u0131yor olmam\u0131zd\u0131. Bu da bana g\u00fczel geldi&#8221;<\/strong>&nbsp;s\u00f6zlerine yer verdi.<\/p>\n\n\n\n<p><strong>B\u00fcrokratlar; herkesin ve her kesimin hayat\u0131na dokunan uygulamalar\u0131 yerinde g\u00f6rd\u00fc<\/strong><\/p>\n\n\n\n<p>\u0130lk olarak Ba\u015fkan Vahap Se\u00e7er&#8217;in&nbsp;<strong>&#8216;Sahilleri ranta de\u011fil halka a\u00e7\u0131yoruz&#8217;<\/strong>&nbsp;anlay\u0131\u015f\u0131 ile hayata ge\u00e7irmi\u015f oldu\u011fu ve T\u00fcrkiye&#8217;de bir ilk olan Adres Okuma Salonu&#8217;nu ziyaret eden b\u00fcrokratlar sonras\u0131nda MERCAN 100. Y\u0131l \u0130klim ve \u00c7evre Bilim Merkezi&#8217;ne ge\u00e7ti. B\u00fcrokratlar, \u00e7ocuklara iklim ve \u00e7evre fark\u0131ndal\u0131\u011f\u0131 yaratman\u0131n yan\u0131 s\u0131ra sim\u00fclat\u00f6r ve deney d\u00fczenekleri arac\u0131l\u0131\u011f\u0131 ile bilim d\u00fcnyas\u0131n\u0131n s\u0131n\u0131rlar\u0131n\u0131 ke\u015ffetmelerine yard\u0131mc\u0131 olan merkeze hayran kald\u0131. Merkezde, T\u00fcrkiye&#8217;nin en b\u00fcy\u00fck kapasiteli ve en b\u00fcy\u00fck perde \u00e7ap\u0131na sahip planetaryumunda&nbsp;<strong>&#8216;Astronot&#8217;<\/strong>&nbsp;adl\u0131 k\u0131sa filmi seyrettiler.<\/p>\n\n\n\n<p>Ziyaretlerini; Taziye Evi, Okuma Salonu, Emekli Evi, E\u011fitimi ve \u00d6\u011fretimi Destekleme Kurs Merkezi ve \u00c7ocuk Geli\u015fim Merkezi&#8217;nin bir arada oldu\u011fu b\u00fct\u00fcnsel bir merkez i\u015flevi g\u00f6ren Halkkent Sosyal Ya\u015fam Merkezi ile ziyaretlerini devam ettiren b\u00fcrokratlar, B\u00fcy\u00fck\u015fehir&#8217;in yeni hayata ge\u00e7irdi\u011fi Mersin Sosyal Politikalar Ofisi&#8217;nde de inceleme yapt\u0131lar.<\/p>\n\n\n\n<p>B\u00fcy\u00fck\u015fehir Belediyesi&#8217;nin istihdama ve kalifiye i\u015f g\u00fcc\u00fcn\u00fcn yetirilmesine katk\u0131 sa\u011flad\u0131\u011f\u0131 T\u0131rm\u0131l MERCEK Mesleki E\u011fitim Merkezi&#8217;nde verilen kurs ve uygulamal\u0131 e\u011fitimler hakk\u0131nda bilgi alan b\u00fcrokratlar\u0131n ziyareti, kadim kent Tarsus&#8217;un g\u00f6r\u00fclmesi ile noktaland\u0131. B\u00fcrokratlar; 8 bin y\u0131l \u00f6ncesine uzanan antik tarihi, gastronomisi ve k\u00fclt\u00fcrel de\u011ferleri ile Tarsus&#8217;u yak\u0131ndan g\u00f6rme ve tan\u0131ma imkan\u0131 buldular.<\/p>\n","protected":false},"excerpt":{"rendered":"<p>Cumhuriyet Halk Partisi (CHP) taraf\u0131ndan, Mersin B\u00fcy\u00fck\u015fehir Belediyesi&#8217;nin ev sahipli\u011finde ger\u00e7ekle\u015ftirilen&nbsp;&#8216;Kad\u0131na Y\u00f6nelik \u015eiddet ve Toplumsal Cinsiyet E\u015fitli\u011fi Ba\u011flam\u0131nda Sosyal Politikalar \u00c7al\u0131\u015ftay\u0131&#8217;na kat\u0131lan 14 B\u00fcy\u00fck\u015fehir ve 21 il belediyesinden kat\u0131l\u0131m sa\u011flayan belediye b\u00fcrokratlar\u0131 Mersin B\u00fcy\u00fck\u015fehir Belediyesi&#8217;nin hizmetlerini yerinde g\u00f6rd\u00fc. Ziyarette b\u00fcrokratlar; Mersin B\u00fcy\u00fck\u015fehir Belediye Ba\u015fkan\u0131 Vahap Se\u00e7er&#8217;in 2019 y\u0131l\u0131nda g\u00f6reve gelmesinden hemen sonra sosyal ve halk\u00e7\u0131 [&hellip;]<\/p>\n","protected":false},"author":2,"featured_media":36225,"comment_status":"closed","ping_status":"closed","sticky":false,"template":"","format":"standard","meta":{"footnotes":""},"categories":[34,3],"tags":[],"class_list":["post-36224","post","type-post","status-publish","format-standard","has-post-thumbnail","hentry","category-flas-haber","category-manset"],"views":3,"_links":{"self":[{"href":"https:\/\/mersinkadingazetesi.com\/index.php?rest_route=\/wp\/v2\/posts\/36224"}],"collection":[{"href":"https:\/\/mersinkadingazetesi.com\/index.php?rest_route=\/wp\/v2\/posts"}],"about":[{"href":"https:\/\/mersinkadingazetesi.com\/index.php?rest_route=\/wp\/v2\/types\/post"}],"author":[{"embeddable":true,"href":"https:\/\/mersinkadingazetesi.com\/index.php?rest_route=\/wp\/v2\/users\/2"}],"replies":[{"embeddable":true,"href":"https:\/\/mersinkadingazetesi.com\/index.php?rest_route=%2Fwp%2Fv2%2Fcomments&post=36224"}],"version-history":[{"count":1,"href":"https:\/\/mersinkadingazetesi.com\/index.php?rest_route=\/wp\/v2\/posts\/36224\/revisions"}],"predecessor-version":[{"id":36226,"href":"https:\/\/mersinkadingazetesi.com\/index.php?rest_route=\/wp\/v2\/posts\/36224\/revisions\/36226"}],"wp:featuredmedia":[{"embeddable":true,"href":"https:\/\/mersinkadingazetesi.com\/index.php?rest_route=\/wp\/v2\/media\/36225"}],"wp:attachment":[{"href":"https:\/\/mersinkadingazetesi.com\/index.php?rest_route=%2Fwp%2Fv2%2Fmedia&parent=36224"}],"wp:term":[{"taxonomy":"category","embeddable":true,"href":"https:\/\/mersinkadingazetesi.com\/index.php?rest_route=%2Fwp%2Fv2%2Fcategories&post=36224"},{"taxonomy":"post_tag","embeddable":true,"href":"https:\/\/mersinkadingazetesi.com\/index.php?rest_route=%2Fwp%2Fv2%2Ftags&post=36224"}],"curies":[{"name":"wp","href":"https:\/\/api.w.org\/{rel}","templated":true}]}}