{"id":36227,"date":"2024-10-20T13:24:03","date_gmt":"2024-10-20T10:24:03","guid":{"rendered":"https:\/\/mersinkadingazetesi.com\/?p=36227"},"modified":"2024-10-20T13:24:04","modified_gmt":"2024-10-20T10:24:04","slug":"mersinde-kushimoto-sokak-sanatcilari-festivali-coskusu","status":"publish","type":"post","link":"https:\/\/mersinkadingazetesi.com\/?p=36227","title":{"rendered":"Mersin&#8217;de &#8216;Kushimoto Sokak Sanat\u00e7\u0131lar\u0131 Festivali\u2019 co\u015fkusu"},"content":{"rendered":"\n<p><strong>Mersin<\/strong>&#8216;de Yeni\u015fehir Belediyesinin bir sivil toplum \u00f6rg\u00fct\u00fc i\u015fbirli\u011finde bu y\u0131l 6.\u2019s\u0131 d\u00fczenledi\u011fi &#8216;Uluslararas\u0131&nbsp;<strong>Mersin<\/strong>&nbsp;Kushimoto Sokak Sanat\u00e7\u0131lar\u0131 Festivali&#8217; yeni renkli g\u00f6r\u00fcnt\u00fclere sahne oldu. Binlerce ki\u015finin kat\u0131ld\u0131\u011f\u0131 festivalde m\u00fczisyenler, ressamlar, dans gruplar\u0131 ve performans sanat\u00e7\u0131lar\u0131 yeteneklerini sergiledi.<br>Geleneksel hale gelen ve bu y\u0131l uluslararas\u0131 boyut kazanan&nbsp;<strong>Mersin<\/strong>&nbsp;Kushimoto Sokak Sanat\u00e7\u0131lar\u0131 Festivali, T\u00fcrkiye\u2019nin farkl\u0131 kentlerinden ve Kuzey K\u0131br\u0131s T\u00fcrk Cumhuriyeti\u2019nden sanat\u00e7\u0131lar\u0131 bulu\u015fturdu. Ara\u00e7 trafi\u011fine kapat\u0131lan Kushimoto Soka\u011f\u0131 karnaval havas\u0131na b\u00fcr\u00fcnd\u00fc, sanatsal bulu\u015fma noktas\u0131na d\u00f6n\u00fc\u015ft\u00fc.&nbsp;<strong>Mersin<\/strong>\u2019in en yo\u011fun sosyal ya\u015fam alanlar\u0131ndan biri olan Kushimoto Soka\u011f\u0131nda d\u00fczenlenen festival, renkli anlara sahne oldu. M\u00fczisyenler, ressamlar, dans gruplar\u0131 ile performans ve grafiti sanat\u00e7\u0131lar\u0131n\u0131n yeteneklerini sergiledi\u011fi festivalde,&nbsp;<strong>Mersin<\/strong>li vatanda\u015flar da keyifli vakit ge\u00e7irme f\u0131rsat\u0131 yakalad\u0131. Vatanda\u015flar ayr\u0131ca festival alan\u0131nda d\u00fczenlenen resim, heykel ve el sanatlar\u0131 at\u00f6lyelerine kat\u0131larak kendi sanat eserlerini olu\u015fturma imk\u00e2n\u0131 buldu.<\/p>\n\n\n\n<p>\u201cBu festivaller vatanda\u015flar\u0131m\u0131z\u0131 mutlu ediyor\u201d<br>D\u00fczenledikleri festivallere vatanda\u015flar\u0131n yo\u011fun ilgi g\u00f6sterdi\u011fini s\u00f6yleyen Yeni\u015fehir Belediye Ba\u015fkan\u0131 Abdullah \u00d6zyi\u011fit, \u201cG\u00f6reve geldi\u011fimizde y\u00f6netim anlay\u0131\u015f\u0131m\u0131z\u0131 olu\u015fturan 6 temel ilkemizden biri \u2018hareket\u2019 ilkesiydi. Hareket, k\u00fclt\u00fcr ve sanat faaliyetleriyle insanlar\u0131n daha \u00e7ok ileti\u015fim ve dostluk kurmas\u0131n\u0131, kucakla\u015fmas\u0131n\u0131 i\u00e7eren bir ilkemizdi. Ge\u00e7en hafta kentimizde Uluslararas\u0131 Yeni\u015fehir K\u00fclt\u00fcr Festivali\u2019ni d\u00fczenledik. Bu festivaller vatanda\u015flar\u0131m\u0131z\u0131 mutlu ediyor. Yapmaya devam edece\u011fiz&#8221; dedi.<\/p>\n\n\n\n<p>\u201cBirlik, beraberlik ve karde\u015fli\u011fe ihtiyac\u0131m\u0131z var.\u201d<br>Japonya, Almanya ve \u00c7in\u2019den de sokak sanat\u00e7\u0131lar\u0131n\u0131 getirmek istediklerini belirten \u00d6zyi\u011fit, \u015funlar\u0131 dile getirdi: \u201c<strong>Mersin<\/strong>\u2019in en g\u00fczel festivalinde hem\u015fehrilerimizi a\u011f\u0131rlamaktan onur duyuyoruz. Gelecekte Japonya\u2019n\u0131n Kushimoto kenti ile Almanya ve \u00c7in\u2019den de sokak sanat\u00e7\u0131lar\u0131n\u0131 getirmek istiyoruz. Oralarda da karde\u015f belediyelerimiz var. \u015euan da en \u00e7ok ihtiyac\u0131m\u0131z olan \u015fey karde\u015flik. Birlik, beraberlik ve karde\u015fli\u011fe ihtiyac\u0131m\u0131z var&#8221;.<\/p>\n","protected":false},"excerpt":{"rendered":"<p>Mersin&#8216;de Yeni\u015fehir Belediyesinin bir sivil toplum \u00f6rg\u00fct\u00fc i\u015fbirli\u011finde bu y\u0131l 6.\u2019s\u0131 d\u00fczenledi\u011fi &#8216;Uluslararas\u0131&nbsp;Mersin&nbsp;Kushimoto Sokak Sanat\u00e7\u0131lar\u0131 Festivali&#8217; yeni renkli g\u00f6r\u00fcnt\u00fclere sahne oldu. Binlerce ki\u015finin kat\u0131ld\u0131\u011f\u0131 festivalde m\u00fczisyenler, ressamlar, dans gruplar\u0131 ve performans sanat\u00e7\u0131lar\u0131 yeteneklerini sergiledi.Geleneksel hale gelen ve bu y\u0131l uluslararas\u0131 boyut kazanan&nbsp;Mersin&nbsp;Kushimoto Sokak Sanat\u00e7\u0131lar\u0131 Festivali, T\u00fcrkiye\u2019nin farkl\u0131 kentlerinden ve Kuzey K\u0131br\u0131s T\u00fcrk Cumhuriyeti\u2019nden sanat\u00e7\u0131lar\u0131 bulu\u015fturdu. [&hellip;]<\/p>\n","protected":false},"author":2,"featured_media":36228,"comment_status":"closed","ping_status":"closed","sticky":false,"template":"","format":"standard","meta":{"footnotes":""},"categories":[3],"tags":[],"class_list":["post-36227","post","type-post","status-publish","format-standard","has-post-thumbnail","hentry","category-manset"],"views":8,"_links":{"self":[{"href":"https:\/\/mersinkadingazetesi.com\/index.php?rest_route=\/wp\/v2\/posts\/36227"}],"collection":[{"href":"https:\/\/mersinkadingazetesi.com\/index.php?rest_route=\/wp\/v2\/posts"}],"about":[{"href":"https:\/\/mersinkadingazetesi.com\/index.php?rest_route=\/wp\/v2\/types\/post"}],"author":[{"embeddable":true,"href":"https:\/\/mersinkadingazetesi.com\/index.php?rest_route=\/wp\/v2\/users\/2"}],"replies":[{"embeddable":true,"href":"https:\/\/mersinkadingazetesi.com\/index.php?rest_route=%2Fwp%2Fv2%2Fcomments&post=36227"}],"version-history":[{"count":1,"href":"https:\/\/mersinkadingazetesi.com\/index.php?rest_route=\/wp\/v2\/posts\/36227\/revisions"}],"predecessor-version":[{"id":36229,"href":"https:\/\/mersinkadingazetesi.com\/index.php?rest_route=\/wp\/v2\/posts\/36227\/revisions\/36229"}],"wp:featuredmedia":[{"embeddable":true,"href":"https:\/\/mersinkadingazetesi.com\/index.php?rest_route=\/wp\/v2\/media\/36228"}],"wp:attachment":[{"href":"https:\/\/mersinkadingazetesi.com\/index.php?rest_route=%2Fwp%2Fv2%2Fmedia&parent=36227"}],"wp:term":[{"taxonomy":"category","embeddable":true,"href":"https:\/\/mersinkadingazetesi.com\/index.php?rest_route=%2Fwp%2Fv2%2Fcategories&post=36227"},{"taxonomy":"post_tag","embeddable":true,"href":"https:\/\/mersinkadingazetesi.com\/index.php?rest_route=%2Fwp%2Fv2%2Ftags&post=36227"}],"curies":[{"name":"wp","href":"https:\/\/api.w.org\/{rel}","templated":true}]}}