{"id":36233,"date":"2024-10-21T11:24:42","date_gmt":"2024-10-21T08:24:42","guid":{"rendered":"https:\/\/mersinkadingazetesi.com\/?p=36233"},"modified":"2024-10-21T11:24:42","modified_gmt":"2024-10-21T08:24:42","slug":"ayni-acilar-tekrar-yasanmasin-diye-buyuksehirden-deprem-tatbikati","status":"publish","type":"post","link":"https:\/\/mersinkadingazetesi.com\/?p=36233","title":{"rendered":"AYNI ACILAR TEKRAR YA\u015eANMASIN D\u0130YE B\u00dcY\u00dcK\u015eEH\u0130R&#8217;DEN &#8216;DEPREM TATB\u0130KATI&#8217;"},"content":{"rendered":"\n<p>Deprem \u00fclkesi olan T\u00fcrkiye&#8217;de ge\u00e7ti\u011fimiz y\u0131l ya\u015fanan Kahramanmara\u015f merkezli 7,1 ve 7,2 \u015fiddetli depremin ard\u0131ndan yurtta\u015flar yine ayn\u0131 ac\u0131lar\u0131 ya\u015famas\u0131n, daha h\u0131zl\u0131 harekete ge\u00e7ilsin diye \u00e7al\u0131\u015fmalar yapan Mersin B\u00fcy\u00fck\u015fehir Belediyesi,&nbsp;<strong><em>&#8216;Deprem Tatbikat\u0131&#8217;<\/em><\/strong>&nbsp;ger\u00e7ekle\u015ftirdi. Kadrosu her ge\u00e7en g\u00fcn geni\u015fletilerek gen\u00e7 ve dinamik bir hale gelen B\u00fcy\u00fck\u015fehir&#8217;in; olas\u0131 bir deprem felaketi an\u0131nda 51 ekibi, 276 personeli, 118 arac\u0131 haz\u0131r durumda.<\/p>\n\n\n\n<p>Y\u00fczlerce personelini olas\u0131 bir felaket durumunda yurtta\u015f\u0131n yarar\u0131 i\u00e7in haz\u0131r hale getiren B\u00fcy\u00fck\u015fehir; \u0130tfaiye Dairesi Ba\u015fkanl\u0131\u011f\u0131, Kad\u0131n ve Aile Hizmetleri Dairesi Ba\u015fkanl\u0131\u011f\u0131, Sa\u011fl\u0131k \u0130\u015fleri Dairesi Ba\u015fkanl\u0131\u011f\u0131, Sosyal Hizmetler Dairesi Ba\u015fkanl\u0131\u011f\u0131, Tar\u0131msal Hizmetler Dairesi Ba\u015fkanl\u0131\u011f\u0131, Gen\u00e7lik ve Spor Hizmetleri Dairesi Ba\u015fkanl\u0131\u011f\u0131, Mezarl\u0131k Dairesi Ba\u015fkanl\u0131\u011f\u0131, Fen \u0130\u015fleri Dairesi Ba\u015fkanl\u0131\u011f\u0131, Makine \u0130kmal Bak\u0131m ve Onar\u0131m Dairesi Ba\u015fkanl\u0131\u011f\u0131, Ula\u015f\u0131m Dairesi Ba\u015fkanl\u0131\u011f\u0131, \u00c7evre Koruma ve Kontrol Dairesi Ba\u015fkanl\u0131\u011f\u0131, Yol Yap\u0131m, Bak\u0131m ve Onar\u0131m Dairesi Ba\u015fkanl\u0131\u011f\u0131, Zab\u0131ta Dairesi Ba\u015fkanl\u0131\u011f\u0131 ile Mersin Su ve Kanalizasyon \u0130daresi Genel M\u00fcd\u00fcrl\u00fc\u011f\u00fc&#8217;n\u00fc (MESK\u0130) seferber edecek.<\/p>\n\n\n\n<p>\u00c7ok say\u0131da ekibin, personelin ve arac\u0131n yan\u0131 s\u0131ra, olay yerine giden ekiplerin olaylara m\u00fcdahale ederken hem h\u0131zl\u0131 olmalar\u0131 hem de gerekti\u011finde dinlenmeleri i\u00e7in yap\u0131lan&nbsp;<strong><em>&#8216;Mobil Ya\u015fam Otob\u00fcs\u00fc&#8217;<\/em><\/strong>n\u00fc de tatbikatta kullanan B\u00fcy\u00fck\u015fehir; deprem felaketinde ya\u015fan\u0131lacak her \u015feyi detayl\u0131ca d\u00fc\u015f\u00fcnerek, ba\u015far\u0131l\u0131 bir tatbikat d\u00fczenledi.<\/p>\n\n\n\n<p><strong>Tok: &#8220;Birimlerimizin kat\u0131ld\u0131\u011f\u0131 tatbikat, ba\u015far\u0131l\u0131 bir \u015fekilde tamamland\u0131&#8221;<\/strong><\/p>\n\n\n\n<p>Mersin B\u00fcy\u00fck\u015fehir Belediyesi Genel Sekreteri Olcay Tok, 6 \u015eubat 2023 tarihinde ya\u015fanan b\u00fcy\u00fck afetin ard\u0131ndan 11 ilin etkilendi\u011fini ve Mersin&#8217;in de afet b\u00f6lgesi ilan edilmemesine ra\u011fmen depremden etkilendi\u011fini aktard\u0131. Depremin ard\u0131ndan b\u00f6lgeye k\u0131sa s\u00fcre i\u00e7erisinde ekipler y\u00f6nlendirdiklerini hat\u0131rlatan Tok; Hatay, Kahramanmara\u015f ve Ad\u0131yaman illerine Mersin B\u00fcy\u00fck\u015fehir Belediyesi&#8217;nin itfaiye ekiplerinin intikal etti\u011fini anlatt\u0131. Ya\u015fanan depremin ard\u0131ndan Mersin B\u00fcy\u00fck\u015fehir&#8217;de kurulan Afet \u0130\u015fleri Dairesi Ba\u015fkanl\u0131\u011f\u0131 hakk\u0131nda da bilgi veren Tok,&nbsp;<strong>&#8220;Depremin ard\u0131ndan, itfaiye ekiplerimizin deprem an\u0131ndaki bir olaya m\u00fcdahale imkanlar\u0131 art\u0131r\u0131ld\u0131. Ekiplerimiz, yak\u0131n bir zamanda madencilerden de e\u011fitim alacaklar ve bir enkaza girdi\u011fi zaman ne yapmas\u0131 gerekti\u011fini, hangi kolonu kesmesi gerekti\u011fini, nas\u0131l bir tahkimat yapmas\u0131 gerekti\u011fini \u00f6\u011frenecekler&#8221;&nbsp;<\/strong>dedi. Ya\u015fanan b\u00fcy\u00fck depremden sonra Makine \u0130kmal Bak\u0131m ve Onar\u0131m Dairesi Ba\u015fkanl\u0131\u011f\u0131 taraf\u0131ndan&nbsp;<strong><em>&#8216;Mobil Ya\u015fam Otob\u00fcsleri&#8217;<\/em><\/strong>&nbsp;yap\u0131ld\u0131\u011f\u0131n\u0131 kaydeden Tok,<strong>&nbsp;&#8220;\u00c7\u00fcnk\u00fc ekiplerin orada kald\u0131klar\u0131 yerler k\u00f6t\u00fcyd\u00fc. \u0130htiya\u00e7lar\u0131n\u0131 giderecek ve yemek yapacak imk\u00e2nlar\u0131 yoktu&#8221;&nbsp;<\/strong>diye belirtti.<\/p>\n\n\n\n<p><strong>&#8220;Bu tatbikattaki as\u0131l amac\u0131m\u0131z; potansiyelimizi ve (varsa) eksiklerimizi g\u00f6rmekti&#8221;<\/strong><\/p>\n\n\n\n<p>Tatbikat hakk\u0131nda da bilgi veren Tok; Malatya, Elaz\u0131\u011f ve Ad\u0131yaman olmak \u00fczere 3 \u015fehre, sanki orada bir deprem olmu\u015f gibi 1 saat i\u00e7erisinde yola \u00e7\u0131kacak \u015fekilde ekipleri haz\u0131rlad\u0131klar\u0131ndan s\u00f6z ederek,&nbsp;<strong>&#8220;1 saat i\u00e7erisinde ekiplerimizin hepsini ATA E\u011fitim Merkezimizde toplay\u0131p, intikallerini ve hareketlerini buradan sa\u011flam\u0131\u015f olduk. \u0130tfaiye, Yol Yap\u0131m Bak\u0131m ve Onar\u0131m, Fen \u0130\u015fleri ile Kad\u0131n ve Aile Hizmetleri Dairesi Ba\u015fkanl\u0131\u011f\u0131&#8217;ndan vatanda\u015flar\u0131m\u0131za yard\u0131mc\u0131 olacak olan ekiplerimiz haz\u0131rd\u0131. Yakla\u015f\u0131k 100 personel, 3 \u015fehre gidecek durumdayd\u0131 ve tatbikat ba\u015far\u0131l\u0131 ger\u00e7ekle\u015fti. Bizim bu tatbikat\u0131 yaparken as\u0131l amac\u0131m\u0131z; potansiyelimizi g\u00f6rmek ve onun akabinde de eksiklerimiz varsa bu eksikleri tamamlamakt\u0131&#8221;&nbsp;<\/strong>ifadelerini kulland\u0131.<\/p>\n\n\n\n<p><strong>&#8220;Ya\u015fam Otob\u00fcsleri ile ekiplerimizin rahat\u0131n\u0131 ve verimli m\u00fcdahaleyi sa\u011flam\u0131\u015f olaca\u011f\u0131z&#8221;<\/strong><\/p>\n\n\n\n<p>Olas\u0131 bir afet durumunda b\u00f6lgeye intikal edecek ara\u00e7lar\u0131n i\u00e7erisinde maksat \u00e7ad\u0131r\u0131n\u0131n da olaca\u011f\u0131n\u0131 kaydeden Tok,<strong>&nbsp;&#8220;Genel maksat \u00e7ad\u0131r\u0131m\u0131zda, personele yetecek kadar uyku tulumlar\u0131yla beraber bir \u00e7ad\u0131r\u0131m\u0131z olacak. \u00c7\u00fcnk\u00fc oraya giden arkada\u015flar\u0131m\u0131z\u0131n, ayn\u0131 zamanda kendi rahatlar\u0131n\u0131 da sa\u011flamam\u0131z gerekiyor&#8221;&nbsp;<\/strong>dedi. B\u00fcy\u00fck\u015fehir&#8217;in Mobil Ya\u015fam Otob\u00fcsleri hakk\u0131nda da detayl\u0131 bilgi veren Tok,&nbsp;<strong>&#8220;Otob\u00fcslerin i\u00e7erisinde yer alan yataklar, konforlu ve ranza \u015feklinde. Onun d\u0131\u015f\u0131nda tuvalet, banyo, du\u015f imk\u00e2nlar\u0131, buzdolab\u0131 ve klimas\u0131 olmak \u00fczere her \u015feyi var. Ekiplerimizin rahat\u0131n\u0131 sa\u011flarken, olaylara da verimli bir \u015fekilde m\u00fcdahale imkanlar\u0131n\u0131 sa\u011flam\u0131\u015f olaca\u011f\u0131z&#8221;&nbsp;<\/strong>\u015feklinde konu\u015ftu.<\/p>\n\n\n\n<p><strong>&#8220;Deprem, sel, orman yang\u0131n\u0131 gibi afetler, maalesef \u00fclkemizin bir ger\u00e7e\u011fi&#8221;<\/strong><\/p>\n\n\n\n<p>Tok, depremin bir \u00fclke ger\u00e7e\u011fi oldu\u011funu s\u00f6yleyerek,&nbsp;<strong>&#8220;Olumsuzluk durumunda biz yine haz\u0131rd\u0131k. Ama \u015funu unutmamak laz\u0131m; deprem, sel, orman yang\u0131n\u0131 gibi afetler, maalesef \u00fclkemizin bir ger\u00e7e\u011fi&#8221;&nbsp;<\/strong>ifadelerine yer verdi.&nbsp;&nbsp;<\/p>\n","protected":false},"excerpt":{"rendered":"<p>Deprem \u00fclkesi olan T\u00fcrkiye&#8217;de ge\u00e7ti\u011fimiz y\u0131l ya\u015fanan Kahramanmara\u015f merkezli 7,1 ve 7,2 \u015fiddetli depremin ard\u0131ndan yurtta\u015flar yine ayn\u0131 ac\u0131lar\u0131 ya\u015famas\u0131n, daha h\u0131zl\u0131 harekete ge\u00e7ilsin diye \u00e7al\u0131\u015fmalar yapan Mersin B\u00fcy\u00fck\u015fehir Belediyesi,&nbsp;&#8216;Deprem Tatbikat\u0131&#8217;&nbsp;ger\u00e7ekle\u015ftirdi. Kadrosu her ge\u00e7en g\u00fcn geni\u015fletilerek gen\u00e7 ve dinamik bir hale gelen B\u00fcy\u00fck\u015fehir&#8217;in; olas\u0131 bir deprem felaketi an\u0131nda 51 ekibi, 276 personeli, 118 arac\u0131 haz\u0131r [&hellip;]<\/p>\n","protected":false},"author":2,"featured_media":36234,"comment_status":"closed","ping_status":"closed","sticky":false,"template":"","format":"standard","meta":{"footnotes":""},"categories":[34,1,3],"tags":[],"class_list":["post-36233","post","type-post","status-publish","format-standard","has-post-thumbnail","hentry","category-flas-haber","category-genel","category-manset"],"views":4,"_links":{"self":[{"href":"https:\/\/mersinkadingazetesi.com\/index.php?rest_route=\/wp\/v2\/posts\/36233"}],"collection":[{"href":"https:\/\/mersinkadingazetesi.com\/index.php?rest_route=\/wp\/v2\/posts"}],"about":[{"href":"https:\/\/mersinkadingazetesi.com\/index.php?rest_route=\/wp\/v2\/types\/post"}],"author":[{"embeddable":true,"href":"https:\/\/mersinkadingazetesi.com\/index.php?rest_route=\/wp\/v2\/users\/2"}],"replies":[{"embeddable":true,"href":"https:\/\/mersinkadingazetesi.com\/index.php?rest_route=%2Fwp%2Fv2%2Fcomments&post=36233"}],"version-history":[{"count":1,"href":"https:\/\/mersinkadingazetesi.com\/index.php?rest_route=\/wp\/v2\/posts\/36233\/revisions"}],"predecessor-version":[{"id":36235,"href":"https:\/\/mersinkadingazetesi.com\/index.php?rest_route=\/wp\/v2\/posts\/36233\/revisions\/36235"}],"wp:featuredmedia":[{"embeddable":true,"href":"https:\/\/mersinkadingazetesi.com\/index.php?rest_route=\/wp\/v2\/media\/36234"}],"wp:attachment":[{"href":"https:\/\/mersinkadingazetesi.com\/index.php?rest_route=%2Fwp%2Fv2%2Fmedia&parent=36233"}],"wp:term":[{"taxonomy":"category","embeddable":true,"href":"https:\/\/mersinkadingazetesi.com\/index.php?rest_route=%2Fwp%2Fv2%2Fcategories&post=36233"},{"taxonomy":"post_tag","embeddable":true,"href":"https:\/\/mersinkadingazetesi.com\/index.php?rest_route=%2Fwp%2Fv2%2Ftags&post=36233"}],"curies":[{"name":"wp","href":"https:\/\/api.w.org\/{rel}","templated":true}]}}