{"id":36241,"date":"2024-10-21T11:29:21","date_gmt":"2024-10-21T08:29:21","guid":{"rendered":"https:\/\/mersinkadingazetesi.com\/?p=36241"},"modified":"2024-10-21T11:29:22","modified_gmt":"2024-10-21T08:29:22","slug":"dogu-akdeniz-suyunu-temizlemek-icin-care-ariyor","status":"publish","type":"post","link":"https:\/\/mersinkadingazetesi.com\/?p=36241","title":{"rendered":"Do\u011fu Akdeniz, suyunu temizlemek i\u00e7in \u00e7are ar\u0131yor"},"content":{"rendered":"\n<p>Mersin Ticaret ve Sanayi Odas\u0131 (<a href=\"https:\/\/www.facebook.com\/hashtag\/mtso?__eep__=6&amp;__cft__[0]=AZUXKMed0D3EokGEX8ItmjsSPMO2nEUU8YXRQSvmG88FwNJQpogmPFCWLEXomdqTasrlsFgmQ6kyhpRdyXmxIkbctELN4P4QZziQYKwDVPQXJuJNh0y3AppAjv_MIUs18R4T2FiH-BX5lQ1rz09x0SF58vtRzA8UF3gZ6Dy83TQ8zVF2YAUqRTXn3OYNX64rZW2SHkklQGx3-HdjKK4B-m0C&amp;__tn__=*NK-R\">#MTSO<\/a>) Y\u00f6netim Kurulu Ba\u015fkan Yard\u0131mc\u0131s\u0131 Cem Bucuge, Do\u011fu Akdeniz Havza Su Kurulu Toplant\u0131s\u0131\u2019na kat\u0131ld\u0131. Mersin Vali Yard\u0131mc\u0131s\u0131 Dr. Mehmet Ali \u00d6zkan\u2019\u0131n Tar\u0131m ve Orman Bakanl\u0131\u011f\u0131 Su Y\u00f6netimi Genel M\u00fcd\u00fcrl\u00fc\u011f\u00fc Genel M\u00fcd\u00fcr Yard\u0131mc\u0131s\u0131 Mahir \u00d6zcan\u2019la birlikte y\u00f6netti\u011fi, toplant\u0131da Mersin\u2019in yan\u0131 s\u0131ra Adana, Antalya, Karaman, Konya ve Ni\u011fde kurum temsilcileri de yer ald\u0131. Toplant\u0131da Do\u011fu Akdeniz <a><\/a>Havzas\u0131\u2019ndaki suyun miktar ve kalitesi a\u00e7\u0131s\u0131ndan mevcut durumu de\u011ferlendirilip gelece\u011fe dair beklenen olas\u0131 senaryolar \u00e7er\u00e7evesinde yap\u0131lmas\u0131 gerekenler konu\u015fuldu.<\/p>\n\n\n\n<p>Yap\u0131lan bilimsel ara\u015ft\u0131rmalar \u00e7er\u00e7evesinde 2023 y\u0131l\u0131 verilerine su kaynaklar\u0131nda ciddi kirlilik oranlar\u0131na rastland\u0131\u011f\u0131na i\u015faret edildi. Gerek yeralt\u0131 sular\u0131nda gerekse k\u0131y\u0131 sular\u0131nda ciddi mikro kirleticilerin, a\u011f\u0131r metallerin saptand\u0131\u011f\u0131 belirtilerek ba\u015fta mikro kirleticilerin kayna\u011f\u0131n\u0131n belirlenmesi noktas\u0131nda aralar\u0131nda Tar\u0131m Bakanl\u0131\u011f\u0131, \u0130l \u00c7evre M\u00fcd\u00fcrl\u00fc\u011f\u00fc, \u0130l Tar\u0131m M\u00fcd\u00fcrl\u00fc\u011f\u00fc, B\u00fcy\u00fck\u015fehir Belediyesi ve \u00fcniversite temsilcilerinin bulundu\u011fu bir alt komisyon olu\u015fturulup lokal bazl\u0131 \u00e7al\u0131\u015fma yapmas\u0131na karar verildi.<\/p>\n\n\n\n<p>Ba\u015fta tar\u0131msal ila\u00e7lama olmak \u00fczere bir\u00e7ok kimyasal\u0131n sular\u0131n kirlenmesine neden oldu\u011funun dile getirilmesi sonras\u0131nda s\u00f6z alan MTSO Y\u00f6netim Kurulu Ba\u015fkan Yard\u0131mc\u0131s\u0131 Bucuge, s\u0131n\u0131rlardan b\u00f6lgeye giren ka\u00e7ak tar\u0131m ila\u00e7lar\u0131na dikkat \u00e7ekerek bu konuda denetimlerin art\u0131r\u0131lmas\u0131n\u0131 talep etti. Bucuge ayn\u0131 zamanda su ka\u00e7aklar\u0131n\u0131n \u00f6nlenmesi konusuna ili\u015fkin ya\u011fmur sular\u0131n\u0131n depolanmas\u0131 kadar kaynak sular\u0131n depolanmas\u0131 ve tar\u0131msal sulama alanlar\u0131na ula\u015ft\u0131r\u0131lmas\u0131 i\u00e7in neler yap\u0131labilece\u011fine dair g\u00f6r\u00fc\u015flerini de payla\u015ft\u0131<\/p>\n","protected":false},"excerpt":{"rendered":"<p>Mersin Ticaret ve Sanayi Odas\u0131 (#MTSO) Y\u00f6netim Kurulu Ba\u015fkan Yard\u0131mc\u0131s\u0131 Cem Bucuge, Do\u011fu Akdeniz Havza Su Kurulu Toplant\u0131s\u0131\u2019na kat\u0131ld\u0131. Mersin Vali Yard\u0131mc\u0131s\u0131 Dr. Mehmet Ali \u00d6zkan\u2019\u0131n Tar\u0131m ve Orman Bakanl\u0131\u011f\u0131 Su Y\u00f6netimi Genel M\u00fcd\u00fcrl\u00fc\u011f\u00fc Genel M\u00fcd\u00fcr Yard\u0131mc\u0131s\u0131 Mahir \u00d6zcan\u2019la birlikte y\u00f6netti\u011fi, toplant\u0131da Mersin\u2019in yan\u0131 s\u0131ra Adana, Antalya, Karaman, Konya ve Ni\u011fde kurum temsilcileri de yer [&hellip;]<\/p>\n","protected":false},"author":2,"featured_media":36242,"comment_status":"closed","ping_status":"closed","sticky":false,"template":"","format":"standard","meta":{"footnotes":""},"categories":[3],"tags":[],"class_list":["post-36241","post","type-post","status-publish","format-standard","has-post-thumbnail","hentry","category-manset"],"views":2,"_links":{"self":[{"href":"https:\/\/mersinkadingazetesi.com\/index.php?rest_route=\/wp\/v2\/posts\/36241"}],"collection":[{"href":"https:\/\/mersinkadingazetesi.com\/index.php?rest_route=\/wp\/v2\/posts"}],"about":[{"href":"https:\/\/mersinkadingazetesi.com\/index.php?rest_route=\/wp\/v2\/types\/post"}],"author":[{"embeddable":true,"href":"https:\/\/mersinkadingazetesi.com\/index.php?rest_route=\/wp\/v2\/users\/2"}],"replies":[{"embeddable":true,"href":"https:\/\/mersinkadingazetesi.com\/index.php?rest_route=%2Fwp%2Fv2%2Fcomments&post=36241"}],"version-history":[{"count":1,"href":"https:\/\/mersinkadingazetesi.com\/index.php?rest_route=\/wp\/v2\/posts\/36241\/revisions"}],"predecessor-version":[{"id":36243,"href":"https:\/\/mersinkadingazetesi.com\/index.php?rest_route=\/wp\/v2\/posts\/36241\/revisions\/36243"}],"wp:featuredmedia":[{"embeddable":true,"href":"https:\/\/mersinkadingazetesi.com\/index.php?rest_route=\/wp\/v2\/media\/36242"}],"wp:attachment":[{"href":"https:\/\/mersinkadingazetesi.com\/index.php?rest_route=%2Fwp%2Fv2%2Fmedia&parent=36241"}],"wp:term":[{"taxonomy":"category","embeddable":true,"href":"https:\/\/mersinkadingazetesi.com\/index.php?rest_route=%2Fwp%2Fv2%2Fcategories&post=36241"},{"taxonomy":"post_tag","embeddable":true,"href":"https:\/\/mersinkadingazetesi.com\/index.php?rest_route=%2Fwp%2Fv2%2Ftags&post=36241"}],"curies":[{"name":"wp","href":"https:\/\/api.w.org\/{rel}","templated":true}]}}