{"id":36253,"date":"2024-10-21T12:54:59","date_gmt":"2024-10-21T09:54:59","guid":{"rendered":"https:\/\/mersinkadingazetesi.com\/?p=36253"},"modified":"2024-10-21T12:54:59","modified_gmt":"2024-10-21T09:54:59","slug":"bebekler-ile-cocuklarin-yasam-hakki-gelecegimizdir","status":"publish","type":"post","link":"https:\/\/mersinkadingazetesi.com\/?p=36253","title":{"rendered":"BEBEKLER \u0130LE \u00c7OCUKLARIN YA\u015eAM HAKKI GELECE\u011e\u0130M\u0130ZD\u0130R"},"content":{"rendered":"\n<p>T\u00fcrkiye Barolar Birli\u011fi, Mersin Barosu ile di\u011fer barolar, &#8220;Bebekler ile \u00e7ocuklar\u0131n ya\u015fam hakk\u0131 gelece\u011fimizdir&#8221; ba\u015fl\u0131\u011f\u0131yla yapt\u0131\u011f\u0131 ortak yaz\u0131l\u0131 a\u00e7\u0131klamada, bebeklerin yo\u011fun bak\u0131m \u00fcnitesinde \u00f6l\u00fcm\u00fcne neden olan yenido\u011fan \u00e7etesine tepki g\u00f6stererek, hukuki s\u00fcrecin sonuna kadar takip\u00e7isi olacaklar\u0131n\u0131 belirtti.<\/p>\n\n\n\n<p>T\u00fcrkiye Barolar Birli\u011fi ve barolar yapt\u0131\u011f\u0131 ortak yaz\u0131l\u0131 a\u00e7\u0131klamada, vahim olay hakk\u0131nda etkin bir soru\u015fturma y\u00fcr\u00fct\u00fclmesini talep ederek \u015fu ifadelere yer verdi:<\/p>\n\n\n\n<p>&#8220;\u0130NSANLIK ONURUNA AYKIRIDIR&#8221;<\/p>\n\n\n\n<p>&#8220;\u0130stanbul ve Tekirda\u011f&#8217;da yenido\u011fan bebeklerin sa\u011fl\u0131k hizmetleriyle ilgili yap\u0131lan deh\u015fet verici i\u015flemler ve bu i\u015flemler \u00fczerinden ger\u00e7ekle\u015ftirilen yolsuzluk iddialar\u0131, kamuoyunda derin bir \u00fcz\u00fcnt\u00fc ve \u00f6fke yaratm\u0131\u015ft\u0131r.<\/p>\n\n\n\n<p>\u00d6zel hastanelerin yenido\u011fan yo\u011fun bak\u0131m \u00fcnitelerine sevk edilen bebeklerin, tedavi s\u00fcre\u00e7lerinin kas\u0131tl\u0131 olarak uzat\u0131ld\u0131\u011f\u0131, bu s\u00fcre\u00e7te sa\u011fl\u0131k personelleri ve baz\u0131 kamu g\u00f6revlilerinin de bu yolsuzluk zincirine dahil oldu\u011fu iddialar\u0131, toplum vicdan\u0131n\u0131 derinden yaralamaktad\u0131r. Bebeklerin ya\u015fam m\u00fccadelelerinin haks\u0131z kazan\u00e7 elde etme arac\u0131 haline getirilmesi, insanl\u0131k onuruna ayk\u0131r\u0131d\u0131r.<\/p>\n\n\n\n<p>Bu skandalda, bir cumhuriyet savc\u0131s\u0131n\u0131n makam\u0131nda tehdit edildi\u011fi ve yarg\u0131 makamlar\u0131na bask\u0131 yap\u0131lmaya \u00e7al\u0131\u015f\u0131ld\u0131\u011f\u0131na dair ortaya \u00e7\u0131kan g\u00f6r\u00fcnt\u00fcler, hukuk devleti ilkesine tamamen ayk\u0131r\u0131 olup kabul edilemez bir durumu ortaya koymaktad\u0131r. Kamuoyunda yenido\u011fan \u00e7etesi olarak bilinen bu yap\u0131n\u0131n daha \u00f6nce de benzer ba\u015fka faaliyetlerde bulunmu\u015f olma ihtimali ciddi \u015fekilde ara\u015ft\u0131r\u0131lmal\u0131d\u0131r.<\/p>\n\n\n\n<p>HUKUK DEVLET\u0130 \u0130LKES\u0130N\u0130N KORUNMASI EN TEMEL \u00d6NCEL\u0130\u011e\u0130M\u0130ZD\u0130R<\/p>\n\n\n\n<p>Bu iddialarda ismi ge\u00e7en hastanelerin faaliyetlerini durdurma i\u015flemlerinde, tedavisi devam eden hastalar\u0131n sa\u011fl\u0131k hakk\u0131 ile iddialarla ilgisi olmayan \u00e7al\u0131\u015fanlar\u0131n haklar\u0131na zarar verilmeksizin tedbirler al\u0131nmal\u0131d\u0131r.<\/p>\n\n\n\n<p>\u0130nsan ya\u015fam\u0131n\u0131 ve \u00f6zellikle de savunmas\u0131z bebeklerin ya\u015fam\u0131n\u0131 hi\u00e7e sayarak maddi kazan\u00e7 elde etmeye \u00e7al\u0131\u015fan bu yap\u0131n\u0131n \u00fczerine kararl\u0131l\u0131kla gidilmesi gerekti\u011fine inan\u0131yoruz. Yarg\u0131 makamlar\u0131n\u0131n ba\u011f\u0131ms\u0131zl\u0131\u011f\u0131na ve dokunulmazl\u0131\u011f\u0131na y\u00f6nelik her t\u00fcrl\u00fc tehdit ve bask\u0131ya kar\u015f\u0131 oldu\u011fumuz gibi, hukuk devleti ilkesinin korunmas\u0131 en temel \u00f6nceli\u011fimizdir.<\/p>\n\n\n\n<p>Biz T\u00fcrkiye Barolar Birli\u011fi ve a\u015fa\u011f\u0131da imzas\u0131 olan&nbsp;barolar; vahim olay hakk\u0131nda etkin bir soru\u015fturma y\u00fcr\u00fct\u00fclmesini talep etti\u011fimizi ve hukuki s\u00fcrecin sonuna kadar takip\u00e7isi olaca\u011f\u0131m\u0131z\u0131 kamuoyuna sayg\u0131yla duyururuz.&#8221;<\/p>\n","protected":false},"excerpt":{"rendered":"<p>T\u00fcrkiye Barolar Birli\u011fi, Mersin Barosu ile di\u011fer barolar, &#8220;Bebekler ile \u00e7ocuklar\u0131n ya\u015fam hakk\u0131 gelece\u011fimizdir&#8221; ba\u015fl\u0131\u011f\u0131yla yapt\u0131\u011f\u0131 ortak yaz\u0131l\u0131 a\u00e7\u0131klamada, bebeklerin yo\u011fun bak\u0131m \u00fcnitesinde \u00f6l\u00fcm\u00fcne neden olan yenido\u011fan \u00e7etesine tepki g\u00f6stererek, hukuki s\u00fcrecin sonuna kadar takip\u00e7isi olacaklar\u0131n\u0131 belirtti. T\u00fcrkiye Barolar Birli\u011fi ve barolar yapt\u0131\u011f\u0131 ortak yaz\u0131l\u0131 a\u00e7\u0131klamada, vahim olay hakk\u0131nda etkin bir soru\u015fturma y\u00fcr\u00fct\u00fclmesini talep ederek [&hellip;]<\/p>\n","protected":false},"author":2,"featured_media":36254,"comment_status":"closed","ping_status":"closed","sticky":false,"template":"","format":"standard","meta":{"footnotes":""},"categories":[34,1,2,3],"tags":[],"class_list":["post-36253","post","type-post","status-publish","format-standard","has-post-thumbnail","hentry","category-flas-haber","category-genel","category-gundem","category-manset"],"views":2,"_links":{"self":[{"href":"https:\/\/mersinkadingazetesi.com\/index.php?rest_route=\/wp\/v2\/posts\/36253"}],"collection":[{"href":"https:\/\/mersinkadingazetesi.com\/index.php?rest_route=\/wp\/v2\/posts"}],"about":[{"href":"https:\/\/mersinkadingazetesi.com\/index.php?rest_route=\/wp\/v2\/types\/post"}],"author":[{"embeddable":true,"href":"https:\/\/mersinkadingazetesi.com\/index.php?rest_route=\/wp\/v2\/users\/2"}],"replies":[{"embeddable":true,"href":"https:\/\/mersinkadingazetesi.com\/index.php?rest_route=%2Fwp%2Fv2%2Fcomments&post=36253"}],"version-history":[{"count":1,"href":"https:\/\/mersinkadingazetesi.com\/index.php?rest_route=\/wp\/v2\/posts\/36253\/revisions"}],"predecessor-version":[{"id":36255,"href":"https:\/\/mersinkadingazetesi.com\/index.php?rest_route=\/wp\/v2\/posts\/36253\/revisions\/36255"}],"wp:featuredmedia":[{"embeddable":true,"href":"https:\/\/mersinkadingazetesi.com\/index.php?rest_route=\/wp\/v2\/media\/36254"}],"wp:attachment":[{"href":"https:\/\/mersinkadingazetesi.com\/index.php?rest_route=%2Fwp%2Fv2%2Fmedia&parent=36253"}],"wp:term":[{"taxonomy":"category","embeddable":true,"href":"https:\/\/mersinkadingazetesi.com\/index.php?rest_route=%2Fwp%2Fv2%2Fcategories&post=36253"},{"taxonomy":"post_tag","embeddable":true,"href":"https:\/\/mersinkadingazetesi.com\/index.php?rest_route=%2Fwp%2Fv2%2Ftags&post=36253"}],"curies":[{"name":"wp","href":"https:\/\/api.w.org\/{rel}","templated":true}]}}