{"id":36274,"date":"2024-10-22T11:17:19","date_gmt":"2024-10-22T08:17:19","guid":{"rendered":"https:\/\/mersinkadingazetesi.com\/?p=36274"},"modified":"2024-10-22T11:17:20","modified_gmt":"2024-10-22T08:17:20","slug":"il-milli-egitim-muduru-fazilet-durmus-mersin-sivil-katilim-stratejileri-ve-eylem-plani-lansman-etkinligine-katildi","status":"publish","type":"post","link":"https:\/\/mersinkadingazetesi.com\/?p=36274","title":{"rendered":"\u0130L M\u0130LL\u00ce E\u011e\u0130T\u0130M M\u00dcD\u00dcR\u00dc FAZ\u0130LET DURMU\u015e, MERS\u0130N S\u0130V\u0130L KATILIM STRATEJ\u0130LER\u0130 VE EYLEM PLANI LANSMAN ETK\u0130NL\u0130\u011e\u0130NE KATILDI\u00a0"},"content":{"rendered":"\n<p>&nbsp;&nbsp;\u0130l Mill\u00ee E\u011fitim M\u00fcd\u00fcr\u00fc Fazilet Durmu\u015f, Mersin Arkeoloji M\u00fczesi Konferans Salonunda d\u00fczenlenen Mersin Sivil Kat\u0131l\u0131m Stratejileri ve Eylem Plan\u0131 Lansman etkinli\u011fine kat\u0131ld\u0131.<\/p>\n\n\n\n<p>&nbsp; &nbsp;Sivil Kat\u0131l\u0131m Projesi, Avrupa Birli\u011fi taraf\u0131ndan finanse edilen,&nbsp; Birle\u015fmi\u015f Milletler Kalk\u0131nma Program\u0131 (UNDP) taraf\u0131ndan uygulanan; T\u00fcrkiye Belediyeler Birli\u011fi ve \u0130\u00e7i\u015fleri Bakanl\u0131\u011f\u0131 Sivil Toplumla \u0130li\u015fkiler Genel M\u00fcd\u00fcrl\u00fc\u011f\u00fcn\u00fcn faydaland\u0131\u011f\u0131 bir projedir. Bu proje, T\u00fcrkiye&#8217;de sivil toplum kurulu\u015fu (STK) ile yerel y\u00f6netim ortakl\u0131\u011f\u0131n\u0131 geli\u015ftirerek sivil toplum kurulu\u015flar\u0131n\u0131n yerel y\u00f6netimlerin karar alma s\u00fcre\u00e7lerine katk\u0131da bulunmas\u0131n\u0131n sa\u011flanmas\u0131n\u0131 ama\u00e7lam\u0131\u015ft\u0131r. \u0130\u00e7erisinde Mersin&#8217;in de yer ald\u0131\u011f\u0131 (Manisa, Trabzon, Eski\u015fehir, Elaz\u0131\u011f, \u00c7anakkale, Mersin, Gaziantep)&nbsp; 7 pilot ilin her birinde Sivil Kat\u0131l\u0131m G\u00f6rev G\u00fcc\u00fc (SKGG) kurulmas\u0131 planlanm\u0131\u015ft\u0131r.&nbsp;<\/p>\n\n\n\n<p>&nbsp; &nbsp;Programda, Sivil toplum kurulu\u015flar\u0131n\u0131n karar alma mekanizmalar\u0131nda kamu i\u015f birli\u011finin geli\u015ftirilmesine y\u00f6nelik g\u00f6n\u00fcll\u00fcl\u00fck esas\u0131yla elveri\u015fli bir ortam yarat\u0131lmas\u0131na destek olman\u0131n \u00f6nemine de\u011finildi. Afet, g\u00f6\u00e7, kad\u0131n giri\u015fimcili\u011fine destek ve yerel kalk\u0131nma alanlar\u0131nda planlanan yeni strateji ve eylem plan\u0131 tan\u0131t\u0131ld\u0131. Mersin Sivil Kat\u0131l\u0131m Stratejileri ve Eylem Plan\u0131 ile ilgili sunumlar\u0131n ve soru cevaplar\u0131n yap\u0131lmas\u0131n\u0131n ard\u0131ndan program sona erdi.<\/p>\n","protected":false},"excerpt":{"rendered":"<p>&nbsp;&nbsp;\u0130l Mill\u00ee E\u011fitim M\u00fcd\u00fcr\u00fc Fazilet Durmu\u015f, Mersin Arkeoloji M\u00fczesi Konferans Salonunda d\u00fczenlenen Mersin Sivil Kat\u0131l\u0131m Stratejileri ve Eylem Plan\u0131 Lansman etkinli\u011fine kat\u0131ld\u0131. &nbsp; &nbsp;Sivil Kat\u0131l\u0131m Projesi, Avrupa Birli\u011fi taraf\u0131ndan finanse edilen,&nbsp; Birle\u015fmi\u015f Milletler Kalk\u0131nma Program\u0131 (UNDP) taraf\u0131ndan uygulanan; T\u00fcrkiye Belediyeler Birli\u011fi ve \u0130\u00e7i\u015fleri Bakanl\u0131\u011f\u0131 Sivil Toplumla \u0130li\u015fkiler Genel M\u00fcd\u00fcrl\u00fc\u011f\u00fcn\u00fcn faydaland\u0131\u011f\u0131 bir projedir. Bu proje, T\u00fcrkiye&#8217;de [&hellip;]<\/p>\n","protected":false},"author":2,"featured_media":36275,"comment_status":"closed","ping_status":"closed","sticky":false,"template":"","format":"standard","meta":{"footnotes":""},"categories":[3],"tags":[],"class_list":["post-36274","post","type-post","status-publish","format-standard","has-post-thumbnail","hentry","category-manset"],"views":18,"_links":{"self":[{"href":"https:\/\/mersinkadingazetesi.com\/index.php?rest_route=\/wp\/v2\/posts\/36274"}],"collection":[{"href":"https:\/\/mersinkadingazetesi.com\/index.php?rest_route=\/wp\/v2\/posts"}],"about":[{"href":"https:\/\/mersinkadingazetesi.com\/index.php?rest_route=\/wp\/v2\/types\/post"}],"author":[{"embeddable":true,"href":"https:\/\/mersinkadingazetesi.com\/index.php?rest_route=\/wp\/v2\/users\/2"}],"replies":[{"embeddable":true,"href":"https:\/\/mersinkadingazetesi.com\/index.php?rest_route=%2Fwp%2Fv2%2Fcomments&post=36274"}],"version-history":[{"count":1,"href":"https:\/\/mersinkadingazetesi.com\/index.php?rest_route=\/wp\/v2\/posts\/36274\/revisions"}],"predecessor-version":[{"id":36276,"href":"https:\/\/mersinkadingazetesi.com\/index.php?rest_route=\/wp\/v2\/posts\/36274\/revisions\/36276"}],"wp:featuredmedia":[{"embeddable":true,"href":"https:\/\/mersinkadingazetesi.com\/index.php?rest_route=\/wp\/v2\/media\/36275"}],"wp:attachment":[{"href":"https:\/\/mersinkadingazetesi.com\/index.php?rest_route=%2Fwp%2Fv2%2Fmedia&parent=36274"}],"wp:term":[{"taxonomy":"category","embeddable":true,"href":"https:\/\/mersinkadingazetesi.com\/index.php?rest_route=%2Fwp%2Fv2%2Fcategories&post=36274"},{"taxonomy":"post_tag","embeddable":true,"href":"https:\/\/mersinkadingazetesi.com\/index.php?rest_route=%2Fwp%2Fv2%2Ftags&post=36274"}],"curies":[{"name":"wp","href":"https:\/\/api.w.org\/{rel}","templated":true}]}}