{"id":36310,"date":"2024-10-23T11:57:01","date_gmt":"2024-10-23T08:57:01","guid":{"rendered":"https:\/\/mersinkadingazetesi.com\/?p=36310"},"modified":"2024-10-23T11:57:02","modified_gmt":"2024-10-23T08:57:02","slug":"yeni-dogan-cetesi-icin-soru-ve-arastirma-onergesi","status":"publish","type":"post","link":"https:\/\/mersinkadingazetesi.com\/?p=36310","title":{"rendered":"Yeni Do\u011fan \u00c7etesi \u0130\u00e7in Soru ve Ara\u015ft\u0131rma \u00d6nergesi"},"content":{"rendered":"\n<p>DEM Parti Mersin Milletvekili Perihan Koca, kamuoyunda Yeni Do\u011fan \u00c7etesi olarak bilinen su\u00e7 \u00f6rg\u00fct\u00fcn\u00fcn faaliyetlerinin ara\u015ft\u0131r\u0131lmas\u0131 i\u00e7in meclis ba\u015fkanl\u0131\u011f\u0131na bir ara\u015ft\u0131rma \u00f6nergesi verirken konuyla ilgili Sa\u011fl\u0131k Bakan\u0131 Kemal Memi\u015fo\u011flu\u2019nun yan\u0131tlamas\u0131 istemiyle de soru \u00f6nergesi verdi.<\/p>\n\n\n\n<p>Ara\u015ft\u0131rma \u00f6nergesinin gerek\u00e7esinde en az 12 bebe\u011fin \u00f6l\u00fcm\u00fcne neden olan \u00e7etenin bu faaliyetlerinin salt kriminal bir su\u00e7 faaliyeti olarak g\u00f6sterildi\u011fi ve sa\u011fl\u0131k sistemini geldi\u011fi noktan\u0131n bu tart\u0131\u015fmalar\u0131n d\u0131\u015f\u0131nda tutuldu\u011fu ifade edildi. S\u00f6z konusu olay\u0131n patlak vermesinin ard\u0131ndan \u00e7ete \u00fcyelerinin \u00e7e\u015fitli siyasi parti liderleriyle, milletvekilleriyle ve eski bakanlarla siyasal ba\u011flant\u0131lar\u0131n\u0131n ortaya \u00e7\u0131kt\u0131\u011f\u0131n\u0131n ifade edildi\u011fi ara\u015ft\u0131rma \u00f6nergesinde konunun detaylar\u0131n\u0131n ara\u015ft\u0131r\u0131lmas\u0131 i\u00e7in bir meclis ara\u015ft\u0131rmas\u0131 yap\u0131lmas\u0131 gerekti\u011fi ifade edildi.<\/p>\n\n\n\n<p>Milletvekili Perihan Koca ayn\u0131 konuyla ilgili Sa\u011fl\u0131k Bakan\u0131 Kemal Memi\u015fo\u011flu\u2019nun yan\u0131tlamas\u0131 istemiyle de soru \u00f6nergesi verdi. Soru \u00f6nergesinde bakan Memi\u015fo\u011flu\u2019na \u015fu sorular y\u00f6neltildi:<\/p>\n\n\n\n<p><em>1- Kamu hastanelerine Sa\u011fl\u0131k Bakanl\u0131\u011f\u0131 b\u00fct\u00e7esinden ayr\u0131lmas\u0131 gereken pay\u0131n azalt\u0131l\u0131p s\u00f6z konusu pay\u0131n \u00f6zel hastanelere aktar\u0131ld\u0131\u011f\u0131 iddias\u0131 do\u011fru mudur? E\u011fer do\u011fruysa 2024 b\u00fct\u00e7esinde s\u00f6z konusu miktar ne kadard\u0131r?<\/em><\/p>\n\n\n\n<p><em>2- \u00d6zel hastaneler hangi s\u0131kl\u0131kla denetlenmektedir? Denetlenme sonucu usuls\u00fczl\u00fck yapt\u0131\u011f\u0131 belirlenen ka\u00e7 hastaneye yapt\u0131r\u0131m uygulanm\u0131\u015ft\u0131r? Bu yapt\u0131r\u0131mlar nelerdir?<\/em><\/p>\n\n\n\n<p><em>3- Kamu hastanelerine ayr\u0131lan pay\u0131n oransal olarak y\u0131ldan y\u0131la d\u00fc\u015ft\u00fc\u011f\u00fc g\u00f6z \u00f6n\u00fcne al\u0131nd\u0131\u011f\u0131nda kamu hastanelerinin tamamen \u00f6zelle\u015ftirilmesine y\u00f6nelik bir plan m\u0131 vard\u0131r? Varsa bunu kamuoyu ile payla\u015fmay\u0131 d\u00fc\u015f\u00fcn\u00fcyor musunuz?<\/em><\/p>\n\n\n\n<p><em>4- Yak\u0131n zamanda Yeni Do\u011fan \u00c7etesi olay\u0131 olarak bilinen ve savc\u0131l\u0131k soru\u015fturmas\u0131yla a\u00e7\u0131\u011fa \u00e7\u0131kan, i\u00e7erisinde doktor ve bir\u00e7ok \u00f6zel hastaneler ile siyasilerin oldu\u011fu yap\u0131ya bakanl\u0131\u011f\u0131n\u0131za ba\u011fl\u0131 hastanelerin de dahil olmas\u0131 sebebiyle Sa\u011fl\u0131k Bakan\u0131 ve\/veya herhangi bir merci istifa edecek mi?<\/em><\/p>\n\n\n\n<p><em>5- Sa\u011fl\u0131k Bakanl\u0131\u011f\u0131\u2019n\u0131n verileri baz al\u0131narak haz\u0131rlanan \u201cBebek \u00d6l\u00fcmleri Durum Raporu\u201dna g\u00f6re yeni do\u011fan yo\u011fun bak\u0131m yataklar\u0131n\u0131n y\u00fczde 50\u2019den fazlas\u0131n\u0131n \u00f6zel hastanelerde oldu\u011fu g\u00f6r\u00fclmektedir. Yatak say\u0131s\u0131n\u0131n e\u015fitsiz da\u011f\u0131l\u0131m\u0131 ve yeni do\u011fan biriminin b\u00fcy\u00fck oranda \u00f6zel sekt\u00f6r\u00fcn kontrol\u00fcne b\u0131rak\u0131lmas\u0131 bakanl\u0131\u011f\u0131n\u0131z\u0131n bir tercihi midir?<\/em><\/p>\n","protected":false},"excerpt":{"rendered":"<p>DEM Parti Mersin Milletvekili Perihan Koca, kamuoyunda Yeni Do\u011fan \u00c7etesi olarak bilinen su\u00e7 \u00f6rg\u00fct\u00fcn\u00fcn faaliyetlerinin ara\u015ft\u0131r\u0131lmas\u0131 i\u00e7in meclis ba\u015fkanl\u0131\u011f\u0131na bir ara\u015ft\u0131rma \u00f6nergesi verirken konuyla ilgili Sa\u011fl\u0131k Bakan\u0131 Kemal Memi\u015fo\u011flu\u2019nun yan\u0131tlamas\u0131 istemiyle de soru \u00f6nergesi verdi. Ara\u015ft\u0131rma \u00f6nergesinin gerek\u00e7esinde en az 12 bebe\u011fin \u00f6l\u00fcm\u00fcne neden olan \u00e7etenin bu faaliyetlerinin salt kriminal bir su\u00e7 faaliyeti olarak g\u00f6sterildi\u011fi [&hellip;]<\/p>\n","protected":false},"author":2,"featured_media":36311,"comment_status":"closed","ping_status":"closed","sticky":false,"template":"","format":"standard","meta":{"footnotes":""},"categories":[3,6],"tags":[],"class_list":["post-36310","post","type-post","status-publish","format-standard","has-post-thumbnail","hentry","category-manset","category-siyaset-2"],"views":4,"_links":{"self":[{"href":"https:\/\/mersinkadingazetesi.com\/index.php?rest_route=\/wp\/v2\/posts\/36310"}],"collection":[{"href":"https:\/\/mersinkadingazetesi.com\/index.php?rest_route=\/wp\/v2\/posts"}],"about":[{"href":"https:\/\/mersinkadingazetesi.com\/index.php?rest_route=\/wp\/v2\/types\/post"}],"author":[{"embeddable":true,"href":"https:\/\/mersinkadingazetesi.com\/index.php?rest_route=\/wp\/v2\/users\/2"}],"replies":[{"embeddable":true,"href":"https:\/\/mersinkadingazetesi.com\/index.php?rest_route=%2Fwp%2Fv2%2Fcomments&post=36310"}],"version-history":[{"count":1,"href":"https:\/\/mersinkadingazetesi.com\/index.php?rest_route=\/wp\/v2\/posts\/36310\/revisions"}],"predecessor-version":[{"id":36312,"href":"https:\/\/mersinkadingazetesi.com\/index.php?rest_route=\/wp\/v2\/posts\/36310\/revisions\/36312"}],"wp:featuredmedia":[{"embeddable":true,"href":"https:\/\/mersinkadingazetesi.com\/index.php?rest_route=\/wp\/v2\/media\/36311"}],"wp:attachment":[{"href":"https:\/\/mersinkadingazetesi.com\/index.php?rest_route=%2Fwp%2Fv2%2Fmedia&parent=36310"}],"wp:term":[{"taxonomy":"category","embeddable":true,"href":"https:\/\/mersinkadingazetesi.com\/index.php?rest_route=%2Fwp%2Fv2%2Fcategories&post=36310"},{"taxonomy":"post_tag","embeddable":true,"href":"https:\/\/mersinkadingazetesi.com\/index.php?rest_route=%2Fwp%2Fv2%2Ftags&post=36310"}],"curies":[{"name":"wp","href":"https:\/\/api.w.org\/{rel}","templated":true}]}}