{"id":36313,"date":"2024-10-23T12:00:32","date_gmt":"2024-10-23T09:00:32","guid":{"rendered":"https:\/\/mersinkadingazetesi.com\/?p=36313"},"modified":"2024-10-23T12:00:33","modified_gmt":"2024-10-23T09:00:33","slug":"saglik-ranta-teslim-edildi-saglik-bakani-derhal-istifa-etmelidir","status":"publish","type":"post","link":"https:\/\/mersinkadingazetesi.com\/?p=36313","title":{"rendered":"&#8220;Sa\u011fl\u0131k Ranta Teslim Edildi! Sa\u011fl\u0131k Bakan\u0131 Derhal \u0130stifa Etmelidir!&#8221;"},"content":{"rendered":"\n<p>CHP Mersin Milletvekili G\u00fclcan K\u0131\u015f, TBMM&#8217;de yapt\u0131\u011f\u0131 konu\u015fmada T\u00fcrkiye&#8217;nin sa\u011fl\u0131k sistemindeki skandallara ili\u015fkin ele\u015ftiriler y\u00f6neltti. Yenido\u011fan \u00e7etesi skandal\u0131 \u00fczerinden sa\u011fl\u0131k sistemindeki \u00e7\u00f6k\u00fc\u015f\u00fc g\u00f6zler \u00f6n\u00fcne seren K\u0131\u015f, bu durumu AKP iktidar\u0131n\u0131n sa\u011fl\u0131k alan\u0131ndaki politikalar\u0131n\u0131n bir sonucu olarak de\u011ferlendirdi.<\/p>\n\n\n\n<p>G\u00fclcan K\u0131\u015f, bebekler \u00fczerinden SGK&#8217;dan haks\u0131z kazan\u00e7 elde etmeyi ama\u00e7layan bu skandal\u0131n, sa\u011fl\u0131k sisteminin nas\u0131l ranta teslim edildi\u011fini g\u00f6sterdi\u011fini belirterek, &#8220;Bebekler \u00fczerinden SGK&#8217;den 8 bin TL almak i\u00e7in kurulan bu kirli d\u00fczen, AKP iktidar\u0131n\u0131n sa\u011fl\u0131k sistemini nas\u0131l \u00e7\u00f6kertti\u011fini g\u00f6zler \u00f6n\u00fcne seriyor,&#8221; ifadelerini kulland\u0131.<\/p>\n\n\n\n<p>Ayr\u0131ca, skandalda ad\u0131 ge\u00e7en eski Sa\u011fl\u0131k Bakan\u0131n\u0131n sahibi oldu\u011fu hastaneye &#8220;Bebek Dostu Hastane&#8221; unvan\u0131 verilmesine tepki g\u00f6steren K\u0131\u015f, bunun tam anlam\u0131yla bir &#8220;ak\u0131l tutulmas\u0131&#8221; oldu\u011funu s\u00f6yledi. D\u00f6nemin \u0130l Sa\u011fl\u0131k M\u00fcd\u00fcr\u00fc ve bug\u00fcnk\u00fc Sa\u011fl\u0131k Bakan\u0131 Kemal Memi\u015fo\u011flu&#8217;nu ba\u015f sorumlu olarak g\u00f6steren G\u00fclcan K\u0131\u015f, derh\u00e2l istifa \u00e7a\u011fr\u0131s\u0131nda bulundu.<\/p>\n\n\n\n<p>K\u0131\u015f, &#8220;Sa\u011fl\u0131k sistemimiz \u00e7\u00f6km\u00fc\u015f, h\u00fck\u00fcmet sorumluluktan ka\u00e7\u0131yor, halk\u0131n sa\u011fl\u0131\u011f\u0131 ise her ge\u00e7en g\u00fcn daha b\u00fcy\u00fck tehlikeye at\u0131lmaktad\u0131r. Biz, bu \u00e7\u00fcr\u00fcm\u00fc\u015f d\u00fczeni asla kabul etmiyoruz; sa\u011fl\u0131k rant alan\u0131 de\u011fildir, halk\u0131n en temel hakk\u0131d\u0131r,&#8221; diyerek, h\u00fck\u00fcmetin sa\u011fl\u0131k politikalar\u0131na y\u00f6nelik ele\u015ftirilerini s\u00fcrd\u00fcrd\u00fc.<\/p>\n\n\n\n<p>G\u00fclcan K\u0131\u015f&#8217;\u0131n bu a\u00e7\u0131klamalar\u0131, sa\u011fl\u0131k alan\u0131ndaki \u00e7arp\u0131kl\u0131klar\u0131n g\u00f6z ard\u0131 edilmemesi gerekti\u011fini bir kez daha&nbsp;ortaya&nbsp;koydu.<\/p>\n","protected":false},"excerpt":{"rendered":"<p>CHP Mersin Milletvekili G\u00fclcan K\u0131\u015f, TBMM&#8217;de yapt\u0131\u011f\u0131 konu\u015fmada T\u00fcrkiye&#8217;nin sa\u011fl\u0131k sistemindeki skandallara ili\u015fkin ele\u015ftiriler y\u00f6neltti. Yenido\u011fan \u00e7etesi skandal\u0131 \u00fczerinden sa\u011fl\u0131k sistemindeki \u00e7\u00f6k\u00fc\u015f\u00fc g\u00f6zler \u00f6n\u00fcne seren K\u0131\u015f, bu durumu AKP iktidar\u0131n\u0131n sa\u011fl\u0131k alan\u0131ndaki politikalar\u0131n\u0131n bir sonucu olarak de\u011ferlendirdi. G\u00fclcan K\u0131\u015f, bebekler \u00fczerinden SGK&#8217;dan haks\u0131z kazan\u00e7 elde etmeyi ama\u00e7layan bu skandal\u0131n, sa\u011fl\u0131k sisteminin nas\u0131l ranta teslim edildi\u011fini [&hellip;]<\/p>\n","protected":false},"author":2,"featured_media":36150,"comment_status":"closed","ping_status":"closed","sticky":false,"template":"","format":"standard","meta":{"footnotes":""},"categories":[3,6],"tags":[],"class_list":["post-36313","post","type-post","status-publish","format-standard","has-post-thumbnail","hentry","category-manset","category-siyaset-2"],"views":9,"_links":{"self":[{"href":"https:\/\/mersinkadingazetesi.com\/index.php?rest_route=\/wp\/v2\/posts\/36313"}],"collection":[{"href":"https:\/\/mersinkadingazetesi.com\/index.php?rest_route=\/wp\/v2\/posts"}],"about":[{"href":"https:\/\/mersinkadingazetesi.com\/index.php?rest_route=\/wp\/v2\/types\/post"}],"author":[{"embeddable":true,"href":"https:\/\/mersinkadingazetesi.com\/index.php?rest_route=\/wp\/v2\/users\/2"}],"replies":[{"embeddable":true,"href":"https:\/\/mersinkadingazetesi.com\/index.php?rest_route=%2Fwp%2Fv2%2Fcomments&post=36313"}],"version-history":[{"count":1,"href":"https:\/\/mersinkadingazetesi.com\/index.php?rest_route=\/wp\/v2\/posts\/36313\/revisions"}],"predecessor-version":[{"id":36314,"href":"https:\/\/mersinkadingazetesi.com\/index.php?rest_route=\/wp\/v2\/posts\/36313\/revisions\/36314"}],"wp:featuredmedia":[{"embeddable":true,"href":"https:\/\/mersinkadingazetesi.com\/index.php?rest_route=\/wp\/v2\/media\/36150"}],"wp:attachment":[{"href":"https:\/\/mersinkadingazetesi.com\/index.php?rest_route=%2Fwp%2Fv2%2Fmedia&parent=36313"}],"wp:term":[{"taxonomy":"category","embeddable":true,"href":"https:\/\/mersinkadingazetesi.com\/index.php?rest_route=%2Fwp%2Fv2%2Fcategories&post=36313"},{"taxonomy":"post_tag","embeddable":true,"href":"https:\/\/mersinkadingazetesi.com\/index.php?rest_route=%2Fwp%2Fv2%2Ftags&post=36313"}],"curies":[{"name":"wp","href":"https:\/\/api.w.org\/{rel}","templated":true}]}}