{"id":36318,"date":"2024-10-23T12:03:06","date_gmt":"2024-10-23T09:03:06","guid":{"rendered":"https:\/\/mersinkadingazetesi.com\/?p=36318"},"modified":"2024-10-23T12:03:07","modified_gmt":"2024-10-23T09:03:07","slug":"ozdemir-hukukun-ustunlugunu-ve-insan-haklarini-korumaya-devam-edecegiz","status":"publish","type":"post","link":"https:\/\/mersinkadingazetesi.com\/?p=36318","title":{"rendered":"\u00d6ZDEM\u0130R: &#8220;HUKUKUN \u00dcST\u00dcNL\u00dc\u011e\u00dcN\u00dc VE \u0130NSAN HAKLARINI KORUMAYA DEVAM EDECE\u011e\u0130Z&#8221;"},"content":{"rendered":"\n<p>Mersin Barosu Ola\u011fan Genel Kurulu ve se\u00e7imleri sonucu Mersin Barosu Ba\u015fkanl\u0131\u011f\u0131 g\u00f6revine yeniden se\u00e7ilen Av. Gazi \u00d6zdemir, y\u00f6netim kurulu \u00fcyeleri ve kurullara se\u00e7ilen avukatlar ile birlikte, Atat\u00fcrk An\u0131t\u0131&#8217;na \u00e7elenk sundu. Baro Ba\u015fkan\u0131 Av. Gazi \u00d6zdemir konu\u015fmas\u0131nda, &#8220;Hukukun \u00fcst\u00fcnl\u00fc\u011f\u00fcn\u00fc ve insan haklar\u0131n\u0131 korumaya, adalet aray\u0131\u015f\u0131m\u0131zla yurtta\u015flar\u0131m\u0131z\u0131n sesi olmaya devam edece\u011fiz&#8221; dedi.<\/p>\n\n\n\n<p>Mersin Barosu Ba\u015fkan\u0131 Av. Gazi \u00d6zdemir, y\u00f6netim kurulu \u00fcyeleri, disiplin kurulu \u00fcyeleri, denetleme kurulu \u00fcyeleri ve T\u00fcrkiye Barolar Birli\u011fi delegeleri ile birlikte 2024-2026 d\u00f6nemi g\u00f6revine ba\u015flamalar\u0131 sebebiyle Mersin Cumhuriyet Alan\u0131&#8217;nda ger\u00e7ekle\u015fen t\u00f6ren, sayg\u0131 duru\u015fu ve \u0130stiklal Mar\u015f\u0131&#8217;n\u0131n okunmas\u0131yla ba\u015flad\u0131.<\/p>\n\n\n\n<p>&#8220;ADALET M\u00dcCADELEM\u0130Z\u0130 S\u00dcRD\u00dcRMEYE DEVAM EDECE\u011e\u0130Z&#8221;<\/p>\n\n\n\n<p>Mersin Barosu Ba\u015fkan\u0131 Gazi \u00d6zdemir, Atat\u00fcrk An\u0131t\u0131&#8217;na \u00e7elenk sunmas\u0131n\u0131n ard\u0131ndan yapt\u0131\u011f\u0131 konu\u015fmas\u0131nda, adalet m\u00fccadelelerini s\u00fcrd\u00fcreceklerini s\u00f6yleyerek, &#8220;Mersin Barosu Ola\u011fan Genel Kurulunda, Baromuzun her bir \u00fcyesini temsilen se\u00e7ilmi\u015f kurullar\u0131 ile birlikte 2024-2026 d\u00f6nemi g\u00f6revimize ba\u015flamam\u0131z vesilesiyle Ata&#8217;m\u0131z\u0131n huzurunday\u0131z. Ola\u011fan genel kurulumuzda \u015fahs\u0131ma ve kurul \u00fcyesi meslekta\u015flar\u0131m olarak sizlere tevecc\u00fch g\u00f6stererek ve g\u00fcven tazeleyerek baro ba\u015fkanl\u0131\u011f\u0131 dahil, kurullara se\u00e7ilmemize vesile olan de\u011ferli meslekta\u015flar\u0131m\u0131za bir kez daha te\u015fekk\u00fcr ediyorum.<\/p>\n\n\n\n<p>Yarg\u0131n\u0131n kurucu unsurlar\u0131ndan olan ve ba\u011f\u0131ms\u0131z savunmay\u0131 temsil eden biz avukatlar ve \u00f6rg\u00fctl\u00fc g\u00fcc\u00fc olan barolar, insan haklar\u0131n\u0131n korunmas\u0131 ve kanunlar\u0131n her bir yurtta\u015f i\u00e7in e\u015fit \u015fekilde uygulanmas\u0131 i\u00e7in hukuk ve adalet m\u00fccadelesini s\u00fcrd\u00fcrmekle y\u00fck\u00fcml\u00fcd\u00fcr.<\/p>\n\n\n\n<p>Yeni g\u00f6rev s\u00fcremizde de Mersin Barosu y\u00f6netimi olarak, t\u00fcm kurullarda, merkez ve komisyonlarda g\u00f6rev alacak alan meslekta\u015flar\u0131m\u0131zla birlikte ba\u015fta meslekta\u015flar\u0131m\u0131z\u0131n haklar\u0131 olmak \u00fczere, insan haklar\u0131, kad\u0131n haklar\u0131, \u00e7ocuk haklar\u0131, hayvan haklar\u0131 ve \u00e7evre haklar\u0131 konular\u0131nda adalet m\u00fccadelemizi y\u0131lmadan s\u00fcrd\u00fcrmeye devam edece\u011fiz&#8221; diye konu\u015ftu.<\/p>\n\n\n\n<p>&#8220;A\u015eILMASI GEREKEN SORUNLAR Z\u0130NC\u0130R\u0130 VAR&#8221;<\/p>\n\n\n\n<p>\u0130nsan hakk\u0131 ihlallerinin en a\u011f\u0131r \u015fekilde ya\u015fand\u0131\u011f\u0131 ve adaletsizliklerin kol gezdi\u011fi g\u00fcn\u00fcm\u00fczde, adalet aray\u0131\u015f\u0131m\u0131zla yurtta\u015flar\u0131n sesi olmaya devam edeceklerini belirten \u00d6zdemir, &#8220;Savunmay\u0131 temsil eden biz avukatlar d\u00fcn oldu\u011fu gibi, bug\u00fcn de yurtta\u015flar\u0131m\u0131z\u0131n yan\u0131nda yer alarak hukukun \u00fcst\u00fcnl\u00fc\u011f\u00fcn\u00fc ve insan haklar\u0131n\u0131 koruma, yarg\u0131laman\u0131n adil bir \u015fekilde ger\u00e7ekle\u015fmesini sa\u011flama g\u00f6revlerini yerine getirmeye devam edece\u011fiz. Mesle\u011fimizin her ge\u00e7en g\u00fcn b\u00fcy\u00fcyen a\u011f\u0131r sosyo-ekonomik ko\u015fullar\u0131, avukata y\u00f6nelik \u015fiddetin artmas\u0131, mesle\u011fimizi icra ederken \u00f6n\u00fcm\u00fcze \u00e7\u0131kart\u0131lan engeller, a\u015f\u0131lmas\u0131 gereken sorunlar zinciridir. Mesle\u011fimizin gelece\u011fi i\u00e7in ba\u015fta \u015fahs\u0131m olmak \u00fczere, y\u00f6netim kurulu \u00fcyelerimiz, t\u00fcm kurullarda g\u00f6rev alan meslekta\u015flar\u0131m\u0131z ve siz de\u011ferli meslekta\u015flar\u0131m\u0131z\u0131n da deste\u011fiyle m\u00fccadele etmeye devam edece\u011fiz.<\/p>\n\n\n\n<p>1 Aral\u0131k 1924 tarihinde kurulan ve bug\u00fcn 100 ya\u015f\u0131nda olan as\u0131rl\u0131k Mersin Barosu, kurulu\u015fundan itibaren Atat\u00fcrk ilke ve devrimleri ile Cumhuriyet \u0131\u015f\u0131\u011f\u0131nda yol alm\u0131\u015ft\u0131r. Bizler de Baromuzu t\u00fcm kurullar\u0131 ile birlikte Atat\u00fcrk ilke ve devrimleri ile Cumhuriyet de\u011ferlerine ba\u011fl\u0131 ve onlar\u0131 ya\u015fatan bir baro olarak y\u00f6netece\u011fimizin s\u00f6z\u00fcn\u00fc veriyoruz. Bu vesileyle, ba\u015fta Cumhuriyetimizin kurucusu Ulu \u00d6nderimiz Gazi Mustafa Kemal Atat\u00fcrk ve silah arkada\u015flar\u0131 olmak \u00fczere, vatan\u0131m\u0131z i\u00e7in canlar\u0131n\u0131 feda eden t\u00fcm \u015fehit ve gazilerimiz ile aram\u0131zdan ayr\u0131lan t\u00fcm adalet emek\u00e7isi meslekta\u015flar\u0131m\u0131z\u0131 sayg\u0131 ve minnetle an\u0131yoruz&#8221; ifadesini kulland\u0131.<\/p>\n","protected":false},"excerpt":{"rendered":"<p>Mersin Barosu Ola\u011fan Genel Kurulu ve se\u00e7imleri sonucu Mersin Barosu Ba\u015fkanl\u0131\u011f\u0131 g\u00f6revine yeniden se\u00e7ilen Av. Gazi \u00d6zdemir, y\u00f6netim kurulu \u00fcyeleri ve kurullara se\u00e7ilen avukatlar ile birlikte, Atat\u00fcrk An\u0131t\u0131&#8217;na \u00e7elenk sundu. Baro Ba\u015fkan\u0131 Av. Gazi \u00d6zdemir konu\u015fmas\u0131nda, &#8220;Hukukun \u00fcst\u00fcnl\u00fc\u011f\u00fcn\u00fc ve insan haklar\u0131n\u0131 korumaya, adalet aray\u0131\u015f\u0131m\u0131zla yurtta\u015flar\u0131m\u0131z\u0131n sesi olmaya devam edece\u011fiz&#8221; dedi. Mersin Barosu Ba\u015fkan\u0131 Av. Gazi [&hellip;]<\/p>\n","protected":false},"author":2,"featured_media":36319,"comment_status":"closed","ping_status":"closed","sticky":false,"template":"","format":"standard","meta":{"footnotes":""},"categories":[2,3],"tags":[],"class_list":["post-36318","post","type-post","status-publish","format-standard","has-post-thumbnail","hentry","category-gundem","category-manset"],"views":3,"_links":{"self":[{"href":"https:\/\/mersinkadingazetesi.com\/index.php?rest_route=\/wp\/v2\/posts\/36318"}],"collection":[{"href":"https:\/\/mersinkadingazetesi.com\/index.php?rest_route=\/wp\/v2\/posts"}],"about":[{"href":"https:\/\/mersinkadingazetesi.com\/index.php?rest_route=\/wp\/v2\/types\/post"}],"author":[{"embeddable":true,"href":"https:\/\/mersinkadingazetesi.com\/index.php?rest_route=\/wp\/v2\/users\/2"}],"replies":[{"embeddable":true,"href":"https:\/\/mersinkadingazetesi.com\/index.php?rest_route=%2Fwp%2Fv2%2Fcomments&post=36318"}],"version-history":[{"count":1,"href":"https:\/\/mersinkadingazetesi.com\/index.php?rest_route=\/wp\/v2\/posts\/36318\/revisions"}],"predecessor-version":[{"id":36320,"href":"https:\/\/mersinkadingazetesi.com\/index.php?rest_route=\/wp\/v2\/posts\/36318\/revisions\/36320"}],"wp:featuredmedia":[{"embeddable":true,"href":"https:\/\/mersinkadingazetesi.com\/index.php?rest_route=\/wp\/v2\/media\/36319"}],"wp:attachment":[{"href":"https:\/\/mersinkadingazetesi.com\/index.php?rest_route=%2Fwp%2Fv2%2Fmedia&parent=36318"}],"wp:term":[{"taxonomy":"category","embeddable":true,"href":"https:\/\/mersinkadingazetesi.com\/index.php?rest_route=%2Fwp%2Fv2%2Fcategories&post=36318"},{"taxonomy":"post_tag","embeddable":true,"href":"https:\/\/mersinkadingazetesi.com\/index.php?rest_route=%2Fwp%2Fv2%2Ftags&post=36318"}],"curies":[{"name":"wp","href":"https:\/\/api.w.org\/{rel}","templated":true}]}}