{"id":36327,"date":"2024-10-23T12:10:02","date_gmt":"2024-10-23T09:10:02","guid":{"rendered":"https:\/\/mersinkadingazetesi.com\/?p=36327"},"modified":"2024-10-23T12:10:03","modified_gmt":"2024-10-23T09:10:03","slug":"addden-amiral-gurdeniz-bulusmasi-ve-cumhuriyet-balosu","status":"publish","type":"post","link":"https:\/\/mersinkadingazetesi.com\/?p=36327","title":{"rendered":"ADD&#8217;DEN AM\u0130RAL G\u00dcRDEN\u0130Z BULU\u015eMASI VE CUMHUR\u0130YET BALOSU"},"content":{"rendered":"\n<p>Atat\u00fcrk\u00e7\u00fc D\u00fc\u015f\u00fcnce Derne\u011fi -ADD- Mersin&nbsp;\u015eubesi Ba\u015fkan Serdar Erkan \u00f6nderli\u011finde Cumhuriyetin 100, Y\u0131l\u0131na girerken Halkla bulu\u015fma&nbsp;toplant\u0131lar\u0131n\u0131n 11.&#8217;sini&nbsp;ger\u00e7ekle\u015ftiriyor.<\/p>\n\n\n\n<p>Yap\u0131lacak konferans\u0131n konusu &#8216;Cumhuriyetin 100. y\u0131l\u0131nda Mersin&#8217;in Akdeniz&#8217;deki Rol\u00fc&#8217; olacak. Konferans\u0131n&nbsp;Oturum Y\u00f6neticili\u011fini&nbsp;Atat\u00fcrk\u00e7\u00fc D\u00fc\u015f\u00fcnce Derne\u011fi Mersin&nbsp;\u015eubesi Ba\u015fkanl\u0131\u011f\u0131n\u0131&nbsp;Serdar Erkan yaparken, Amiral Cem G\u00fcrdeniz de&nbsp;konu\u015fmac\u0131 olarak kat\u0131lacak.<\/p>\n\n\n\n<p>Konferans&nbsp;25 Ekim 2024 Cuma&nbsp;g\u00fcn\u00fc&nbsp;Yeni\u015fehir Belediyesi Atat\u00fcrk K\u00fclt\u00fcr Merkezi&#8217;nde&nbsp;saat&nbsp;14:00&#8217;da ger\u00e7ekle\u015ftirilecek.<\/p>\n\n\n\n<p>AYNI G\u00dcN&nbsp;29 EK\u0130M BALOSU&nbsp;YAPILIYOR<\/p>\n\n\n\n<p>Atat\u00fcrk\u00e7\u00fc D\u00fc\u015f\u00fcnce Derne\u011fi Mersin&nbsp;\u015eubesi&#8217;nin \u00f6nc\u00fcl\u00fc\u011f\u00fcnde&nbsp;Cuma ak\u015fam\u0131 29&nbsp;Ekim Balosu d\u00fczenlenecek. 29 Ekim Kad\u0131nlar\u0131 Derne\u011fi Mersin \u015eubesi,&nbsp;Atat\u00fcrk\u00e7\u00fc D\u00fc\u015f\u00fcnce Derne\u011fi Mersin&nbsp;\u015eubesi, \u00c7a\u011fda\u015f Ya\u015fam Destekleme Derne\u011fi Mersin \u015eubesi, E\u011fitim \u0130\u015e Mersin \u015eubesi, Genel Sa\u011fl\u0131k \u0130\u015f Mersin \u015eubesi ve Yeni Ku\u015fak K\u00f6y Enstit\u00fcleri Derne\u011fi Mersin \u015eubesi ortakl\u0131\u011f\u0131nda ger\u00e7ekle\u015fecek baloya herkes&nbsp;davet edildi. Balo MTSO T\u00fcccar Kul\u00fcb\u00fc&#8217;nde&nbsp;saat 19&#8217;00&#8217;daba\u015flayacak.<\/p>\n","protected":false},"excerpt":{"rendered":"<p>Atat\u00fcrk\u00e7\u00fc D\u00fc\u015f\u00fcnce Derne\u011fi -ADD- Mersin&nbsp;\u015eubesi Ba\u015fkan Serdar Erkan \u00f6nderli\u011finde Cumhuriyetin 100, Y\u0131l\u0131na girerken Halkla bulu\u015fma&nbsp;toplant\u0131lar\u0131n\u0131n 11.&#8217;sini&nbsp;ger\u00e7ekle\u015ftiriyor. Yap\u0131lacak konferans\u0131n konusu &#8216;Cumhuriyetin 100. y\u0131l\u0131nda Mersin&#8217;in Akdeniz&#8217;deki Rol\u00fc&#8217; olacak. Konferans\u0131n&nbsp;Oturum Y\u00f6neticili\u011fini&nbsp;Atat\u00fcrk\u00e7\u00fc D\u00fc\u015f\u00fcnce Derne\u011fi Mersin&nbsp;\u015eubesi Ba\u015fkanl\u0131\u011f\u0131n\u0131&nbsp;Serdar Erkan yaparken, Amiral Cem G\u00fcrdeniz de&nbsp;konu\u015fmac\u0131 olarak kat\u0131lacak. Konferans&nbsp;25 Ekim 2024 Cuma&nbsp;g\u00fcn\u00fc&nbsp;Yeni\u015fehir Belediyesi Atat\u00fcrk K\u00fclt\u00fcr Merkezi&#8217;nde&nbsp;saat&nbsp;14:00&#8217;da ger\u00e7ekle\u015ftirilecek. AYNI G\u00dcN&nbsp;29 EK\u0130M BALOSU&nbsp;YAPILIYOR Atat\u00fcrk\u00e7\u00fc D\u00fc\u015f\u00fcnce [&hellip;]<\/p>\n","protected":false},"author":2,"featured_media":36328,"comment_status":"closed","ping_status":"closed","sticky":false,"template":"","format":"standard","meta":{"footnotes":""},"categories":[3],"tags":[],"class_list":["post-36327","post","type-post","status-publish","format-standard","has-post-thumbnail","hentry","category-manset"],"views":9,"_links":{"self":[{"href":"https:\/\/mersinkadingazetesi.com\/index.php?rest_route=\/wp\/v2\/posts\/36327"}],"collection":[{"href":"https:\/\/mersinkadingazetesi.com\/index.php?rest_route=\/wp\/v2\/posts"}],"about":[{"href":"https:\/\/mersinkadingazetesi.com\/index.php?rest_route=\/wp\/v2\/types\/post"}],"author":[{"embeddable":true,"href":"https:\/\/mersinkadingazetesi.com\/index.php?rest_route=\/wp\/v2\/users\/2"}],"replies":[{"embeddable":true,"href":"https:\/\/mersinkadingazetesi.com\/index.php?rest_route=%2Fwp%2Fv2%2Fcomments&post=36327"}],"version-history":[{"count":1,"href":"https:\/\/mersinkadingazetesi.com\/index.php?rest_route=\/wp\/v2\/posts\/36327\/revisions"}],"predecessor-version":[{"id":36329,"href":"https:\/\/mersinkadingazetesi.com\/index.php?rest_route=\/wp\/v2\/posts\/36327\/revisions\/36329"}],"wp:featuredmedia":[{"embeddable":true,"href":"https:\/\/mersinkadingazetesi.com\/index.php?rest_route=\/wp\/v2\/media\/36328"}],"wp:attachment":[{"href":"https:\/\/mersinkadingazetesi.com\/index.php?rest_route=%2Fwp%2Fv2%2Fmedia&parent=36327"}],"wp:term":[{"taxonomy":"category","embeddable":true,"href":"https:\/\/mersinkadingazetesi.com\/index.php?rest_route=%2Fwp%2Fv2%2Fcategories&post=36327"},{"taxonomy":"post_tag","embeddable":true,"href":"https:\/\/mersinkadingazetesi.com\/index.php?rest_route=%2Fwp%2Fv2%2Ftags&post=36327"}],"curies":[{"name":"wp","href":"https:\/\/api.w.org\/{rel}","templated":true}]}}