{"id":36357,"date":"2024-10-24T12:23:39","date_gmt":"2024-10-24T09:23:39","guid":{"rendered":"https:\/\/mersinkadingazetesi.com\/?p=36357"},"modified":"2024-10-24T12:23:40","modified_gmt":"2024-10-24T09:23:40","slug":"kariyer-merkezi-ogrencileri-is-dunyasina-hazirliyor","status":"publish","type":"post","link":"https:\/\/mersinkadingazetesi.com\/?p=36357","title":{"rendered":"KAR\u0130YER MERKEZ\u0130 \u00d6\u011eRENC\u0130LER\u0130 \u0130\u015e D\u00dcNYASINA HAZIRLIYOR"},"content":{"rendered":"\n<p>Mersin B\u00fcy\u00fck\u015fehir Belediyesi Kariyer Merkezi, okul d\u00f6neminin ba\u015flamas\u0131yla birlikte kentteki \u00fcniversite topluluklar\u0131yla bulu\u015fmaya ba\u015flad\u0131. Toplant\u0131da; Mersin \u00dcniversitesi ve Toros \u00dcniversitesi&#8217;ndeki \u00e7e\u015fitli topluluklar\u0131n ba\u015fkanlar\u0131 ve \u00fcyeleriyle hem ge\u00e7mi\u015f projeler konu\u015fuldu, hem de \u00f6\u011frenciler Kariyer Merkezi&#8217;nden beklentilerini tek tek dile getirdi.<\/p>\n\n\n\n<p><strong>Kariyer Merkezi, gen\u00e7lere g\u00fc\u00e7 veriyor<\/strong><\/p>\n\n\n\n<p>Mersin B\u00fcy\u00fck\u015fehir Belediye Ba\u015fkan\u0131 Vahap Se\u00e7er \u00f6nc\u00fcl\u00fc\u011f\u00fcnde kurulan Kariyer Merkezi; i\u015f arayanlara, \u00f6\u011frencilere ve i\u015fverenlere y\u00f6nelik ba\u015far\u0131l\u0131 projelere imza atmaya devam ediyor.&nbsp;B\u00fcy\u00fck\u015fehir&#8217;in Kariyer Merkezi; kentteki 4 \u00fcniversitenin hem kariyer merkezleriyle, hem de topluluklar\u0131yla d\u00fczenli olarak bir araya gelerek, \u00e7e\u015fitli kariyer etkinlikleriyle gen\u00e7leri i\u015f d\u00fcnyas\u0131na haz\u0131rl\u0131yor. Kariyer Merkezi M\u00fcd\u00fcr\u00fc Serkan \u00d6zada&#8217;n\u0131n kat\u0131l\u0131m\u0131yla ger\u00e7ekle\u015ftirilen toplant\u0131da \u00f6\u011frenciler; Kariyer Merkezi&#8217;nin arkalar\u0131nda bir g\u00fc\u00e7 oldu\u011funu, daha mezun olmadan kendilerine i\u015f \u00e7evresi sa\u011flad\u0131\u011f\u0131n\u0131 s\u00f6ylediler.<\/p>\n\n\n\n<p><strong>\u00d6zada: &#8220;\u00d6\u011frencilerin, \u00fcniversite hayat\u0131ndayken i\u015f d\u00fcnyas\u0131n\u0131 tan\u0131malar\u0131n\u0131 sa\u011fl\u0131yoruz&#8221;<\/strong><\/p>\n\n\n\n<p>Kariyer Merkezi M\u00fcd\u00fcr\u00fc Serkan \u00d6zada, kentteki 4 \u00fcniversite ve topluluklarla i\u015f birli\u011fi i\u00e7erisinde olduklar\u0131n\u0131 vurgulayarak,&nbsp;<strong>&#8220;Gen\u00e7lerle yapm\u0131\u015f oldu\u011fumuz \u00e7al\u0131\u015fmalarda seminerler, teknik geziler, toplant\u0131lar ve etkinlikler gibi bir\u00e7ok noktada i\u015f birli\u011fi yap\u0131yor ve destek sunmaya \u00e7al\u0131\u015f\u0131yoruz. Daha \u00fcniversite hayat\u0131ndayken i\u015f d\u00fcnyas\u0131n\u0131 tan\u0131malar\u0131 amac\u0131yla, networking \u00e7al\u0131\u015fmalar\u0131na \u00e7ok \u00f6nem veriyoruz. Kendi mesleklerinin i\u015f d\u00fcnyas\u0131ndaki kar\u015f\u0131l\u0131\u011f\u0131 nedir? Meslekte \u00e7al\u0131\u015fabilmeleri i\u00e7in hangi kriterlere sahip olmalar\u0131 gerekiyor? CV olu\u015fturma, m\u00fclakat teknikleri, linkedin kullan\u0131m\u0131, dijital i\u015f arama kanallar\u0131 gibi bir\u00e7ok noktada fark\u0131ndal\u0131k yaratmak istiyoruz&#8221;<\/strong>&nbsp;dedi.<\/p>\n\n\n\n<p>Yapm\u0131\u015f olduklar\u0131 toplant\u0131da, ge\u00e7mi\u015f d\u00f6nemde ger\u00e7ekle\u015ftirdikleri \u00e7al\u0131\u015fmalar hakk\u0131nda bir de\u011ferlendirme yapt\u0131klar\u0131n\u0131 da s\u00f6yleyen \u00d6zada,&nbsp;<strong>&#8220;2023&#8217;te&nbsp;<em>&#8216;Sekt\u00f6rlerin Gelece\u011fi Zirvesi&#8217;<\/em>ni ba\u015flatm\u0131\u015ft\u0131k. Buna devam etme karar\u0131 ald\u0131k. Di\u011fer taraftan mentorluk faaliyetine \u00e7ok \u00f6nem veriyoruz. \u00c7\u00fcnk\u00fc i\u015f d\u00fcnyas\u0131ndaki profesyonel y\u00f6neticilerle tan\u0131\u015fmalar\u0131n\u0131 sa\u011flamak \u00e7ok \u00f6nemli. Bu d\u00f6nem olabildi\u011fi kadar, firmalarla \u00f6\u011frencilerimizi arac\u0131s\u0131z olarak bulu\u015fturacak etkinlikler bizim i\u00e7in \u00f6nemli olacak. \u00d6nemli olan bir nokta da \u015fu; d\u00fcnya de\u011fi\u015fiyor. Gen\u00e7lerin daha \u00fcniversite hayat\u0131ndayken, de\u011fi\u015fen d\u00fcnyaya ayak uydurmas\u0131n\u0131 sa\u011flamak \u00fczere \u00e7al\u0131\u015fmalar yap\u0131yoruz. Bizim misyonumuz bu&#8221;<\/strong>&nbsp;diye konu\u015ftu.<\/p>\n\n\n\n<p>\u00d6zada; \u00fcniversitelerde stant \u00e7al\u0131\u015fmas\u0131 yapacaklar\u0131n\u0131, hem Kariyer Merkezi&#8217;nin hizmetlerini tan\u0131t\u0131p hem de talepleri alacaklar\u0131n\u0131 s\u00f6yledi. \u00d6zada ayr\u0131ca, Denizk\u0131z\u0131 A.\u015e&#8217;nin yar\u0131 zamanl\u0131 i\u015f imkanlar\u0131 neler, bunun i\u00e7in \u00f6\u011frenciler nereye ba\u015fvuracaklar, m\u00fclakatlarda nelere \u00f6nem veriliyor gibi konularda bilgilendirme yapacaklar\u0131n\u0131 duyurdu.<\/p>\n\n\n\n<p><strong>Y\u0131ld\u0131r\u0131m: &#8220;B\u00fcy\u00fck\u015fehir Kariyer Merkezi, ciddi bir network imkan\u0131 sa\u011fl\u0131yor&#8221;<\/strong><\/p>\n\n\n\n<p>Mersin \u00dcniversitesi Kamu Denet\u00e7ili\u011fi Toplulu\u011fu Ba\u015fkan\u0131 Kahraman Y\u0131ld\u0131r\u0131m, 1 y\u0131ld\u0131r Kariyer Merkezi ile i\u015f birli\u011fi halinde olduklar\u0131n\u0131 anlatarak,&nbsp;<strong>&#8220;Yapm\u0131\u015f oldu\u011fumuz etkinliklerde, Kariyer Merkezi&#8217;ni bir nevi sponsormu\u015f gibi kullanabiliyoruz. Kariyer Merkezi&#8217;nin \u00f6yle avantaj\u0131 oluyor. \u00c7\u00fcnk\u00fc her zaman arkam\u0131z\u0131 yaslayabildi\u011fimiz, ciddi bir belediye g\u00fcc\u00fc, ciddi bir ula\u015f\u0131m g\u00fcc\u00fc ve ciddi bir i\u015f g\u00fcc\u00fc kat\u0131yor bizlere&#8221;<\/strong>&nbsp;dedi.<\/p>\n\n\n\n<p>Ge\u00e7en sene Kariyer Merkezi&#8217;nin bir\u00e7ok etkinli\u011fine kat\u0131ld\u0131\u011f\u0131n\u0131 s\u00f6yleyen Y\u0131ld\u0131r\u0131m,&nbsp;<strong>&#8220;Ben \u0130stanbul&#8217;dan geliyorum. B\u00f6yle f\u0131rsatlar\u0131n genellikle \u0130stanbul&#8217;da, \u0130zmir&#8217;de, Ankara&#8217;da oldu\u011funu d\u00fc\u015f\u00fcn\u00fcrd\u00fck. Burada Kariyer Merkezi&#8217;ne dahil oldu\u011fumda g\u00f6rd\u00fcm ki, ciddi bir network imkan\u0131 sa\u011fl\u0131yor. \u00c7evremizi geni\u015fletebiliyoruz. Mezun oldu\u011fumda, topluluktan ve \u00fcniversiteden t\u00fcm ba\u011flant\u0131m\u0131 kesti\u011fimde, yine buras\u0131 sayesinde kazanm\u0131\u015f oldu\u011fum networkle bir \u015feyler yapabilece\u011fime inan\u0131yorum&#8221;<\/strong>&nbsp;diye konu\u015ftu.<\/p>\n\n\n\n<p><strong>Demir:<\/strong>&nbsp;<strong>&#8220;Mersin&#8217;de \u00f6\u011frencilere hizmet \u00e7ok \u00fcst seviyede&#8221;<\/strong><\/p>\n\n\n\n<p>Toros \u00dcniversitesi End\u00fcstri M\u00fchendisli\u011fi ve Verimlilik Toplulu\u011fu Ba\u015fkan\u0131 Rojinda Demir, B\u00fcy\u00fck\u015fehir Belediyesi&#8217;nin de Kariyer Merkezi&#8217;nin de \u00fcniversitelere \u00e7ok destek verdi\u011fini anlatarak,&nbsp;<strong>&#8220;Ula\u015f\u0131m konusunda olsun, networking konusunda olsun, i\u015f g\u00fcc\u00fc, i\u015fe al\u0131m konusunda olsun \u00e7ok b\u00fcy\u00fck destekler ald\u0131k. Bu konuda \u00e7ok te\u015fekk\u00fcr ediyorum. Mersin&#8217;de \u00f6\u011frencilere hizmet \u00e7ok \u00fcst seviyede. Mezun olmama \u00e7ok az bir s\u00fcre kald\u0131. Kariyer Merkezi sayesinde, \u015fu anda i\u015fe al\u0131m yapacak firmalarla g\u00f6r\u00fc\u015fme i\u00e7erisindeyim&#8221;&nbsp;<\/strong>ifadelerine yer verdi.<\/p>\n\n\n\n<p><strong>Apak: &#8220;Kariyer Merkezi&#8217;nde beklentilerimiz ve isteklerimiz dinlendi&#8221;&nbsp;<\/strong><\/p>\n\n\n\n<p>Toros \u00dcniversitesi Uluslararas\u0131 Ticaret ve Lojistik Toplulu\u011fu Ba\u015fkan\u0131 Selin Apak ise, toplant\u0131da d\u00f6nem i\u00e7erisinde neler yapacaklar\u0131 hakk\u0131nda konu\u015ftuklar\u0131n\u0131 ve topluluklar\u0131n Kariyer Merkezi&#8217;nden beklentilerinin ve isteklerinin dinlendi\u011fini belirterek,&nbsp;&nbsp;daha \u00f6nce farkl\u0131 bir \u015fehirde Kariyer Merkezi ile kar\u015f\u0131la\u015fmad\u0131\u011f\u0131n\u0131 aktard\u0131. Apak,&nbsp;<strong>&#8220;Ge\u00e7en y\u0131l\u0131n sonuna do\u011fru toplulu\u011fa kat\u0131ld\u0131m ve neden bu kadar ge\u00e7 kald\u0131\u011f\u0131m\u0131 sorgulad\u0131m. Mentorluk zirvesine okulca kat\u0131lm\u0131\u015ft\u0131k. Bu bizim gelece\u011fimiz i\u00e7in, kariyerimiz i\u00e7in, CV&#8217;miz i\u00e7in, kendimize bir \u015feyler katmam\u0131z i\u00e7in \u00e7ok b\u00fcy\u00fck art\u0131 oldu. \u00c7ok \u015fansl\u0131 hissediyoruz&#8221;<\/strong>&nbsp;dedi.<\/p>\n","protected":false},"excerpt":{"rendered":"<p>Mersin B\u00fcy\u00fck\u015fehir Belediyesi Kariyer Merkezi, okul d\u00f6neminin ba\u015flamas\u0131yla birlikte kentteki \u00fcniversite topluluklar\u0131yla bulu\u015fmaya ba\u015flad\u0131. Toplant\u0131da; Mersin \u00dcniversitesi ve Toros \u00dcniversitesi&#8217;ndeki \u00e7e\u015fitli topluluklar\u0131n ba\u015fkanlar\u0131 ve \u00fcyeleriyle hem ge\u00e7mi\u015f projeler konu\u015fuldu, hem de \u00f6\u011frenciler Kariyer Merkezi&#8217;nden beklentilerini tek tek dile getirdi. Kariyer Merkezi, gen\u00e7lere g\u00fc\u00e7 veriyor Mersin B\u00fcy\u00fck\u015fehir Belediye Ba\u015fkan\u0131 Vahap Se\u00e7er \u00f6nc\u00fcl\u00fc\u011f\u00fcnde kurulan Kariyer Merkezi; i\u015f [&hellip;]<\/p>\n","protected":false},"author":2,"featured_media":36358,"comment_status":"closed","ping_status":"closed","sticky":false,"template":"","format":"standard","meta":{"footnotes":""},"categories":[1,2,3],"tags":[],"class_list":["post-36357","post","type-post","status-publish","format-standard","has-post-thumbnail","hentry","category-genel","category-gundem","category-manset"],"views":5,"_links":{"self":[{"href":"https:\/\/mersinkadingazetesi.com\/index.php?rest_route=\/wp\/v2\/posts\/36357"}],"collection":[{"href":"https:\/\/mersinkadingazetesi.com\/index.php?rest_route=\/wp\/v2\/posts"}],"about":[{"href":"https:\/\/mersinkadingazetesi.com\/index.php?rest_route=\/wp\/v2\/types\/post"}],"author":[{"embeddable":true,"href":"https:\/\/mersinkadingazetesi.com\/index.php?rest_route=\/wp\/v2\/users\/2"}],"replies":[{"embeddable":true,"href":"https:\/\/mersinkadingazetesi.com\/index.php?rest_route=%2Fwp%2Fv2%2Fcomments&post=36357"}],"version-history":[{"count":1,"href":"https:\/\/mersinkadingazetesi.com\/index.php?rest_route=\/wp\/v2\/posts\/36357\/revisions"}],"predecessor-version":[{"id":36359,"href":"https:\/\/mersinkadingazetesi.com\/index.php?rest_route=\/wp\/v2\/posts\/36357\/revisions\/36359"}],"wp:featuredmedia":[{"embeddable":true,"href":"https:\/\/mersinkadingazetesi.com\/index.php?rest_route=\/wp\/v2\/media\/36358"}],"wp:attachment":[{"href":"https:\/\/mersinkadingazetesi.com\/index.php?rest_route=%2Fwp%2Fv2%2Fmedia&parent=36357"}],"wp:term":[{"taxonomy":"category","embeddable":true,"href":"https:\/\/mersinkadingazetesi.com\/index.php?rest_route=%2Fwp%2Fv2%2Fcategories&post=36357"},{"taxonomy":"post_tag","embeddable":true,"href":"https:\/\/mersinkadingazetesi.com\/index.php?rest_route=%2Fwp%2Fv2%2Ftags&post=36357"}],"curies":[{"name":"wp","href":"https:\/\/api.w.org\/{rel}","templated":true}]}}