{"id":36361,"date":"2024-10-24T12:31:23","date_gmt":"2024-10-24T09:31:23","guid":{"rendered":"https:\/\/mersinkadingazetesi.com\/?p=36361"},"modified":"2024-10-24T12:31:23","modified_gmt":"2024-10-24T09:31:23","slug":"mersin-standi-saha-expoda-dikkat-cekiyor","status":"publish","type":"post","link":"https:\/\/mersinkadingazetesi.com\/?p=36361","title":{"rendered":"Mersin Stand\u0131 SAHA EXPO\u2019da dikkat \u00e7ekiyor"},"content":{"rendered":"\n<p>Mersin Valili\u011fi Koordinasyonu, Mersin Ticaret ve Sanayi Odas\u0131 (#MTSO) ile Mersin Tarsus Organize Sanayi B\u00f6lgesi (#MTOSB) i\u015fbirli\u011finde d\u00fczenlenen organizasyonla SAHA EXPO\u2019da a\u00e7\u0131lan ortak stantla yerini alan Mersin, fuar\u0131n ikinci g\u00fcn\u00fcnde de dikkatleri \u00fczerine \u00e7ekti.<br>G\u00fcn i\u00e7inde Mersin Stand\u0131n\u0131 ziyaret edenler aras\u0131nda Savunma ve Teknoloji Bakan\u0131 Mehmet Fatih Kac\u0131r, \u0130\u00e7i\u015fleri Bakan\u0131 Ali Yerlikaya, Genel Kurmay Ba\u015fkan\u0131 Orgeneral Metin G\u00fcrak, Jandarma Genel Komutan Yard\u0131mc\u0131s\u0131 Korgeneral Aykut Tanr\u0131verdi, \u0130stanbul \u0130l Jandarma Komutan\u0131 T\u00fcmgeneral Yusuf Kenan Top\u00e7u, T\u00dcB\u0130TAK Ba\u015fkan\u0131 Prof. Dr. Orhan Ayd\u0131n, T\u00fcrk havac\u0131l\u0131k ve savunma sanayinde faaliyet g\u00f6steren Baykar \u015eirketler Grubu Genel M\u00fcd\u00fcr\u00fc Haluk Bayraktar yer ald\u0131.<br>Misafirleri Mersin Valisi Ali Hamza Pehlivan, MTSO Y\u00f6netim Kurulu Ba\u015fkan\u0131 Hakan Sefa \u00c7ak\u0131r, Y\u00f6netim Kurulu Ba\u015fkan Yard\u0131mc\u0131s\u0131 Mustafa \u00d6zdamar, Y\u00f6netim Kurulu \u00dcyeleri G\u00f6kben G\u00f6kbulut, \u0130dris \u00dcstemel ve MTOSB Ba\u015fkan\u0131 Sabri Tekli ile birlikte a\u011f\u0131rlad\u0131. Stanttaki 11 firma ziyaret\u00e7ilere tan\u0131t\u0131larak Mersin\u2019de savunma sanayine y\u00f6nelik y\u00fcr\u00fct\u00fclen \u00e7al\u0131\u015fmalar hakk\u0131nda bilgiler aktard\u0131.<\/p>\n","protected":false},"excerpt":{"rendered":"<p>Mersin Valili\u011fi Koordinasyonu, Mersin Ticaret ve Sanayi Odas\u0131 (#MTSO) ile Mersin Tarsus Organize Sanayi B\u00f6lgesi (#MTOSB) i\u015fbirli\u011finde d\u00fczenlenen organizasyonla SAHA EXPO\u2019da a\u00e7\u0131lan ortak stantla yerini alan Mersin, fuar\u0131n ikinci g\u00fcn\u00fcnde de dikkatleri \u00fczerine \u00e7ekti.G\u00fcn i\u00e7inde Mersin Stand\u0131n\u0131 ziyaret edenler aras\u0131nda Savunma ve Teknoloji Bakan\u0131 Mehmet Fatih Kac\u0131r, \u0130\u00e7i\u015fleri Bakan\u0131 Ali Yerlikaya, Genel Kurmay Ba\u015fkan\u0131 Orgeneral [&hellip;]<\/p>\n","protected":false},"author":2,"featured_media":36362,"comment_status":"closed","ping_status":"closed","sticky":false,"template":"","format":"standard","meta":{"footnotes":""},"categories":[1],"tags":[],"class_list":["post-36361","post","type-post","status-publish","format-standard","has-post-thumbnail","hentry","category-genel"],"views":2,"_links":{"self":[{"href":"https:\/\/mersinkadingazetesi.com\/index.php?rest_route=\/wp\/v2\/posts\/36361"}],"collection":[{"href":"https:\/\/mersinkadingazetesi.com\/index.php?rest_route=\/wp\/v2\/posts"}],"about":[{"href":"https:\/\/mersinkadingazetesi.com\/index.php?rest_route=\/wp\/v2\/types\/post"}],"author":[{"embeddable":true,"href":"https:\/\/mersinkadingazetesi.com\/index.php?rest_route=\/wp\/v2\/users\/2"}],"replies":[{"embeddable":true,"href":"https:\/\/mersinkadingazetesi.com\/index.php?rest_route=%2Fwp%2Fv2%2Fcomments&post=36361"}],"version-history":[{"count":1,"href":"https:\/\/mersinkadingazetesi.com\/index.php?rest_route=\/wp\/v2\/posts\/36361\/revisions"}],"predecessor-version":[{"id":36363,"href":"https:\/\/mersinkadingazetesi.com\/index.php?rest_route=\/wp\/v2\/posts\/36361\/revisions\/36363"}],"wp:featuredmedia":[{"embeddable":true,"href":"https:\/\/mersinkadingazetesi.com\/index.php?rest_route=\/wp\/v2\/media\/36362"}],"wp:attachment":[{"href":"https:\/\/mersinkadingazetesi.com\/index.php?rest_route=%2Fwp%2Fv2%2Fmedia&parent=36361"}],"wp:term":[{"taxonomy":"category","embeddable":true,"href":"https:\/\/mersinkadingazetesi.com\/index.php?rest_route=%2Fwp%2Fv2%2Fcategories&post=36361"},{"taxonomy":"post_tag","embeddable":true,"href":"https:\/\/mersinkadingazetesi.com\/index.php?rest_route=%2Fwp%2Fv2%2Ftags&post=36361"}],"curies":[{"name":"wp","href":"https:\/\/api.w.org\/{rel}","templated":true}]}}