{"id":36364,"date":"2024-10-24T16:25:42","date_gmt":"2024-10-24T13:25:42","guid":{"rendered":"https:\/\/mersinkadingazetesi.com\/?p=36364"},"modified":"2024-10-24T16:25:43","modified_gmt":"2024-10-24T13:25:43","slug":"cumhuriyetin-101-yili-toroslarda-coskuyla-kutlanacak","status":"publish","type":"post","link":"https:\/\/mersinkadingazetesi.com\/?p=36364","title":{"rendered":"CUMHUR\u0130YET&#8217;\u0130N 101. YILI TOROSLAR&#8217;DA CO\u015eKUYLA KUTLANACAK"},"content":{"rendered":"\n<p>Toroslar Belediyesi, Cumhuriyet Bayram\u0131&#8217;n\u0131n 101. y\u0131l\u0131na \u00f6zel bir dizi etkinlik ve konser program\u0131 haz\u0131rlad\u0131.<\/p>\n\n\n\n<p>Toroslar Belediye Ba\u015fkan\u0131 Abdurrahman Y\u0131ld\u0131z, &#8220;T\u00fcm hem\u015fehrilerimi bayram co\u015fkusunu dolu dolu ya\u015fayaca\u011f\u0131m\u0131z etkinli\u011fimize bekliyorum&#8221; dedi.<\/p>\n\n\n\n<p>Toroslar Belediyesinin Cumhuriyet Etkinlikleri, \u00c7a\u011fda\u015fkent Mahallesi&#8217;nde bulunan 3 Ocak Park\u0131&#8217;nda saat 15.00&#8217;da ba\u015flayacak.<\/p>\n\n\n\n<p>K\u0131z \u00c7ocuklar\u0131 Futbol G\u00f6sterisi, Tekvando G\u00f6sterisi, Kat\u0131l\u0131mc\u0131larla Top S\u00fcrme Yar\u0131\u015f\u0131n\u0131n yap\u0131laca\u011f\u0131 etkinlikte \u0130tfaiye \u00c7ocuk Oyun Parkuru da yer alacak.<\/p>\n\n\n\n<p>Konser Program\u0131 ise saat 18.00&#8217;da ba\u015flayacak. Konserde, K\u0131r\u015fehir Belediyesi Abdallar M\u00fczik Toplulu\u011fu ile Mersin B\u00fcy\u00fck\u015fehir Belediyesi T\u00fcrk M\u00fczi\u011fi Toplulu\u011fu sahne alacak. \u015eair Ali Diyaro\u011flu da \u015fiir dinletisi ile kat\u0131l\u0131mc\u0131lara unutulmaz bir gece ya\u015fatacak.<\/p>\n\n\n\n<p>&#8220;Cumhuriyetin Temel De\u011ferlerini Kararl\u0131l\u0131kla S\u00fcrd\u00fcrmeye Devam Edece\u011fiz&#8221;<\/p>\n\n\n\n<p>Cumhuriyet Bayram\u0131 co\u015fkusunu t\u00fcm hem\u015fehrileriyle birlikte ya\u015famak istediklerini vurgulayan Ba\u015fkan Y\u0131ld\u0131z, Emperyalizme kar\u015f\u0131 m\u00fccadelenin ard\u0131ndan bir arada e\u015fit ve karde\u015f\u00e7e ya\u015fam\u0131n teminat\u0131 olan Cumhuriyet&#8217;in 101. y\u0131l\u0131na yak\u0131\u015f\u0131r bir etkinlik d\u00fczenleyeceklerini s\u00f6yledi.<\/p>\n\n\n\n<p>Ba\u015fkan Y\u0131ld\u0131z; &#8220;Bug\u00fcn &#8220;Egemenlik Kay\u0131ts\u0131z \u015earts\u0131z Milletindir&#8221; ilkesi ile kurulan T\u00fcrkiye Cumhuriyeti&#8217;nin 101. y\u0131l d\u00f6n\u00fcm\u00fcn\u00fc kutlaman\u0131n gururunu ya\u015f\u0131yoruz. 29 Ekim Sal\u0131 g\u00fcn\u00fc 3 Ocak Park\u0131m\u0131zda d\u00fczenleyece\u011fimiz kutlamalara 7&#8217;den 70&#8217;e t\u00fcm hem\u015fehrilerimizi bekliyoruz&#8221; diye konu\u015ftu.<\/p>\n","protected":false},"excerpt":{"rendered":"<p>Toroslar Belediyesi, Cumhuriyet Bayram\u0131&#8217;n\u0131n 101. y\u0131l\u0131na \u00f6zel bir dizi etkinlik ve konser program\u0131 haz\u0131rlad\u0131. Toroslar Belediye Ba\u015fkan\u0131 Abdurrahman Y\u0131ld\u0131z, &#8220;T\u00fcm hem\u015fehrilerimi bayram co\u015fkusunu dolu dolu ya\u015fayaca\u011f\u0131m\u0131z etkinli\u011fimize bekliyorum&#8221; dedi. Toroslar Belediyesinin Cumhuriyet Etkinlikleri, \u00c7a\u011fda\u015fkent Mahallesi&#8217;nde bulunan 3 Ocak Park\u0131&#8217;nda saat 15.00&#8217;da ba\u015flayacak. K\u0131z \u00c7ocuklar\u0131 Futbol G\u00f6sterisi, Tekvando G\u00f6sterisi, Kat\u0131l\u0131mc\u0131larla Top S\u00fcrme Yar\u0131\u015f\u0131n\u0131n yap\u0131laca\u011f\u0131 etkinlikte \u0130tfaiye [&hellip;]<\/p>\n","protected":false},"author":2,"featured_media":36365,"comment_status":"closed","ping_status":"closed","sticky":false,"template":"","format":"standard","meta":{"footnotes":""},"categories":[3],"tags":[],"class_list":["post-36364","post","type-post","status-publish","format-standard","has-post-thumbnail","hentry","category-manset"],"views":10,"_links":{"self":[{"href":"https:\/\/mersinkadingazetesi.com\/index.php?rest_route=\/wp\/v2\/posts\/36364"}],"collection":[{"href":"https:\/\/mersinkadingazetesi.com\/index.php?rest_route=\/wp\/v2\/posts"}],"about":[{"href":"https:\/\/mersinkadingazetesi.com\/index.php?rest_route=\/wp\/v2\/types\/post"}],"author":[{"embeddable":true,"href":"https:\/\/mersinkadingazetesi.com\/index.php?rest_route=\/wp\/v2\/users\/2"}],"replies":[{"embeddable":true,"href":"https:\/\/mersinkadingazetesi.com\/index.php?rest_route=%2Fwp%2Fv2%2Fcomments&post=36364"}],"version-history":[{"count":1,"href":"https:\/\/mersinkadingazetesi.com\/index.php?rest_route=\/wp\/v2\/posts\/36364\/revisions"}],"predecessor-version":[{"id":36366,"href":"https:\/\/mersinkadingazetesi.com\/index.php?rest_route=\/wp\/v2\/posts\/36364\/revisions\/36366"}],"wp:featuredmedia":[{"embeddable":true,"href":"https:\/\/mersinkadingazetesi.com\/index.php?rest_route=\/wp\/v2\/media\/36365"}],"wp:attachment":[{"href":"https:\/\/mersinkadingazetesi.com\/index.php?rest_route=%2Fwp%2Fv2%2Fmedia&parent=36364"}],"wp:term":[{"taxonomy":"category","embeddable":true,"href":"https:\/\/mersinkadingazetesi.com\/index.php?rest_route=%2Fwp%2Fv2%2Fcategories&post=36364"},{"taxonomy":"post_tag","embeddable":true,"href":"https:\/\/mersinkadingazetesi.com\/index.php?rest_route=%2Fwp%2Fv2%2Ftags&post=36364"}],"curies":[{"name":"wp","href":"https:\/\/api.w.org\/{rel}","templated":true}]}}