{"id":36379,"date":"2024-10-25T11:17:00","date_gmt":"2024-10-25T08:17:00","guid":{"rendered":"https:\/\/mersinkadingazetesi.com\/?p=36379"},"modified":"2024-10-25T11:17:01","modified_gmt":"2024-10-25T08:17:01","slug":"kulubun-bugunu-ve-gelecegini-planlayarak-ilerliyoruz","status":"publish","type":"post","link":"https:\/\/mersinkadingazetesi.com\/?p=36379","title":{"rendered":"&#8220;KUL\u00dcB\u00dcN BUG\u00dcN\u00dc VE GELECE\u011e\u0130N\u0130 PLANLAYARAK \u0130LERL\u0130YORUZ&#8221;"},"content":{"rendered":"\n<p>T\u00fcrkiye Basketbol S\u00fcper Ligi&#8217;nde m\u00fccadele eden Mersin Spor Kul\u00fcb\u00fc (MSK) Y\u00f6netim Kurulu Ba\u015fkan\u0131 Berkay \u00dcst\u00fcnda\u011f, Kul\u00fcp As Ba\u015fkan\u0131 Do\u011fukan Uyan, Kul\u00fcp Genel Menajeri Tolga K\u00f6klen, Y\u00f6netim Kurulu \u00dcyeleri \u00c7etin \u00d6zdemir, Can Y\u0131ld\u0131zo\u011flu ve Bu\u011fra Y\u0131ld\u0131z ku\u00fcp hakk\u0131nda bilgiler verdi..<\/p>\n\n\n\n<p><strong>&#8220;Hedefimiz Mersin&#8217;i Avrupa&#8217;da temsil etmek&#8221;<\/strong><\/p>\n\n\n\n<p>Ziyarette MSK&#8217;n\u0131n mevcut durumu ve hedefleri hakk\u0131nda gazetecilere bilgi veren MSK Asba\u015fkan\u0131 Do\u011fukan Uyan, kentte ge\u00e7mi\u015ften gelen yerle\u015fik bir basketbol k\u00fclt\u00fcr\u00fc oldu\u011funu belirterek, kendilerinin de 2019 y\u0131l\u0131ndan itibaren tak\u0131m\u0131 s\u0131f\u0131rdan kurarak faaliyetlerini devam ettirdiklerini kaydetti. Uyan,&nbsp;<strong>&#8220;Mersinlilerin \u00f6n\u00fcnde b\u00fct\u00fcn alanlarda faaliyetlerimizi devam ettirdik. 3 sene boyunca T\u00fcrkiye Basketbol Ligi&#8217;nde m\u00fccadele ettik. Bu s\u00fcre\u00e7te hem y\u00f6netimsel olarak hem organizasyonel olarak hem de basketbol k\u00fclt\u00fcr\u00fcn\u00fc erkek basketbol k\u00fclt\u00fcr\u00fcn\u00fc tekrar buraya yerle\u015ftirme anlam\u0131nda bir profesyonelle\u015fme ve olgunla\u015fma s\u00fcreci ya\u015fand\u0131\u011f\u0131n\u0131 d\u00fc\u015f\u00fcn\u00fcyorum. Kul\u00fcb\u00fcm\u00fcz\u00fc bu a\u015famaya getirip bu sene de \u00f6nemli bir m\u00fccadele ve Mersin kamuoyunun deste\u011fiyle kul\u00fcb\u00fcm\u00fcz\u00fc T\u00fcrkiye Basketbol S\u00fcper Ligi&#8217;ne \u00e7\u0131kartt\u0131k ve m\u00fccadelemize de ba\u015flad\u0131k. Hedefimiz bu y\u0131l s\u0131ralamay\u0131 ilk 8 i\u00e7inde bitirerek gelecek y\u0131l Mersin&#8217;i Avrupa&#8217;da temsil etmek&#8221;&nbsp;<\/strong>ifadelerini kulland\u0131.<\/p>\n\n\n\n<p>S\u00fcper Lig&#8217;e ba\u015flamadan \u00f6nce kul\u00fcb\u00fcn ismini Mersin Spor Kul\u00fcb\u00fc olarak de\u011fi\u015ftirdiklerini hat\u0131rlatan Uyan,&nbsp;<strong>&#8220;Bu s\u00fcre\u00e7te Mersin B\u00fcy\u00fck\u015fehir Belediye Spor Kul\u00fcb\u00fc olan ismimizde B\u00fcy\u00fck\u015fehir Belediye Ba\u015fkan\u0131m\u0131z Say\u0131n Vahap Se\u00e7er&#8217;in bizi y\u00f6nlendirmeleriyle, bir de\u011fi\u015fikli\u011fe gittik. Ger\u00e7ek bir \u015fehir kul\u00fcb\u00fc, \u015fehir tak\u0131m\u0131 yaratarak, b\u00fct\u00fcn Mersinlilerin destek ve katk\u0131lar\u0131yla, taraftar\u0131n ruhunu ya\u015famas\u0131 ile ilerleyelim ve bu kul\u00fcp daha uzun y\u0131llar bir kurum ad\u0131 olmadan ya\u015fas\u0131n istedik. Bunun i\u00e7in de bu sene b\u00f6yle bir yenilenmeye ge\u00e7tik&#8221;<\/strong>&nbsp;dedi.<\/p>\n\n\n\n<p><strong>&#8220;Altyap\u0131ya b\u00fcy\u00fck \u00f6nem veriyoruz&#8221;<\/strong><\/p>\n\n\n\n<p>Bu sene Mersinli basketbolseverlerin deste\u011fini alarak oynad\u0131klar\u0131 ilk ma\u00e7ta Alia\u011fa Petkimspor m\u00fcsabakas\u0131na \u00e7\u0131kt\u0131klar\u0131n\u0131 ve muazzam bir ambiyans alt\u0131nda sahadan galibiyetle ayr\u0131ld\u0131klar\u0131n\u0131 dile getiren Uyan,&nbsp;<strong>&#8220;Bunun katlanarak b\u00fcy\u00fcyece\u011fine inan\u0131yoruz. Neredeyse b\u00fct\u00fcn trib\u00fcnleri dolduruyoruz&#8221;<\/strong>&nbsp;dedi.<\/p>\n\n\n\n<p>T\u00fcrk basketbolunu geli\u015ftiren ve altyap\u0131 konusuna \u00e7ok \u00f6nemli e\u011fim vermi\u015f tak\u0131mlar oldu\u011funu belirten ve bu yap\u0131lanmalar\u0131n daha iyisini Mersin&#8217;de kurmak i\u00e7in \u00e7ok \u00f6nemli ad\u0131mlar att\u0131klar\u0131na dikkat \u00e7eken Uyan&nbsp;<strong>&#8220;B\u00fcy\u00fck\u015fehir Belediye Ba\u015fkan\u0131m\u0131z Say\u0131n Vahap Se\u00e7er&#8217;den destek istedik ve kendisi bize 60 ki\u015filik bir spor \u00f6\u011frenci yurdu, erkek basketbol alan\u0131nda \u00e7ocuk yeti\u015ftirecek bir yurt verdi. Kendimize antrenman ve geli\u015fim kamp\u00fcs\u00fc yap\u0131m a\u015famas\u0131na giri\u015ftik. Bu konuyu Gen\u00e7lik ve Spor \u0130l M\u00fcd\u00fcr\u00fc ile g\u00f6r\u00fc\u015ft\u00fck. Bu \u00f6\u011frencileri kendi b\u00f6lgemizden, dezavantajl\u0131 ailelerden ve b\u00f6lgelerden spora meyilli \u00e7ocuklar\u0131 Gen\u00e7lik ve Spor Bakanl\u0131\u011f\u0131 ile birlikte tetkik ederek, oralardan kendi \u015fehrimizin \u00e7ocuklar\u0131n\u0131 bu sistemin i\u00e7erisinde yeti\u015ftirip her birini birer sporcu yapma halimiz var. Bu anlamda da \u00e7al\u0131\u015fmalara ba\u015flad\u0131k&#8221;<\/strong>&nbsp;dedi.<\/p>\n\n\n\n<p>S\u00f6z konusu \u00e7al\u0131\u015fmalar ile ba\u011flant\u0131l\u0131 olarak yeni bir antrenman kamp\u00fcs\u00fc yap\u0131m\u0131na ba\u015fland\u0131\u011f\u0131n\u0131 da s\u00f6zlerine ekleyen Uyan,&nbsp;<strong>&#8220;Yeni bir salon haz\u0131rl\u0131\u011f\u0131na da ba\u015flad\u0131k. \u00d6nemli bir antrenman kamp\u00fcs\u00fc yap\u0131yoruz. Bu anlamda b\u00fct\u00fcn \u00e7ocuklar\u0131n rahat rahat antrenman\u0131 yapabilece\u011fi, A tak\u0131m\u0131n gen\u00e7lerle bulu\u015fup iyi bir \u015fekilde kendilerini geli\u015ftirme ortam\u0131 bulabilece\u011fi bir \u00e7al\u0131\u015fma i\u00e7erisindeyiz. B\u00fct\u00fcn bunlar bizim ileriki hedeflerimiz ve projeksiyonlar\u0131m\u0131z\u0131 g\u00f6steriyor&#8221;<\/strong>&nbsp;ifadelerine yer verdi.<\/p>\n\n\n\n<p><strong>&#8220;Federasyonda art\u0131k temsilcimiz var&#8221;<\/strong><\/p>\n\n\n\n<p>MSK Y\u00f6neticisi U\u011fur Se\u00e7er&#8217;in T\u00fcrkiye Basketbol Federasyonu (TBF) Y\u00f6netim Kurulu&#8217;nda yer almas\u0131n\u0131n Mersin ve \u00c7ukurova basketbolu ad\u0131na \u00e7ok \u00f6nemli oldu\u011funu ifade eden Uyan,&nbsp;<strong>&#8220;Federasyon&#8217;da art\u0131k temsilcimiz var. Bu kul\u00fcb\u00fcm\u00fcz\u00fcn ve \u015fehrimizin basketbol k\u00fclt\u00fcr\u00fcn\u00fcn olgunla\u015fmas\u0131 anlam\u0131nda da \u00e7ok \u00f6nemli bir ad\u0131m. Kul\u00fcb\u00fc olgunla\u015ft\u0131rma s\u00fcrecimizde 4 y\u0131ld\u0131r bizimle birlikte m\u00fccadele eden U\u011fur Se\u00e7er arkada\u015f\u0131m\u0131z, Say\u0131n Hidayet T\u00fcrko\u011flu ve y\u00f6netiminin takdir etmesiyle T\u00fcrkiye Basketbol Federasyonu Y\u00f6netim Kurulu \u00fcyesi oldu. Bu bizim i\u00e7in \u00e7ok \u00f6nemli bir ad\u0131m. \u00c7\u00fcnk\u00fc buradan g\u00f6nderilecek bir temsilci sadece Mersin Spor Kul\u00fcb\u00fc&#8217;n\u00fcn de\u011fil, t\u00fcm Mersin&#8217;in ve hatta \u00c7ukurova b\u00f6lgesinin basketbolunu temsilen gitmi\u015f oluyor. Bu durum, bu \u015fehirde b\u00fct\u00fcn m\u00fcsabakalarda yar\u0131\u015fan basketbol tak\u0131mlar\u0131 i\u00e7in \u00e7ok \u00f6nemli bir at\u0131l\u0131m&#8221;<\/strong>&nbsp;diye konu\u015ftu.&nbsp;&nbsp;<\/p>\n\n\n\n<p><strong>&#8220;T\u00fcrk sporuna \u00f6rnek bir kul\u00fcp yaratmaya \u00e7al\u0131\u015f\u0131yoruz&#8221;<\/strong><\/p>\n\n\n\n<p>T\u00fcrkiye&#8217;de bor\u00e7suz kul\u00fcp say\u0131s\u0131n\u0131n parmakla g\u00f6sterilecek kadar az oldu\u011funu s\u00f6yleyen ve MSK&#8217;n\u0131n bu noktada \u00f6rnek g\u00f6sterilebilecek bir yap\u0131ya sahip oldu\u011funa dikkat \u00e7eken Uyan,&nbsp;<strong>&#8220;Ticaret ve Sanayi Odas\u0131, maliye Bakanl\u0131\u011f\u0131, SGK gibi b\u00fct\u00fcn kurumlardan incelenebilir; kesinlikle hi\u00e7bir \u015fekilde borcu olmayan, vergilerini g\u00fcn\u00fcnde yat\u0131ran bir kul\u00fcb\u00fcz. Ger\u00e7ekten T\u00fcrk sporuna \u00f6rnek olacak \u015fekilde \u00e7al\u0131\u015f\u0131yoruz. Gayet temiz, \u015feffaf, sorgulanabilir, her t\u00fcrl\u00fc harcamas\u0131, girdisi, \u00e7\u0131kt\u0131s\u0131, tertemiz bir kul\u00fcb\u00fc Mersin&#8217;de yaratt\u0131k&#8221;<\/strong><\/p>\n","protected":false},"excerpt":{"rendered":"<p>T\u00fcrkiye Basketbol S\u00fcper Ligi&#8217;nde m\u00fccadele eden Mersin Spor Kul\u00fcb\u00fc (MSK) Y\u00f6netim Kurulu Ba\u015fkan\u0131 Berkay \u00dcst\u00fcnda\u011f, Kul\u00fcp As Ba\u015fkan\u0131 Do\u011fukan Uyan, Kul\u00fcp Genel Menajeri Tolga K\u00f6klen, Y\u00f6netim Kurulu \u00dcyeleri \u00c7etin \u00d6zdemir, Can Y\u0131ld\u0131zo\u011flu ve Bu\u011fra Y\u0131ld\u0131z ku\u00fcp hakk\u0131nda bilgiler verdi.. &#8220;Hedefimiz Mersin&#8217;i Avrupa&#8217;da temsil etmek&#8221; Ziyarette MSK&#8217;n\u0131n mevcut durumu ve hedefleri hakk\u0131nda gazetecilere bilgi veren MSK [&hellip;]<\/p>\n","protected":false},"author":2,"featured_media":36380,"comment_status":"closed","ping_status":"closed","sticky":false,"template":"","format":"standard","meta":{"footnotes":""},"categories":[3,10],"tags":[],"class_list":["post-36379","post","type-post","status-publish","format-standard","has-post-thumbnail","hentry","category-manset","category-spor"],"views":13,"_links":{"self":[{"href":"https:\/\/mersinkadingazetesi.com\/index.php?rest_route=\/wp\/v2\/posts\/36379"}],"collection":[{"href":"https:\/\/mersinkadingazetesi.com\/index.php?rest_route=\/wp\/v2\/posts"}],"about":[{"href":"https:\/\/mersinkadingazetesi.com\/index.php?rest_route=\/wp\/v2\/types\/post"}],"author":[{"embeddable":true,"href":"https:\/\/mersinkadingazetesi.com\/index.php?rest_route=\/wp\/v2\/users\/2"}],"replies":[{"embeddable":true,"href":"https:\/\/mersinkadingazetesi.com\/index.php?rest_route=%2Fwp%2Fv2%2Fcomments&post=36379"}],"version-history":[{"count":1,"href":"https:\/\/mersinkadingazetesi.com\/index.php?rest_route=\/wp\/v2\/posts\/36379\/revisions"}],"predecessor-version":[{"id":36381,"href":"https:\/\/mersinkadingazetesi.com\/index.php?rest_route=\/wp\/v2\/posts\/36379\/revisions\/36381"}],"wp:featuredmedia":[{"embeddable":true,"href":"https:\/\/mersinkadingazetesi.com\/index.php?rest_route=\/wp\/v2\/media\/36380"}],"wp:attachment":[{"href":"https:\/\/mersinkadingazetesi.com\/index.php?rest_route=%2Fwp%2Fv2%2Fmedia&parent=36379"}],"wp:term":[{"taxonomy":"category","embeddable":true,"href":"https:\/\/mersinkadingazetesi.com\/index.php?rest_route=%2Fwp%2Fv2%2Fcategories&post=36379"},{"taxonomy":"post_tag","embeddable":true,"href":"https:\/\/mersinkadingazetesi.com\/index.php?rest_route=%2Fwp%2Fv2%2Ftags&post=36379"}],"curies":[{"name":"wp","href":"https:\/\/api.w.org\/{rel}","templated":true}]}}