{"id":36391,"date":"2024-10-25T12:34:57","date_gmt":"2024-10-25T09:34:57","guid":{"rendered":"https:\/\/mersinkadingazetesi.com\/?p=36391"},"modified":"2024-10-25T12:34:57","modified_gmt":"2024-10-25T09:34:57","slug":"cumhuriyet-halk-partisi-mezitli-ilce-baskani-av-ulas-yilmazdan-ankaradaki-teror-saldirisina-sert-tepki","status":"publish","type":"post","link":"https:\/\/mersinkadingazetesi.com\/?p=36391","title":{"rendered":"CUMHUR\u0130YET HALK PART\u0130S\u0130 MEZ\u0130TL\u0130 \u0130L\u00c7E BA\u015eKANI AV. ULA\u015e YILMAZ&#8217;DAN ANKARA&#8217;DAK\u0130 TER\u00d6R SALDIRISINA SERT TEPK\u0130"},"content":{"rendered":"\n<p>Cumhuriyet Halk Partisi (CHP) Mezitli \u0130l\u00e7e Ba\u015fkan\u0131 Av. Ula\u015f Y\u0131lmaz, Ankara Kahramankazan&#8217;da meydana gelen ter\u00f6r sald\u0131r\u0131s\u0131n\u0131 en g\u00fc\u00e7l\u00fc \u015fekilde k\u0131nad\u0131.<\/p>\n\n\n\n<p>Y\u0131lmaz, bu menfur olay\u0131n, sadece bireyleri de\u011fil, T\u00fcrk milletinin bar\u0131\u015f ve huzurunu hedef ald\u0131\u011f\u0131n\u0131 vurgulad\u0131.<\/p>\n\n\n\n<p>TER\u00d6R\u00dcN HER T\u00dcRL\u00dcS\u00dcNE GE\u00c7\u0130T VERMEYECE\u011e\u0130Z<\/p>\n\n\n\n<p>Ba\u015fkan Y\u0131lmaz, &#8220;Bug\u00fcn ya\u015fanan ac\u0131 olay, \u00fclkemizdeki ter\u00f6r sorununun acil \u00e7\u00f6z\u00fcm gerektirdi\u011fini bir kez daha ortaya koymaktad\u0131r. 5 vatanda\u015f\u0131m\u0131z\u0131n hayat\u0131n\u0131 kaybetmesi ve 22 ki\u015finin yaralanmas\u0131, bir demokrasi \u00fclkesi olarak bizleri derinden yaralam\u0131\u015ft\u0131r. Ter\u00f6r\u00fcn asla kar\u015f\u0131l\u0131k bulmamas\u0131 ve her ko\u015fulda lanetlenmesi gerekti\u011fi ger\u00e7e\u011fi bir kez daha ortadad\u0131r. Bizler, bu t\u00fcr al\u00e7ak\u00e7a eylemlerin toplumsal huzurumuzu bozamayaca\u011f\u0131n\u0131, birlik ve dayan\u0131\u015fmam\u0131z\u0131 asla zedeye u\u011fratamayaca\u011f\u0131n\u0131 buradan ilan ediyoruz&#8221; dedi.<\/p>\n\n\n\n<p>POL\u0130T\u0130KACI OLARAK G\u00d6REV\u0130M\u0130Z VAR<\/p>\n\n\n\n<p>Y\u0131lmaz, siyaset\u00e7ilerin bu gibi olaylar kar\u015f\u0131s\u0131nda sorumluluklar\u0131n\u0131n b\u00fcy\u00fck oldu\u011funa dikkat \u00e7ekerek, &#8220;Siyasi partiler olarak, toplumda ter\u00f6re kar\u015f\u0131 ortak bir duru\u015f sergilemek zorunday\u0131z. Bug\u00fcn el birli\u011fiyle hareket etmemiz gereken bir zamand\u0131r&#8221; ifadelerini kulland\u0131.<\/p>\n\n\n\n<p>\u00dcLKEN\u0130N GELECE\u011e\u0130 \u0130\u00c7\u0130N M\u00dcCADELEYE DEVAM<\/p>\n\n\n\n<p>Son olarak, Av. Ula\u015f Y\u0131lmaz, &#8220;Bu olay, ter\u00f6rle m\u00fccadelemizi daha kararl\u0131 ve etkili bir \u015fekilde s\u00fcrd\u00fcrmemiz gerekti\u011fini g\u00f6steriyor. \u00dclkemizin gelece\u011fi i\u00e7in, ter\u00f6re kar\u015f\u0131 duru\u015fumuzu daha da g\u00fc\u00e7lendirecek ve adaletin tesis edilmesi i\u00e7in \u00e7al\u0131\u015fmaya devam edece\u011fiz. \u015eehitlerimize Allah&#8217;tan rahmet, yaralananlara acil \u015fifalar diliyorum&#8221; \u015feklinde konu\u015ftu.<\/p>\n","protected":false},"excerpt":{"rendered":"<p>Cumhuriyet Halk Partisi (CHP) Mezitli \u0130l\u00e7e Ba\u015fkan\u0131 Av. Ula\u015f Y\u0131lmaz, Ankara Kahramankazan&#8217;da meydana gelen ter\u00f6r sald\u0131r\u0131s\u0131n\u0131 en g\u00fc\u00e7l\u00fc \u015fekilde k\u0131nad\u0131. Y\u0131lmaz, bu menfur olay\u0131n, sadece bireyleri de\u011fil, T\u00fcrk milletinin bar\u0131\u015f ve huzurunu hedef ald\u0131\u011f\u0131n\u0131 vurgulad\u0131. TER\u00d6R\u00dcN HER T\u00dcRL\u00dcS\u00dcNE GE\u00c7\u0130T VERMEYECE\u011e\u0130Z Ba\u015fkan Y\u0131lmaz, &#8220;Bug\u00fcn ya\u015fanan ac\u0131 olay, \u00fclkemizdeki ter\u00f6r sorununun acil \u00e7\u00f6z\u00fcm gerektirdi\u011fini bir kez daha [&hellip;]<\/p>\n","protected":false},"author":2,"featured_media":35983,"comment_status":"closed","ping_status":"closed","sticky":false,"template":"","format":"standard","meta":{"footnotes":""},"categories":[3,5],"tags":[],"class_list":["post-36391","post","type-post","status-publish","format-standard","has-post-thumbnail","hentry","category-manset","category-mersin"],"views":5,"_links":{"self":[{"href":"https:\/\/mersinkadingazetesi.com\/index.php?rest_route=\/wp\/v2\/posts\/36391"}],"collection":[{"href":"https:\/\/mersinkadingazetesi.com\/index.php?rest_route=\/wp\/v2\/posts"}],"about":[{"href":"https:\/\/mersinkadingazetesi.com\/index.php?rest_route=\/wp\/v2\/types\/post"}],"author":[{"embeddable":true,"href":"https:\/\/mersinkadingazetesi.com\/index.php?rest_route=\/wp\/v2\/users\/2"}],"replies":[{"embeddable":true,"href":"https:\/\/mersinkadingazetesi.com\/index.php?rest_route=%2Fwp%2Fv2%2Fcomments&post=36391"}],"version-history":[{"count":1,"href":"https:\/\/mersinkadingazetesi.com\/index.php?rest_route=\/wp\/v2\/posts\/36391\/revisions"}],"predecessor-version":[{"id":36392,"href":"https:\/\/mersinkadingazetesi.com\/index.php?rest_route=\/wp\/v2\/posts\/36391\/revisions\/36392"}],"wp:featuredmedia":[{"embeddable":true,"href":"https:\/\/mersinkadingazetesi.com\/index.php?rest_route=\/wp\/v2\/media\/35983"}],"wp:attachment":[{"href":"https:\/\/mersinkadingazetesi.com\/index.php?rest_route=%2Fwp%2Fv2%2Fmedia&parent=36391"}],"wp:term":[{"taxonomy":"category","embeddable":true,"href":"https:\/\/mersinkadingazetesi.com\/index.php?rest_route=%2Fwp%2Fv2%2Fcategories&post=36391"},{"taxonomy":"post_tag","embeddable":true,"href":"https:\/\/mersinkadingazetesi.com\/index.php?rest_route=%2Fwp%2Fv2%2Ftags&post=36391"}],"curies":[{"name":"wp","href":"https:\/\/api.w.org\/{rel}","templated":true}]}}