{"id":36407,"date":"2024-10-27T09:57:57","date_gmt":"2024-10-27T06:57:57","guid":{"rendered":"https:\/\/mersinkadingazetesi.com\/?p=36407"},"modified":"2024-10-27T09:57:57","modified_gmt":"2024-10-27T06:57:57","slug":"buyuk-romanci-yasar-kemal-genc-kusaga-anlatildi","status":"publish","type":"post","link":"https:\/\/mersinkadingazetesi.com\/?p=36407","title":{"rendered":"B\u00dcY\u00dcK ROMANCI YA\u015eAR KEMAL GEN\u00c7 KU\u015eA\u011eA ANLATILDI"},"content":{"rendered":"\n<p>Mersin B\u00fcy\u00fck\u015fehir Belediyesi; K\u00fclt\u00fcr ve Sosyal \u0130\u015fler Daire Ba\u015fkanl\u0131\u011f\u0131 b\u00fcnyesindeki Mersin&#8217;e De\u011fer Katanlar Kurulu (MEDEKA), Ya\u015far Kemal Vakf\u0131, Edebiyat G\u00f6n\u00fcll\u00fcleri ve Antik Sahaf Kitabevi i\u015f birli\u011finde,&nbsp;<strong>&#8216;3. Mersin Ya\u015far Kemal Sanat G\u00fcnleri&#8217;<\/strong>&nbsp;paneli d\u00fczenledi. Yeni\u015fehir Belediyesi Nikah ve Konferans Salonu&#8217;nda ger\u00e7ekle\u015ftirilen ve moderat\u00f6rl\u00fc\u011f\u00fcn\u00fc Mithat Delio\u011flu&#8217;nun \u00fcstlendi\u011fi panelde, Yazar Feridun Anda\u00e7 ve Yazar Do\u00e7. Dr. Cihan Erd\u00f6nmez konu\u015fmac\u0131 olarak yer ald\u0131.<\/p>\n\n\n\n<p>\u015eimdiye kadar kitaplar\u0131 pek \u00e7ok dile \u00e7evrilen ve sinemaya uyarlanan usta yazar Ya\u015far Kemal&#8217;in&nbsp;<strong>&#8216;H\u00fcy\u00fckteki Nar A\u011fac\u0131&#8217;<\/strong>&nbsp;kitab\u0131n\u0131n ele al\u0131nd\u0131\u011f\u0131 panelde konu\u015fmac\u0131lar; Ya\u015far Kemal&#8217;in an\u0131lar\u0131ndan, ya\u015fant\u0131s\u0131ndan ve notlar\u0131ndan yola \u00e7\u0131karak, Ya\u015far Kemal&#8217;i ve eserin ana fikrini olu\u015fturan tar\u0131mda makinele\u015fme ile birlikte do\u011fan\u0131n yava\u015f yava\u015f yok edilme s\u00fcrecini anlatt\u0131lar. \u00c7ok say\u0131da vatanda\u015f ve lise \u00f6\u011frencisinin ilgi g\u00f6sterdi\u011fi etkinlik, soru cevap b\u00f6l\u00fcm\u00fc ile tamamland\u0131.<\/p>\n\n\n\n<p><strong>Delio\u011flu: &#8220;Kentimize de\u011fer katabilmek i\u00e7in payda\u015flar\u0131m\u0131zla el birli\u011fi ile \u00e7al\u0131\u015f\u0131yoruz&#8221;<\/strong><\/p>\n\n\n\n<p>Mezitli Anadolu Lisesi Edebiyat \u00d6\u011fretmeni ve MEDEKA Kurulu \u00dcyesi Mithat Delio\u011flu, \u00c7ukurova&#8217;y\u0131 destans\u0131 bir \u015fekilde b\u00fct\u00fcn d\u00fcnya edebiyat\u0131na tan\u0131tan ve eserleri neredeyse t\u00fcm d\u00fcnya dillerine \u00e7evrilen Ya\u015far Kemal&#8217;i \u00f6\u011frencilere tan\u0131tmak ve anlatmak i\u00e7in bu yola \u00e7\u0131kt\u0131klar\u0131n\u0131 ifade etti. \u00d6\u011frencilerin Ya\u015far Kemal&#8217;in eserlerini okuduktan sonra kitap kapa\u011f\u0131, deneme, k\u0131sa film ve \u00e7izgi roman gibi yollarla yorumlar\u0131n\u0131 bu tarz \u00e7al\u0131\u015fmalara d\u00f6kt\u00fcklerini s\u00f6yleyen Delio\u011flu,&nbsp;<strong>&#8220;3. Mersin Ya\u015far Kemal Sanat G\u00fcnleri etkinli\u011finin ilk aya\u011f\u0131 bu paneldi. \u015eubat ay\u0131nda tatil d\u00f6n\u00fc\u015f\u00fc \u00f6\u011frencilerimiz&nbsp;<em>&#8216;H\u00fcy\u00fckteki Nar A\u011fac\u0131&#8217;<\/em>&nbsp;kitab\u0131n\u0131 okuyacaklar ve ard\u0131ndan \u00e7al\u0131\u015fmalar\u0131n\u0131 sergileyecekler. Bu sene Ya\u015far Kemal Vakf\u0131, Mersin Edebiyat G\u00f6n\u00fclleri, Antik Sahaf Kitabevi ve bu projede de \u00e7ok b\u00fcy\u00fck deste\u011fini g\u00f6rd\u00fc\u011f\u00fcm\u00fcz Mersin B\u00fcy\u00fck\u015fehir Belediyesi&#8217;ne te\u015fekk\u00fcr ediyoruz. \u00d6\u011frencilere sa\u011flad\u0131\u011f\u0131 imkanlar ile bu \u00e7al\u0131\u015fmalar\u0131m\u0131z hayat buluyor. Mersin&#8217;imize de\u011fer katabilmek i\u00e7in, bu sene 4 payda\u015f\u0131m\u0131zla el birli\u011fiyle \u00e7aba harc\u0131yoruz&#8221;<\/strong>&nbsp;ifadelerini kulland\u0131.<\/p>\n\n\n\n<p><strong>Do\u00e7. Dr. Erd\u00f6nmez: &#8220;Gen\u00e7ler bu etkinliklerden \u00e7ok \u015fey al\u0131yor ve hayatlar\u0131na uyguluyor&#8221;<\/strong><\/p>\n\n\n\n<p>\u0130stanbul \u00dcniversitesi Orman Fak\u00fcltesi \u00d6\u011fretim \u00dcyesi Do\u00e7. Dr. Cihan Erd\u00f6nmez ise, b\u00f6yle etkinliklerin gen\u00e7lerde okuma k\u00fclt\u00fcr\u00fcn\u00fc peki\u015ftirece\u011fini s\u00f6yleyerek,&nbsp;<strong>&#8220;2000&#8217;li y\u0131llar\u0131n ikinci yar\u0131s\u0131ndan itibaren, \u00e7a\u011f\u0131m\u0131z dijital bir \u00e7a\u011fa d\u00f6n\u00fc\u015ft\u00fc. Sesli kitap uygulamalar\u0131 ve dijital d\u00fcnya ile gen\u00e7ler, maalesef kitaplardan biraz koptu. Bu etkinliklerle; gen\u00e7lerin tekrar kitapla bulu\u015fmalar\u0131n\u0131, okuman\u0131n \u00f6nemli avantajlar\u0131n\u0131 yakalamalar\u0131n\u0131 ve motivasyon sa\u011flamalar\u0131n\u0131 ama\u00e7l\u0131yoruz. Gerisini Ya\u015far Kemal yap\u0131yor zaten ve bize ihtiya\u00e7 kalm\u0131yor. Benim ya\u015f grubumdakilerle 10 saat konu\u015fmaktansa, bu ya\u015f grubuna yar\u0131m saat konu\u015fmay\u0131 tercih ediyorum. \u00c7\u00fcnk\u00fc gen\u00e7ler, kendilerine verileni hemen al\u0131yorlar ve hayatlar\u0131na aktar\u0131yorlar. Panel boyunca da \u00e7ok dikkatliydiler ve g\u00fczel dinlediler. Bence de \u00e7ok verimliydi. Harika ge\u00e7ti&#8221;<\/strong>&nbsp;diye konu\u015ftu.<\/p>\n\n\n\n<p><strong>Kat\u0131l\u0131mc\u0131lar, panelin \u00e7ok verimli ge\u00e7ti\u011fini ifade ettiler<\/strong><\/p>\n\n\n\n<p>Etkinli\u011fe i\u015ftirak eden 11. s\u0131n\u0131f \u00f6\u011frencisi \u015eeymasu Y\u0131lmaz, Ya\u015far Kemal&#8217;in sevdi\u011fi romanc\u0131lardan biri oldu\u011funu ve romanlar\u0131n\u0131 okumaya ba\u015flad\u0131ktan sonra O&#8217;nun b\u00fcy\u00fcs\u00fcne kap\u0131ld\u0131\u011f\u0131n\u0131 kaydederek,&nbsp;<strong>&#8220;Kendisi; toplumun \u00e7ok kar\u0131\u015f\u0131k ve umutsuz oldu\u011fu zamanlarda, t\u00fcm topluma umut \u0131\u015f\u0131\u011f\u0131 oldu. Etkinli\u011fi \u00e7ok be\u011fendim. Onunla konu\u015fmu\u015f insanlar\u0131 dinlemek, benim i\u00e7in \u00e7ok de\u011ferli. Maalesef Ya\u015far Kemal vefat etti\u011fi i\u00e7in, benim asla tan\u0131\u015fma gibi bir \u015fans\u0131m olmayacak. O y\u00fczden O&#8217;nun kendi a\u011fz\u0131ndan hikayelerini dinlemi\u015f olan insanlar\u0131n O&#8217;nu anlat\u0131\u015f\u0131, sanki Ya\u015far Kemalleymi\u015f gibi hissettiriyor bana kendimi&#8221;<\/strong>&nbsp;dedi.<\/p>\n\n\n\n<p>9. s\u0131n\u0131f \u00f6\u011frencisi \u0130rem T\u00fcrkkaya ise, Ya\u015far Kemal&#8217;in \u00f6rnek ald\u0131\u011f\u0131 bir yazar oldu\u011funu belirterek,&nbsp;<strong>&#8220;Bana okumay\u0131 sevdiren ki\u015fi. Ben okumaya O&#8217;nun kitaplar\u0131 ile ba\u015flad\u0131m. Evde kendi kendime bir \u015feyler yazarken, hep Ya\u015far Kemal&#8217;den \u00f6rnek ald\u0131m. Ya\u015far Kemal&#8217;in \u00f6zelliklerinden ve okuyaca\u011f\u0131m\u0131z kitaplardan bahsettiler. \u00c7ok g\u00fczel bir panel oldu ve \u00e7ok duyguland\u0131m&#8221;<\/strong>&nbsp;ifadelerini kulland\u0131.<\/p>\n","protected":false},"excerpt":{"rendered":"<p>Mersin B\u00fcy\u00fck\u015fehir Belediyesi; K\u00fclt\u00fcr ve Sosyal \u0130\u015fler Daire Ba\u015fkanl\u0131\u011f\u0131 b\u00fcnyesindeki Mersin&#8217;e De\u011fer Katanlar Kurulu (MEDEKA), Ya\u015far Kemal Vakf\u0131, Edebiyat G\u00f6n\u00fcll\u00fcleri ve Antik Sahaf Kitabevi i\u015f birli\u011finde,&nbsp;&#8216;3. Mersin Ya\u015far Kemal Sanat G\u00fcnleri&#8217;&nbsp;paneli d\u00fczenledi. Yeni\u015fehir Belediyesi Nikah ve Konferans Salonu&#8217;nda ger\u00e7ekle\u015ftirilen ve moderat\u00f6rl\u00fc\u011f\u00fcn\u00fc Mithat Delio\u011flu&#8217;nun \u00fcstlendi\u011fi panelde, Yazar Feridun Anda\u00e7 ve Yazar Do\u00e7. Dr. Cihan Erd\u00f6nmez konu\u015fmac\u0131 [&hellip;]<\/p>\n","protected":false},"author":2,"featured_media":36408,"comment_status":"closed","ping_status":"closed","sticky":false,"template":"","format":"standard","meta":{"footnotes":""},"categories":[3],"tags":[],"class_list":["post-36407","post","type-post","status-publish","format-standard","has-post-thumbnail","hentry","category-manset"],"views":2,"_links":{"self":[{"href":"https:\/\/mersinkadingazetesi.com\/index.php?rest_route=\/wp\/v2\/posts\/36407"}],"collection":[{"href":"https:\/\/mersinkadingazetesi.com\/index.php?rest_route=\/wp\/v2\/posts"}],"about":[{"href":"https:\/\/mersinkadingazetesi.com\/index.php?rest_route=\/wp\/v2\/types\/post"}],"author":[{"embeddable":true,"href":"https:\/\/mersinkadingazetesi.com\/index.php?rest_route=\/wp\/v2\/users\/2"}],"replies":[{"embeddable":true,"href":"https:\/\/mersinkadingazetesi.com\/index.php?rest_route=%2Fwp%2Fv2%2Fcomments&post=36407"}],"version-history":[{"count":1,"href":"https:\/\/mersinkadingazetesi.com\/index.php?rest_route=\/wp\/v2\/posts\/36407\/revisions"}],"predecessor-version":[{"id":36409,"href":"https:\/\/mersinkadingazetesi.com\/index.php?rest_route=\/wp\/v2\/posts\/36407\/revisions\/36409"}],"wp:featuredmedia":[{"embeddable":true,"href":"https:\/\/mersinkadingazetesi.com\/index.php?rest_route=\/wp\/v2\/media\/36408"}],"wp:attachment":[{"href":"https:\/\/mersinkadingazetesi.com\/index.php?rest_route=%2Fwp%2Fv2%2Fmedia&parent=36407"}],"wp:term":[{"taxonomy":"category","embeddable":true,"href":"https:\/\/mersinkadingazetesi.com\/index.php?rest_route=%2Fwp%2Fv2%2Fcategories&post=36407"},{"taxonomy":"post_tag","embeddable":true,"href":"https:\/\/mersinkadingazetesi.com\/index.php?rest_route=%2Fwp%2Fv2%2Ftags&post=36407"}],"curies":[{"name":"wp","href":"https:\/\/api.w.org\/{rel}","templated":true}]}}