{"id":36413,"date":"2024-10-27T10:00:45","date_gmt":"2024-10-27T07:00:45","guid":{"rendered":"https:\/\/mersinkadingazetesi.com\/?p=36413"},"modified":"2024-10-27T10:00:46","modified_gmt":"2024-10-27T07:00:46","slug":"buyuksehir-belediyesi-barcelonada-duzenlenen-akdenize-kiyisi-olan-kentlerin-iklim-degisikligine-uyum-calistayina-katildi","status":"publish","type":"post","link":"https:\/\/mersinkadingazetesi.com\/?p=36413","title":{"rendered":"B\u00dcY\u00dcK\u015eEH\u0130R BELED\u0130YES\u0130, BARCELONA&#8217;DA D\u00dcZENLENEN &#8216;AKDEN\u0130Z&#8217;E KIYISI OLAN KENTLER\u0130N \u0130KL\u0130M DE\u011e\u0130\u015e\u0130KL\u0130\u011e\u0130NE UYUM \u00c7ALI\u015eTAYI&#8217;NA KATILDI"},"content":{"rendered":"\n<p>Mersin B\u00fcy\u00fck\u015fehir Belediyesi, Climate Change Adaptation Grant Programme (CCAGP) Hibe Program\u0131&#8217;nda hibe ald\u0131\u011f\u0131,&nbsp;<strong>&#8216;\u0130klim De\u011fi\u015fikli\u011fine Adaptasyon \u0130\u00e7in Harekete Ge\u00e7&#8217;<\/strong>&nbsp;projesi kapsam\u0131nda \u0130spanya&#8217;n\u0131n Barcelona kentinde d\u00fczenlenen&nbsp;<strong>&#8216;Akdeniz&#8217;e K\u0131y\u0131s\u0131 Olan Kentlerin \u0130klim De\u011fi\u015fikli\u011fine Uyum \u00c7al\u0131\u015ftay\u0131&#8217;<\/strong>na kat\u0131ld\u0131. \u00c7al\u0131\u015ftayda; Mersin B\u00fcy\u00fck\u015fehir Belediyesi, Med Cities (Akdeniz Kentler Birli\u011fi), Saray Bosna Belediyesi, \u00dcrd\u00fcn Belediyesi, Valencia Belediyesi, Ankona Belediyesi, Montpellier Belediyesi, Tiran Belediyesi ve Roma Belediyesi temsilcileri yer ald\u0131.<\/p>\n\n\n\n<p>A\u00e7\u0131l\u0131\u015f konu\u015fmalar\u0131n\u0131 Barcelona Metropol B\u00f6lgesi Ba\u015fkan Yard\u0131mc\u0131s\u0131 Elisenda Alamany, Med Cities Genel Sekreteri Josep Canals, Mersin B\u00fcy\u00fck\u015fehir Belediyesi \u00c7evre Koruma ve Kontrol Dairesi Ba\u015fkan\u0131 ve Proje Koordinat\u00f6r\u00fc Dr. B\u00fclent Halisdemir&#8217;in ger\u00e7ekle\u015ftirdi\u011fi toplant\u0131da; artan s\u0131cakl\u0131klar, s\u0131cak hava dalgalar\u0131, \u015fiddetli ya\u011f\u0131\u015flar, sel ve k\u0131y\u0131 erozyonu gibi Akdeniz kentlerinin payla\u015ft\u0131\u011f\u0131 sorunlar dile getirildi. Bu kapsamda Med Cities a\u011f\u0131n\u0131n bir par\u00e7as\u0131 olup ayn\u0131 sorunlar\u0131 ya\u015fayan \u00fcye \u015fehirlerden 15 uzman, iklim krizine uyum sa\u011flamak i\u00e7in \u015fehirlerinde uygulad\u0131klar\u0131 \u00e7\u00f6z\u00fcmleri aktard\u0131.<\/p>\n\n\n\n<p>\u00c7al\u0131\u015ftay\u0131n birinci g\u00fcn\u00fcnde uzmanlar; iklim de\u011fi\u015fikli\u011fine kar\u015f\u0131 k\u0131y\u0131 direncinin art\u0131r\u0131lmas\u0131 ve ekosistemlerin restorasyonu, \u015fehirlerde kentsel planlama, s\u00fcrd\u00fcr\u00fclebilir hareketlilik, ye\u015fil ve kilit altyap\u0131lar ana temalar\u0131 \u00e7er\u00e7evesinde fikir al\u0131\u015fveri\u015finde bulundu.<\/p>\n\n\n\n<p>\u00c7al\u0131\u015ftay\u0131n 2. g\u00fcn\u00fcnde ise At\u0131k Su Rejenerasyon (Yenilenme) Tesisi&#8217;ne saha ziyareti d\u00fczenlendi ve burada su k\u0131tl\u0131\u011f\u0131yla m\u00fccadele etmek i\u00e7in, Barcelona&#8217;da at\u0131k suyun yeniden \u00fcretilmesi ve kullan\u0131lmas\u0131na y\u00f6nelik \u00e7al\u0131\u015fmalar hakk\u0131nda bilgiler ve veriler aktar\u0131ld\u0131. Ayr\u0131ca Llobregat Nehri&#8217;ne de bir saha ziyareti ger\u00e7ekle\u015ftirilip; nehrin iyile\u015ftirilmesi ve \u00e7evrenin korunmas\u0131na odaklanan ekolojik restorasyon, eri\u015filebilirlik ve sosyal kat\u0131l\u0131m\u0131 vurgulayan projeler hakk\u0131nda detayl\u0131 bilgi verildi.<\/p>\n","protected":false},"excerpt":{"rendered":"<p>Mersin B\u00fcy\u00fck\u015fehir Belediyesi, Climate Change Adaptation Grant Programme (CCAGP) Hibe Program\u0131&#8217;nda hibe ald\u0131\u011f\u0131,&nbsp;&#8216;\u0130klim De\u011fi\u015fikli\u011fine Adaptasyon \u0130\u00e7in Harekete Ge\u00e7&#8217;&nbsp;projesi kapsam\u0131nda \u0130spanya&#8217;n\u0131n Barcelona kentinde d\u00fczenlenen&nbsp;&#8216;Akdeniz&#8217;e K\u0131y\u0131s\u0131 Olan Kentlerin \u0130klim De\u011fi\u015fikli\u011fine Uyum \u00c7al\u0131\u015ftay\u0131&#8217;na kat\u0131ld\u0131. \u00c7al\u0131\u015ftayda; Mersin B\u00fcy\u00fck\u015fehir Belediyesi, Med Cities (Akdeniz Kentler Birli\u011fi), Saray Bosna Belediyesi, \u00dcrd\u00fcn Belediyesi, Valencia Belediyesi, Ankona Belediyesi, Montpellier Belediyesi, Tiran Belediyesi ve Roma [&hellip;]<\/p>\n","protected":false},"author":2,"featured_media":36414,"comment_status":"closed","ping_status":"closed","sticky":false,"template":"","format":"standard","meta":{"footnotes":""},"categories":[3],"tags":[],"class_list":["post-36413","post","type-post","status-publish","format-standard","has-post-thumbnail","hentry","category-manset"],"views":2,"_links":{"self":[{"href":"https:\/\/mersinkadingazetesi.com\/index.php?rest_route=\/wp\/v2\/posts\/36413"}],"collection":[{"href":"https:\/\/mersinkadingazetesi.com\/index.php?rest_route=\/wp\/v2\/posts"}],"about":[{"href":"https:\/\/mersinkadingazetesi.com\/index.php?rest_route=\/wp\/v2\/types\/post"}],"author":[{"embeddable":true,"href":"https:\/\/mersinkadingazetesi.com\/index.php?rest_route=\/wp\/v2\/users\/2"}],"replies":[{"embeddable":true,"href":"https:\/\/mersinkadingazetesi.com\/index.php?rest_route=%2Fwp%2Fv2%2Fcomments&post=36413"}],"version-history":[{"count":1,"href":"https:\/\/mersinkadingazetesi.com\/index.php?rest_route=\/wp\/v2\/posts\/36413\/revisions"}],"predecessor-version":[{"id":36415,"href":"https:\/\/mersinkadingazetesi.com\/index.php?rest_route=\/wp\/v2\/posts\/36413\/revisions\/36415"}],"wp:featuredmedia":[{"embeddable":true,"href":"https:\/\/mersinkadingazetesi.com\/index.php?rest_route=\/wp\/v2\/media\/36414"}],"wp:attachment":[{"href":"https:\/\/mersinkadingazetesi.com\/index.php?rest_route=%2Fwp%2Fv2%2Fmedia&parent=36413"}],"wp:term":[{"taxonomy":"category","embeddable":true,"href":"https:\/\/mersinkadingazetesi.com\/index.php?rest_route=%2Fwp%2Fv2%2Fcategories&post=36413"},{"taxonomy":"post_tag","embeddable":true,"href":"https:\/\/mersinkadingazetesi.com\/index.php?rest_route=%2Fwp%2Fv2%2Ftags&post=36413"}],"curies":[{"name":"wp","href":"https:\/\/api.w.org\/{rel}","templated":true}]}}