{"id":36416,"date":"2024-10-27T10:03:56","date_gmt":"2024-10-27T07:03:56","guid":{"rendered":"https:\/\/mersinkadingazetesi.com\/?p=36416"},"modified":"2024-10-27T10:03:57","modified_gmt":"2024-10-27T07:03:57","slug":"secer-mersinde-turkiyeye-ait-her-sey-var","status":"publish","type":"post","link":"https:\/\/mersinkadingazetesi.com\/?p=36416","title":{"rendered":"SE\u00c7ER, &#8220;MERS\u0130N&#8217;DE T\u00dcRK\u0130YE&#8217;YE A\u0130T HER \u015eEY VAR&#8221;"},"content":{"rendered":"\n<p>Mersin B\u00fcy\u00fck\u015fehir Belediye Ba\u015fkan\u0131 Vahap Se\u00e7er, Mersin 68&#8217;liler Derne\u011fi taraf\u0131ndan, Toroslar 68&#8217;liler Bar\u0131\u015f Orman\u0131&#8217;nda d\u00fczenlenen kahvalt\u0131 etkinli\u011fine kat\u0131ld\u0131. Ba\u015fkan Se\u00e7er, kahvalt\u0131 etkinli\u011finde, Dernek Ba\u015fkan\u0131 Hasan Kap\u0131k\u0131ran ve y\u00f6netiminin taleplerini dinledi.<\/p>\n\n\n\n<p><strong>Ba\u015fkan Se\u00e7er: &#8220;Ba\u015fkanlar y\u00f6netti\u011fi \u015fehrin dinamikleri ile i\u00e7 i\u00e7i olmak zorunda&#8221;<\/strong><\/p>\n\n\n\n<p>Sivil Toplum Kurulu\u015flar\u0131 (STK) ile bir araya gelmeye \u00f6nem verdi\u011fini belirterek konu\u015fmas\u0131na ba\u015flayan Ba\u015fkan Se\u00e7er, belediye ba\u015fkanlar\u0131n\u0131n y\u00f6nettikleri \u015fehirlerin dinamikleri ile i\u00e7 i\u00e7e olmalar\u0131 gerekti\u011fine dikkat \u00e7ekti. Se\u00e7er,&nbsp;<strong>&#8220;Ba\u015fkanlar y\u00f6netti\u011fi \u015fehrin dinamikleri ile i\u00e7 i\u00e7i olmak zorunda. Kald\u0131 ki 68&#8217;liler gibi ger\u00e7ekten T\u00fcrkiye&#8217;nin demokrasi tarihinde \u00f6nemli bir yere sahip olan bir jenerasyonla, bir ku\u015fakla oturup konu\u015fmak, aylarca, y\u0131llarca ara\u015ft\u0131rma yapmaya, bir d\u00f6neme ait bilgi edinmeye e\u015fit. \u00c7ok k\u0131sa sohbetler oluyor ve bizim a\u00e7\u0131m\u0131zdan kentlerimizi y\u00f6netirken oradan ald\u0131\u011f\u0131m\u0131z m\u00fcktesebat edinimler ve \u00e7ok b\u00fcy\u00fck katk\u0131lar yap\u0131yor&#8221;&nbsp;<\/strong>dedi<\/p>\n\n\n\n<p>68&#8217;liler Bar\u0131\u015f Orman\u0131&#8217;n\u0131n T\u00fcrkiye ve d\u00fcnya i\u00e7in \u00f6nemli olan bir ku\u015fa\u011f\u0131 temsil etti\u011fini dile getiren Se\u00e7er,<strong>&nbsp;&#8220;Nihayetinde bu ku\u015fak i\u00e7erisinde T\u00fcrkiye&#8217;de \u00f6nemli bir s\u00fcre\u00e7te yerini alm\u0131\u015f, T\u00fcrkiye&#8217;deki sosyalist hareketin, d\u00fcnyadaki gen\u00e7lik hareketlerinin en \u00f6nemli oldu\u011fu d\u00f6nemde burada aktif rol oynam\u0131\u015f insanlar bulunuyor. Buras\u0131 i\u015fte o kitleleri sembolize eden bir orman ve bir park&#8221;<\/strong>&nbsp;s\u00f6zlerine yer verdi.<\/p>\n\n\n\n<p>G\u00f6reve geldi\u011finde 68&#8217;liler Bar\u0131\u015f Orman\u0131&#8217;n\u0131n at\u0131l durumda oldu\u011funu belirten Se\u00e7er, at\u0131ll\u0131\u011f\u0131n nedeninin g\u00f6zden \u0131rak oldu\u011fu i\u00e7in ve \u00f6nceki y\u00f6netimin ideolojisinden de kaynakland\u0131\u011f\u0131n\u0131 s\u00f6yledi. Gerekli inceleme ve tespitlerin ard\u0131ndan hemen \u00e7al\u0131\u015fmalar\u0131 ba\u015flatt\u0131klar\u0131n\u0131 kaydeden Se\u00e7er,&nbsp;<strong>&#8220;Temiz, insanlar\u0131n g\u00fcvenle gelebilece\u011fi, sporunu yapabilece\u011fi, kullanabilece\u011fi bir alan. Ama buray\u0131 daha farkl\u0131 bir duruma evirebiliriz&#8221;<\/strong>&nbsp;diye konu\u015ftu.<\/p>\n\n\n\n<p><strong>&#8220;Mersin&#8217;de T\u00fcrkiye&#8217;ye dair her \u015fey var&#8221;<\/strong><\/p>\n\n\n\n<p>Kenti y\u00f6netenlerin b\u00fcy\u00fck bir k\u0131sm\u0131n\u0131n hayata soldan bakan insanlar oldu\u011funa de\u011finen Se\u00e7er,&nbsp;<strong>&#8220;Asl\u0131nda biz T\u00fcrkiye&#8217;de, T\u00fcrkiye sosyolojisinde, T\u00fcrkiye&#8217;nin k\u00fclt\u00fcrel mozai\u011fi i\u00e7erisinde bir b\u00f6lgede, bir \u015fehirde bu g\u00f6revleri yap\u0131yoruz ya da ya\u015f\u0131yoruz. Burada T\u00fcrkiye&#8217;ye dair her \u015fey var. Ortado\u011fu sorunu, K\u00fcrt meselesi, s\u0131\u011f\u0131nmac\u0131 meselesi T\u00fcrkiye&#8217;de konu\u015fuluyorsa en fazla burada konu\u015fuluyor. Ya da ekonomik kriz varsa, gelir da\u011f\u0131l\u0131mda adaletsizlik konu\u015fuluyorsa burada konu\u015fuluyor. T\u00fcrkiye&#8217;nin en fazla gelir adaleti konusunda u\u00e7urumu olan bir b\u00f6lge. B\u00f6yle bir yerde siyaset yapman\u0131n, siyaset\u00e7i olman\u0131n, y\u00f6netici olman\u0131n da alametifarikas\u0131n\u0131 bilmemiz laz\u0131m&#8221;<\/strong>&nbsp;dedi.<\/p>\n\n\n\n<p><strong>&#8220;Birbirini anlayan insanlar bir arada oldu\u011fu s\u00fcrece Mersin&#8217;de her \u015fey yolunda gider&#8221;<\/strong><\/p>\n\n\n\n<p>Mersin&#8217;de siyaset yapman\u0131n ba\u015fka illerde siyaset yapmaktan \u00e7ok daha zor oldu\u011funa de\u011finen Se\u00e7er,&nbsp;<strong>&#8220;Ama birbirini anlayan insanlar bir arada oldu\u011fu s\u00fcrece Mersin&#8217;de her \u015fey yolunda gider. Ba\u015fta biz, buradaki toplumsal huzuru, birlikteli\u011fi, bar\u0131\u015f\u0131 sa\u011flar\u0131z. Onu sa\u011flayamad\u0131\u011f\u0131m\u0131z noktada ne parktan konu\u015fal\u0131m, ne yoldan, ne g\u00fczel bir hayattan, ne refahtan, ne emekten, ne al\u0131n terinden. Kavgan\u0131n, d\u00f6v\u00fc\u015f\u00fcn, gerginli\u011fin, nefretin, \u00f6fkenin sevgisizli\u011fin oldu\u011fu bir \u015fehirde bunlar\u0131n konu\u015fman\u0131n hi\u00e7bir anlam\u0131 yok&#8221;<\/strong>&nbsp;ifadelerine yer verdi.<\/p>\n\n\n\n<p><strong>&#8220;D\u00fcnya g\u00f6r\u00fc\u015f\u00fcm\u00fcz\u00fcn ba\u015far\u0131l\u0131 olmas\u0131 insanlar\u0131n mutlulu\u011fu ve huzurunu sa\u011flayacakt\u0131r&#8221;<\/strong><\/p>\n\n\n\n<p>Kentte yeniden se\u00e7ilen bir ba\u015fkan olarak birlikteli\u011fin, beraberli\u011fin ve ho\u015fg\u00f6r\u00fcn\u00fcn t\u00fcm Mersin&#8217;i ba\u015far\u0131ya g\u00f6t\u00fcrece\u011fine inand\u0131\u011f\u0131n\u0131 s\u00f6yleyen Se\u00e7er,&nbsp;<strong>&#8220;Bizim ba\u015far\u0131l\u0131 olmam\u0131z, bizim d\u00fcnya g\u00f6r\u00fc\u015f\u00fcm\u00fcz\u00fcn ba\u015far\u0131l\u0131 olmas\u0131d\u0131r. Bizim d\u00fcnya g\u00f6r\u00fc\u015f\u00fcm\u00fcz\u00fcn ba\u015far\u0131l\u0131 olmas\u0131, bu topraklar \u00fczerinde ya\u015fayan t\u00fcm insanlar\u0131n ba\u015far\u0131s\u0131d\u0131r ve mutlulu\u011fudur, huzurudur, refah\u0131d\u0131r. Bu anlay\u0131\u015fla \u00e7al\u0131\u015fmaya devam edece\u011fiz&#8221;<\/strong>&nbsp;diye konu\u015ftu.<\/p>\n\n\n\n<p><strong>Kap\u0131k\u0131ran: &#8220;Kentin nefes alma alan\u0131 haline gelen orman\u0131m\u0131z\u0131 korumam\u0131z gerekiyor&#8221;<\/strong><\/p>\n\n\n\n<p>Mersin 68&#8217;liler Derne\u011fi Ba\u015fkan\u0131 Hasan Kap\u0131k\u0131ran ise 68&#8217;liler Bar\u0131\u015f Orman\u0131 arazisinin 25 Ekim 1994 y\u0131l\u0131nda 68&#8217;lilerin ad\u0131n\u0131 ya\u015fatmak i\u00e7in derne\u011fe tahsis edildi\u011fini belirterek,&nbsp;<strong>&#8220;B\u00fcy\u00fck\u015fehir Belediye Ba\u015fkan\u0131m\u0131z\u0131n da \u00e7ok b\u00fcy\u00fck emek ve katk\u0131lar\u0131yla buraya \u00e7ok b\u00fcy\u00fck bir yat\u0131r\u0131m yap\u0131ld\u0131. Kentin kalbi haline getirilmesi ile ilgili bizim de \u00e7abalar\u0131m\u0131z var. Bundan sonra da kentin en \u00f6nemli merkezlerinden biri haline gelen, kentin nefes alma alan\u0131 haline gelen orman\u0131m\u0131z\u0131 korumam\u0131z gerekiyor&#8221;<\/strong>&nbsp;dedi. Ormana ili\u015fkin 2 b\u00fcy\u00fck \u00e7abalar\u0131 oldu\u011funu belirten Kap\u0131k\u0131ran,&nbsp;<strong>&#8220;Bir tanesi 68&#8217;lilerin ismini bu ormanda ya\u015fatmak, ikincisi ise orman\u0131 gelecek ku\u015faklara daha kullan\u0131l\u0131r hale getirmek i\u00e7in \u00e7abalar\u0131m\u0131z olacak&#8221;<\/strong>&nbsp;\u015feklinde konu\u015ftu.<\/p>\n\n\n\n<p>Ba\u015fkan Se\u00e7er, konu\u015fmalar\u0131n ard\u0131ndan etkinli\u011fe kat\u0131lan davetlilerle orman\u0131 gezdi. Etkinlik toplu foto\u011fraf \u00e7ekiminin ard\u0131ndan sona erdi.<\/p>\n","protected":false},"excerpt":{"rendered":"<p>Mersin B\u00fcy\u00fck\u015fehir Belediye Ba\u015fkan\u0131 Vahap Se\u00e7er, Mersin 68&#8217;liler Derne\u011fi taraf\u0131ndan, Toroslar 68&#8217;liler Bar\u0131\u015f Orman\u0131&#8217;nda d\u00fczenlenen kahvalt\u0131 etkinli\u011fine kat\u0131ld\u0131. Ba\u015fkan Se\u00e7er, kahvalt\u0131 etkinli\u011finde, Dernek Ba\u015fkan\u0131 Hasan Kap\u0131k\u0131ran ve y\u00f6netiminin taleplerini dinledi. Ba\u015fkan Se\u00e7er: &#8220;Ba\u015fkanlar y\u00f6netti\u011fi \u015fehrin dinamikleri ile i\u00e7 i\u00e7i olmak zorunda&#8221; Sivil Toplum Kurulu\u015flar\u0131 (STK) ile bir araya gelmeye \u00f6nem verdi\u011fini belirterek konu\u015fmas\u0131na ba\u015flayan Ba\u015fkan [&hellip;]<\/p>\n","protected":false},"author":2,"featured_media":36417,"comment_status":"closed","ping_status":"closed","sticky":false,"template":"","format":"standard","meta":{"footnotes":""},"categories":[34,1,2,3],"tags":[],"class_list":["post-36416","post","type-post","status-publish","format-standard","has-post-thumbnail","hentry","category-flas-haber","category-genel","category-gundem","category-manset"],"views":6,"_links":{"self":[{"href":"https:\/\/mersinkadingazetesi.com\/index.php?rest_route=\/wp\/v2\/posts\/36416"}],"collection":[{"href":"https:\/\/mersinkadingazetesi.com\/index.php?rest_route=\/wp\/v2\/posts"}],"about":[{"href":"https:\/\/mersinkadingazetesi.com\/index.php?rest_route=\/wp\/v2\/types\/post"}],"author":[{"embeddable":true,"href":"https:\/\/mersinkadingazetesi.com\/index.php?rest_route=\/wp\/v2\/users\/2"}],"replies":[{"embeddable":true,"href":"https:\/\/mersinkadingazetesi.com\/index.php?rest_route=%2Fwp%2Fv2%2Fcomments&post=36416"}],"version-history":[{"count":1,"href":"https:\/\/mersinkadingazetesi.com\/index.php?rest_route=\/wp\/v2\/posts\/36416\/revisions"}],"predecessor-version":[{"id":36418,"href":"https:\/\/mersinkadingazetesi.com\/index.php?rest_route=\/wp\/v2\/posts\/36416\/revisions\/36418"}],"wp:featuredmedia":[{"embeddable":true,"href":"https:\/\/mersinkadingazetesi.com\/index.php?rest_route=\/wp\/v2\/media\/36417"}],"wp:attachment":[{"href":"https:\/\/mersinkadingazetesi.com\/index.php?rest_route=%2Fwp%2Fv2%2Fmedia&parent=36416"}],"wp:term":[{"taxonomy":"category","embeddable":true,"href":"https:\/\/mersinkadingazetesi.com\/index.php?rest_route=%2Fwp%2Fv2%2Fcategories&post=36416"},{"taxonomy":"post_tag","embeddable":true,"href":"https:\/\/mersinkadingazetesi.com\/index.php?rest_route=%2Fwp%2Fv2%2Ftags&post=36416"}],"curies":[{"name":"wp","href":"https:\/\/api.w.org\/{rel}","templated":true}]}}