{"id":36419,"date":"2024-10-27T10:06:34","date_gmt":"2024-10-27T07:06:34","guid":{"rendered":"https:\/\/mersinkadingazetesi.com\/?p=36419"},"modified":"2024-10-27T10:06:35","modified_gmt":"2024-10-27T07:06:35","slug":"baskan-yildiz-toroslarin-temizlik-sorunu-kalici-olarak-cozulecek","status":"publish","type":"post","link":"https:\/\/mersinkadingazetesi.com\/?p=36419","title":{"rendered":"BA\u015eKAN YILDIZ: &#8220;TOROSLAR&#8217;IN TEM\u0130ZL\u0130K SORUNU KALICI OLARAK \u00c7\u00d6Z\u00dcLECEK&#8221;"},"content":{"rendered":"\n<p>Toroslar Belediye Ba\u015fkan\u0131 Abdurrahman Y\u0131ld\u0131z, hedeflerinin Toroslar&#8217;\u0131n temizlik sorununu kal\u0131c\u0131 olarak \u00e7\u00f6zmek oldu\u011funu belirterek 2025 b\u00fct\u00e7esini bu hedefe g\u00f6re d\u00fczenlediklerini, ara\u00e7 gere\u00e7 say\u0131s\u0131n\u0131n ard\u0131ndan personel say\u0131s\u0131n\u0131 da art\u0131racaklar\u0131n\u0131 s\u00f6yledi. Ba\u015fkan Y\u0131ld\u0131z, &#8221;Toroslar halk\u0131, temizlik hassasiyeti konusunda bize yard\u0131mc\u0131 olsun. Bu sorunlar\u0131n giderilmesi noktas\u0131nda omuz omuza, el birli\u011fiyle Toroslar&#8217;\u0131 bu sorundan kurtaral\u0131m&#8221; \u00e7a\u011fr\u0131s\u0131nda bulundu. Y\u0131ld\u0131z, yurtta\u015flar\u0131n temizlikle ilgili taleplerini 444 41 33 numaral\u0131 \u00e7a\u011fr\u0131 merkezine iletmeleri durumunda h\u0131zla m\u00fcdahale edilece\u011fini de vurgulad\u0131.<\/p>\n\n\n\n<p>Toroslar Belediyesinin &#8220;Mahallede Temizlik Var&#8221; kampanyas\u0131, 14&#8217;\u00fcnc\u00fc haftas\u0131nda Portakal Mahallesi&#8217;nde devam etti. Temizlik kampanyas\u0131nda, Toroslar Belediye Ba\u015fkan\u0131 Abdurrahman Y\u0131ld\u0131z, ba\u015fkan yard\u0131mc\u0131lar\u0131, birim m\u00fcd\u00fcrleri, meclis \u00fcyeleri ve muhtarlar da haz\u0131r bulundu.<\/p>\n\n\n\n<p><strong>YEN\u0130 TEM\u0130ZL\u0130K ARA\u00c7LARI SAHAYA S\u00dcR\u00dcLD\u00dc<\/strong><\/p>\n\n\n\n<p>Ba\u015fkan Y\u0131ld\u0131z, Portakal Mahallesi&#8217;nin Toroslar&#8217;\u0131n di\u011fer mahallelerine g\u00f6re daha planl\u0131 geli\u015fmi\u015f bir mahalle oldu\u011funu vurgulad\u0131 ve bu planl\u0131 geli\u015fim modelini t\u00fcm mahallelere yaymay\u0131 hedeflediklerini s\u00f6yledi.<\/p>\n\n\n\n<p>Toroslar&#8217;da temizlik sorununu \u00e7\u00f6zecek ad\u0131mlar att\u0131klar\u0131n\u0131 ifade eden Y\u0131ld\u0131z,&nbsp; bu kapsamda, Temizlik \u0130\u015fleri M\u00fcd\u00fcrl\u00fc\u011f\u00fc&#8217;n\u00fcn makine ve ekipman eksikliklerini tamamlad\u0131klar\u0131n\u0131 belirterek, &#8220;22 \u00e7\u00f6p toplama arac\u0131m\u0131z, kep\u00e7elerimiz, trakt\u00f6rlerimiz ve kamyonlar\u0131m\u0131zla halk\u0131m\u0131za hizmet vermeye ba\u015flad\u0131k&#8221; dedi.<\/p>\n\n\n\n<p><strong>&#8220;444 41 33 NUMARALI HAT 7\/24 H\u0130ZMETTE!&#8221;<\/strong><\/p>\n\n\n\n<p>Toroslar halk\u0131n\u0131n, belediyeyle ilgili t\u00fcm hizmetlerin yan\u0131 s\u0131ra temizlikle ilgili \u015fik\u00e2yet ve taleplerini 444 41 33 numaral\u0131 \u00e7a\u011fr\u0131 merkezi \u00fczerinden iletebilece\u011fini belirten Y\u0131ld\u0131z, &#8220;Bu \u00e7a\u011fr\u0131 merkezi 7 g\u00fcn 24 saat hizmetinizdedir. Toroslar Belediyesi personeli, temizlik konusundaki her t\u00fcrl\u00fc \u015fik\u00e2yetinizi an\u0131nda yetkililere iletecek&#8221; \u015feklinde konu\u015ftu.<\/p>\n\n\n\n<p><strong>&#8220;EK\u0130B\u0130M\u0130Z\u0130 DAHA DA G\u00dc\u00c7LEND\u0130RECE\u011e\u0130Z&#8221;<\/strong><\/p>\n\n\n\n<p>2025 y\u0131l\u0131 b\u00fct\u00e7esinin b\u00fcy\u00fck bir k\u0131sm\u0131n\u0131 temizlik i\u015flerine ay\u0131rd\u0131klar\u0131n\u0131 ifade eden Ba\u015fkan Y\u0131ld\u0131z, y\u0131l sonuna kadar t\u00fcm eksikliklerin giderilmesi i\u00e7in yo\u011fun \u00e7aba sarf ettiklerini dile getirdi.<\/p>\n\n\n\n<p>&#8220;Temizlik \u0130\u015fleri M\u00fcd\u00fcrl\u00fc\u011f\u00fcm\u00fczde \u00e7al\u0131\u015fma arkada\u015flar\u0131m\u0131z\u0131 tahkim edece\u011fiz, yeni arkada\u015flar\u0131m\u0131zla m\u00fcd\u00fcrl\u00fc\u011f\u00fcm\u00fcz\u00fc daha da g\u00fc\u00e7lendirece\u011fiz&#8221; diyen Ba\u015fkan Y\u0131ld\u0131z, temizlik meselesinin kendisi i\u00e7in \u00f6zel bir \u00f6neme sahip oldu\u011funu ve sorunlar\u0131n kal\u0131c\u0131 olarak \u00e7\u00f6z\u00fclece\u011fini belirterek, &#8220;Temizlik konusu benim k\u0131rm\u0131z\u0131 \u00e7izgim. Bu konuda bizzat takipte olaca\u011f\u0131m. Toroslar&#8217;da temizlik sorunu diye bir mesele kalmay\u0131ncaya kadar bu i\u015fin arkas\u0131nday\u0131m. T\u00fcm Toroslar halk\u0131n\u0131 da bu konuda bizlere destek olmaya davet ediyorum. Toroslar halk\u0131yla, el ele i\u015fbirli\u011fi i\u00e7erisinde tertemiz Toroslar&#8217;\u0131 hep beraber yarataca\u011f\u0131z&#8221; dedi.<\/p>\n\n\n\n<p><strong>&#8221;B\u0130RL\u0130K \u0130\u00c7\u0130NDE TEM\u0130ZL\u0130K SORUNLARI \u00c7\u00d6Z\u00dcLEB\u0130L\u0130R<\/strong><\/p>\n\n\n\n<p>Portakal Mahallesi Muhtar\u0131 Burhan Bozkurt da etkinlikte konu\u015farak mahallede y\u00fcr\u00fct\u00fclen temizlik \u00e7al\u0131\u015fmalar\u0131na vatanda\u015flar\u0131n da destek vermesi gerekti\u011fini belirtti. Bozkurt, baz\u0131 vatanda\u015flar\u0131n duyars\u0131z davrand\u0131\u011f\u0131n\u0131 ve temizlenen alanlar\u0131 tekrar kirletti\u011fini ifade etti ve birlik i\u00e7inde bu sorunlar\u0131n \u00fcstesinden gelinebilece\u011fini s\u00f6yledi.<\/p>\n\n\n\n<p>Ba\u015fkan Y\u0131ld\u0131z, temizlik \u00e7al\u0131\u015fmas\u0131n\u0131n ard\u0131ndan kampanyaya kat\u0131lan \u00e7ocuklara boyama seti hediye ederek, \u00e7evreye duyarl\u0131 olmalar\u0131ndan dolay\u0131 te\u015fekk\u00fcr etti.<\/p>\n","protected":false},"excerpt":{"rendered":"<p>Toroslar Belediye Ba\u015fkan\u0131 Abdurrahman Y\u0131ld\u0131z, hedeflerinin Toroslar&#8217;\u0131n temizlik sorununu kal\u0131c\u0131 olarak \u00e7\u00f6zmek oldu\u011funu belirterek 2025 b\u00fct\u00e7esini bu hedefe g\u00f6re d\u00fczenlediklerini, ara\u00e7 gere\u00e7 say\u0131s\u0131n\u0131n ard\u0131ndan personel say\u0131s\u0131n\u0131 da art\u0131racaklar\u0131n\u0131 s\u00f6yledi. Ba\u015fkan Y\u0131ld\u0131z, &#8221;Toroslar halk\u0131, temizlik hassasiyeti konusunda bize yard\u0131mc\u0131 olsun. Bu sorunlar\u0131n giderilmesi noktas\u0131nda omuz omuza, el birli\u011fiyle Toroslar&#8217;\u0131 bu sorundan kurtaral\u0131m&#8221; \u00e7a\u011fr\u0131s\u0131nda bulundu. Y\u0131ld\u0131z, yurtta\u015flar\u0131n [&hellip;]<\/p>\n","protected":false},"author":2,"featured_media":36420,"comment_status":"closed","ping_status":"closed","sticky":false,"template":"","format":"standard","meta":{"footnotes":""},"categories":[3],"tags":[],"class_list":["post-36419","post","type-post","status-publish","format-standard","has-post-thumbnail","hentry","category-manset"],"views":1,"_links":{"self":[{"href":"https:\/\/mersinkadingazetesi.com\/index.php?rest_route=\/wp\/v2\/posts\/36419"}],"collection":[{"href":"https:\/\/mersinkadingazetesi.com\/index.php?rest_route=\/wp\/v2\/posts"}],"about":[{"href":"https:\/\/mersinkadingazetesi.com\/index.php?rest_route=\/wp\/v2\/types\/post"}],"author":[{"embeddable":true,"href":"https:\/\/mersinkadingazetesi.com\/index.php?rest_route=\/wp\/v2\/users\/2"}],"replies":[{"embeddable":true,"href":"https:\/\/mersinkadingazetesi.com\/index.php?rest_route=%2Fwp%2Fv2%2Fcomments&post=36419"}],"version-history":[{"count":1,"href":"https:\/\/mersinkadingazetesi.com\/index.php?rest_route=\/wp\/v2\/posts\/36419\/revisions"}],"predecessor-version":[{"id":36421,"href":"https:\/\/mersinkadingazetesi.com\/index.php?rest_route=\/wp\/v2\/posts\/36419\/revisions\/36421"}],"wp:featuredmedia":[{"embeddable":true,"href":"https:\/\/mersinkadingazetesi.com\/index.php?rest_route=\/wp\/v2\/media\/36420"}],"wp:attachment":[{"href":"https:\/\/mersinkadingazetesi.com\/index.php?rest_route=%2Fwp%2Fv2%2Fmedia&parent=36419"}],"wp:term":[{"taxonomy":"category","embeddable":true,"href":"https:\/\/mersinkadingazetesi.com\/index.php?rest_route=%2Fwp%2Fv2%2Fcategories&post=36419"},{"taxonomy":"post_tag","embeddable":true,"href":"https:\/\/mersinkadingazetesi.com\/index.php?rest_route=%2Fwp%2Fv2%2Ftags&post=36419"}],"curies":[{"name":"wp","href":"https:\/\/api.w.org\/{rel}","templated":true}]}}