{"id":36422,"date":"2024-10-27T10:07:48","date_gmt":"2024-10-27T07:07:48","guid":{"rendered":"https:\/\/mersinkadingazetesi.com\/?p=36422"},"modified":"2024-10-27T10:07:49","modified_gmt":"2024-10-27T07:07:49","slug":"baskan-vahap-secerden-29-ekim-cumhuriyet-bayrami-mesaji","status":"publish","type":"post","link":"https:\/\/mersinkadingazetesi.com\/?p=36422","title":{"rendered":"BA\u015eKAN VAHAP SE\u00c7ER&#8217;DEN &#8217;29 EK\u0130M CUMHUR\u0130YET BAYRAMI&#8217; MESAJI"},"content":{"rendered":"\n<p>Mersin B\u00fcy\u00fck\u015fehir Belediye Ba\u015fkan\u0131 Vahap Se\u00e7er,&nbsp;<strong>&#8217;29 Ekim Cumhuriyet Bayram\u0131&#8217;<\/strong>&nbsp;dolay\u0131s\u0131yla bir mesaj yay\u0131nlad\u0131.<\/p>\n\n\n\n<p>Ba\u015fkan Se\u00e7er mesaj\u0131nda \u015fu ifadelere yer verdi:<\/p>\n\n\n\n<p><strong>&#8220;Bir y\u00fczy\u0131l\u0131 geride b\u0131rakan ve sonsuza kadar de\u011ferleri ile ya\u015fayacak olan Cumhuriyetimizi, Cumhuriyet de\u011ferleri kenti olan Mersin&#8217;de ve t\u00fcm yurtta co\u015fku ve k\u0131van\u00e7la kutluyoruz.<\/strong><\/p>\n\n\n\n<p><strong>Mersin B\u00fcy\u00fck\u015fehir Belediyesi olarak, Cumhuriyet&#8217;e sadece \u015feklen de\u011fil ruhen de ba\u011fl\u0131 olmak bilinciyle ve Ulu \u00d6nder Mustafa Kemal Atat\u00fcrk&#8217;\u00fcn de ifade etti\u011fi gibi &#8216;Bilhassa kimsesizlerin kimsesi&#8217; olman\u0131n sorumlulu\u011fuyla; g\u00f6reve geldi\u011fimiz g\u00fcnden bug\u00fcne, Cumhuriyet de\u011ferlerinin \u0131\u015f\u0131\u011f\u0131nda y\u00fcr\u00fcyor ve yapt\u0131\u011f\u0131m\u0131z her \u00e7al\u0131\u015fmay\u0131 O&#8217;nun de\u011ferlerine bir hizmet ve Cumhuriyetimizin sonsuza dek ya\u015fayabilmesine katk\u0131 olarak g\u00f6r\u00fcyoruz.<\/strong><\/p>\n\n\n\n<p><strong>Cumhuriyet de\u011ferleriyle \u00e7a\u011fda\u015fl\u0131\u011f\u0131, bilimi ve akl\u0131 esas alarak yenilikleri takip etmek, hatta \u00f6nc\u00fcl\u00fck etmek i\u00e7in kalk\u0131nmac\u0131, yenilik\u00e7i ve sosyal belediyecilik vizyonuyla \u00e7al\u0131\u015f\u0131yoruz. Mersin tarihinin en b\u00fcy\u00fck yol projelerini hayata ge\u00e7iriyor, e\u011fitimde f\u0131rsat e\u015fitli\u011fini en uzak il\u00e7elere kadar ta\u015f\u0131yoruz. \u0130htiya\u00e7 sahiplerine, insan onuruna yak\u0131\u015f\u0131r hizmetler g\u00f6t\u00fcr\u00fcyor ve sosyal politikalar\u0131m\u0131zda \u00f6nc\u00fc ad\u0131mlar at\u0131yoruz. Kentimizin b\u00fct\u00e7esini hak temelli bir yakla\u015f\u0131mla kullanarak, her alanda vatanda\u015flar\u0131m\u0131z\u0131n yan\u0131nda olmay\u0131 sorumlulu\u011fumuz olarak kabul ediyoruz.<\/strong><\/p>\n\n\n\n<p><strong>Mersinliler olarak sahip oldu\u011fumuz t\u00fcm \u00f6zg\u00fcrl\u00fcklerin ve ortak de\u011ferlerin Cumhuriyet sayesinde var oldu\u011funu biliyor; kentimizde ya\u015fayan herkese bunu daha g\u00fc\u00e7l\u00fc hissettirmek i\u00e7in azim ve kararl\u0131l\u0131kla \u00e7al\u0131\u015fmay\u0131 ve bu bilinci derinle\u015ftirmeyi kendimize g\u00f6rev say\u0131yoruz.<\/strong><\/p>\n\n\n\n<p><strong>Verilen onurlu ve zorlu bir m\u00fccadelenin ve \u00f6denen b\u00fcy\u00fck bedellerin ard\u0131ndan; bizlere Cumhuriyetimizi arma\u011fan eden ba\u015fta Mustafa Kemal Atat\u00fcrk olmak \u00fczere, t\u00fcm kahramanlar\u0131m\u0131za \u015f\u00fckranlar\u0131m\u0131 sunuyor, Cumhuriyetimiz i\u00e7in can\u0131n\u0131 feda eden t\u00fcm \u015fehitlerimizi sayg\u0131 ve minnetle an\u0131yorum.<\/strong><\/p>\n\n\n\n<p><strong>Cumhuriyet de\u011ferlerine y\u00fcrekten ba\u011fl\u0131 Mersin halk\u0131n\u0131n ve t\u00fcm \u00fclkemizin Cumhuriyet Bayram\u0131&#8217;n\u0131 y\u00fcrekten kutlar\u0131m.&#8221;<\/strong><\/p>\n","protected":false},"excerpt":{"rendered":"<p>Mersin B\u00fcy\u00fck\u015fehir Belediye Ba\u015fkan\u0131 Vahap Se\u00e7er,&nbsp;&#8217;29 Ekim Cumhuriyet Bayram\u0131&#8217;&nbsp;dolay\u0131s\u0131yla bir mesaj yay\u0131nlad\u0131. Ba\u015fkan Se\u00e7er mesaj\u0131nda \u015fu ifadelere yer verdi: &#8220;Bir y\u00fczy\u0131l\u0131 geride b\u0131rakan ve sonsuza kadar de\u011ferleri ile ya\u015fayacak olan Cumhuriyetimizi, Cumhuriyet de\u011ferleri kenti olan Mersin&#8217;de ve t\u00fcm yurtta co\u015fku ve k\u0131van\u00e7la kutluyoruz. Mersin B\u00fcy\u00fck\u015fehir Belediyesi olarak, Cumhuriyet&#8217;e sadece \u015feklen de\u011fil ruhen de ba\u011fl\u0131 olmak [&hellip;]<\/p>\n","protected":false},"author":2,"featured_media":36423,"comment_status":"closed","ping_status":"closed","sticky":false,"template":"","format":"standard","meta":{"footnotes":""},"categories":[3],"tags":[],"class_list":["post-36422","post","type-post","status-publish","format-standard","has-post-thumbnail","hentry","category-manset"],"views":2,"_links":{"self":[{"href":"https:\/\/mersinkadingazetesi.com\/index.php?rest_route=\/wp\/v2\/posts\/36422"}],"collection":[{"href":"https:\/\/mersinkadingazetesi.com\/index.php?rest_route=\/wp\/v2\/posts"}],"about":[{"href":"https:\/\/mersinkadingazetesi.com\/index.php?rest_route=\/wp\/v2\/types\/post"}],"author":[{"embeddable":true,"href":"https:\/\/mersinkadingazetesi.com\/index.php?rest_route=\/wp\/v2\/users\/2"}],"replies":[{"embeddable":true,"href":"https:\/\/mersinkadingazetesi.com\/index.php?rest_route=%2Fwp%2Fv2%2Fcomments&post=36422"}],"version-history":[{"count":1,"href":"https:\/\/mersinkadingazetesi.com\/index.php?rest_route=\/wp\/v2\/posts\/36422\/revisions"}],"predecessor-version":[{"id":36424,"href":"https:\/\/mersinkadingazetesi.com\/index.php?rest_route=\/wp\/v2\/posts\/36422\/revisions\/36424"}],"wp:featuredmedia":[{"embeddable":true,"href":"https:\/\/mersinkadingazetesi.com\/index.php?rest_route=\/wp\/v2\/media\/36423"}],"wp:attachment":[{"href":"https:\/\/mersinkadingazetesi.com\/index.php?rest_route=%2Fwp%2Fv2%2Fmedia&parent=36422"}],"wp:term":[{"taxonomy":"category","embeddable":true,"href":"https:\/\/mersinkadingazetesi.com\/index.php?rest_route=%2Fwp%2Fv2%2Fcategories&post=36422"},{"taxonomy":"post_tag","embeddable":true,"href":"https:\/\/mersinkadingazetesi.com\/index.php?rest_route=%2Fwp%2Fv2%2Ftags&post=36422"}],"curies":[{"name":"wp","href":"https:\/\/api.w.org\/{rel}","templated":true}]}}