{"id":36428,"date":"2024-10-27T10:11:28","date_gmt":"2024-10-27T07:11:28","guid":{"rendered":"https:\/\/mersinkadingazetesi.com\/?p=36428"},"modified":"2024-10-27T10:11:29","modified_gmt":"2024-10-27T07:11:29","slug":"100-yil-ataturk-ve-begonvil-cocuk-gelisim-merkezinde-ekranin-zararlari-anlatildi","status":"publish","type":"post","link":"https:\/\/mersinkadingazetesi.com\/?p=36428","title":{"rendered":"100. YIL ATAT\u00dcRK VE BEGONV\u0130L \u00c7OCUK GEL\u0130\u015e\u0130M MERKEZ\u0130&#8217;NDE EKRANIN ZARARLARI ANLATILDI"},"content":{"rendered":"\n<p>Mersin B\u00fcy\u00fck\u015fehir Belediyesi Kad\u0131n ve Aile Hizmetleri Dairesi Ba\u015fkanl\u0131\u011f\u0131 b\u00fcnyesinde hizmet veren \u00c7ocuk Geli\u015fim Merkezleri&#8217;nde, ebeveynlere y\u00f6nelik bilgilendirme seminerleri s\u00fcr\u00fcyor.<\/p>\n\n\n\n<p>Tarsus&#8217;ta faaliyette bulunan B\u00fcy\u00fck\u015fehir 100. Y\u0131l Atat\u00fcrk \u00c7ocuk Geli\u015fim Merkezi ile Begonvil \u00c7ocuk Geli\u015fim Merkezi&#8217;nden faydalanan \u00e7ocuklar\u0131n ebeveynlerine y\u00f6nelik,&nbsp;<strong>&#8216;Erken \u00e7ocukluk d\u00f6neminde, \u00e7ocuklar\u0131n ekran kullan\u0131m\u0131na&#8217;<\/strong>&nbsp;y\u00f6nelik bilgilendirme semineri d\u00fczenlendi.<\/p>\n\n\n\n<p>B\u00fcy\u00fck\u015fehir Belediyesi 100. Y\u0131l Atat\u00fcrk \u00c7ocuk Geli\u015fim Merkezi Toplant\u0131 Salonu&#8217;nda ger\u00e7ekle\u015fen ve vatanda\u015flar\u0131n da kat\u0131ld\u0131\u011f\u0131 toplant\u0131, slayt e\u015fli\u011finde seminer ve interaktif kat\u0131l\u0131mla payla\u015f\u0131m ve oyunlarla d\u00fczenlendi.<\/p>\n\n\n\n<p>B\u00fcy\u00fck\u015fehir Belediyesi Kad\u0131n ve Aile Hizmetleri Dairesi b\u00fcnyesindeki \u00c7ocuk Geli\u015fim Merkezleri Koordinat\u00f6r\u00fc \u00d6zlem Tan\u0131\u015f\u0131k&#8217;\u0131n sunumuyla y\u00fcr\u00fct\u00fclen programda,&nbsp;<strong>&#8216;Okul \u00f6ncesi ya\u015fta ekran kullan\u0131m\u0131n\u0131n zararlar\u0131, dikkat eksikli\u011fi ve hiperaktivite, uyku sorunlar\u0131, obezite riski, \u015fiddet ve olumsuz i\u00e7eriklere maruz kalma, dil ve ileti\u015fim becerilerinin gerilemesi&#8217;<\/strong>&nbsp;konular\u0131nda ebeveynlere ayr\u0131nt\u0131l\u0131 bilgiler verildi.<\/p>\n\n\n\n<p><strong>Tan\u0131\u015f\u0131k: &#8220;\u00c7ocuklarda olu\u015fan ekran kullan\u0131m\u0131ndan kaynakl\u0131 zararlar\u0131, velilerimizle payla\u015ft\u0131k&#8221;<\/strong><\/p>\n\n\n\n<p>B\u00fcy\u00fck\u015fehir Belediyesi Kad\u0131n ve Aile Hizmetleri Dairesi b\u00fcnyesindeki \u00c7ocuk Geli\u015fim Merkezleri Koordinat\u00f6r\u00fc \u00d6zlem Tan\u0131\u015f\u0131k, seminerler arac\u0131l\u0131\u011f\u0131yla ebeveynlerin de d\u00fc\u015f\u00fcncelerini ald\u0131klar\u0131n\u0131 kaydederek,&nbsp;<strong>&#8220;Tarsus 100. Y\u0131l ve Begonvil \u00c7ocuk Geli\u015fim Merkezi ebeveynlerimize ve halka a\u00e7\u0131k bir seminer program\u0131 haz\u0131rlad\u0131k. Bu seminer program\u0131m\u0131z\u0131n i\u00e7eri\u011fi,&nbsp;<em>&#8216;Erken \u00e7ocukluk d\u00f6neminde, \u00e7ocuklar\u0131n ekran kullan\u0131m\u0131na&#8217;<\/em>&nbsp;dair bir payla\u015f\u0131m oldu&#8221;<\/strong>&nbsp;dedi. Toplumsal olarak bak\u0131ld\u0131\u011f\u0131nda \u00e7ocuklarda \u015fiddet e\u011filimi ile dil-ileti\u015fim bozukluklar\u0131n\u0131n g\u00f6zlemlendi\u011fini kaydeden Tan\u0131\u015f\u0131k,&nbsp;<strong>&#8220;Bu s\u00fcrecin de yo\u011fun ekran kullan\u0131m\u0131ndan kaynakland\u0131\u011f\u0131n\u0131 fark ettik. Bu do\u011frultuda ebeveynlerimizin, zorlu ebeveynlik yolculu\u011funa biraz \u0131\u015f\u0131k tutmak istedik. Bug\u00fcn burada buna dair bir payla\u015f\u0131m \u00e7emberi ve bir seminer olu\u015fturduk. Payla\u015f\u0131m \u00e7emberimizde oyunlar oynad\u0131k. Onlar\u0131n d\u00fc\u015f\u00fcncelerini ald\u0131k. Hayatlar\u0131na dair yorumlar\u0131n\u0131 ald\u0131k. Seminer k\u0131sm\u0131nda da, velilerimize bu s\u00fcre\u00e7lerle ilgili bilimsel verileri anlatt\u0131k&#8221;<\/strong>&nbsp;diye konu\u015ftu.<\/p>\n\n\n\n<p>Olumlu geri d\u00f6n\u00fc\u015fler ald\u0131klar\u0131n\u0131 da kaydeden Tan\u0131\u015f\u0131k,&nbsp;<strong>&#8220;Ebeveynlerimizden ald\u0131\u011f\u0131m\u0131z geri d\u00f6n\u00fc\u015fler \u00e7ok olumluydu. B\u00f6yle bir ihtiyac\u0131n oldu\u011funu kendileri de fark etmi\u015fler. Seminere dahil olmaktan, payla\u015f\u0131m \u00e7emberinde yapt\u0131\u011f\u0131m\u0131z oyun ve etkinliklerden olduk\u00e7a keyif ald\u0131klar\u0131n\u0131 ilettiler&#8221;<\/strong>&nbsp;ifadelerini kulland\u0131.<\/p>\n\n\n\n<p><strong>Ebeveynler, verilen seminerden memnun ayr\u0131ld\u0131<\/strong><\/p>\n\n\n\n<p>Seminere kat\u0131lan 2 \u00e7ocuk annesi Belma Fergar Dev, \u00e7ocuklar\u0131 i\u00e7in hayatta kullanabilece\u011fi \u00e7ok g\u00fczel y\u00f6ntemler \u00f6\u011frendi\u011fini s\u00f6yleyerek,&nbsp;<strong>&#8220;Burada \u00f6\u011frendiklerimi, evde \u00e7ocuklar\u0131ma uygulayaca\u011f\u0131m. \u00c7ocu\u011fum 2 y\u0131ld\u0131r B\u00fcy\u00fck\u015fehir Geli\u015fim Merkezi&#8217;ne geliyor ve son derecede g\u00fczel buluyorum. Ev \u00f6devleri veriyorlar, geli\u015fimine katk\u0131 sunuyorlar. K\u0131z\u0131mdaki farkl\u0131l\u0131klar\u0131 g\u00f6r\u00fcyorum&#8221;<\/strong>&nbsp;\u015feklinde konu\u015ftu.<\/p>\n\n\n\n<p>Seminere kat\u0131lan ebeveynlerden Emel Mutluay ise, B\u00fcy\u00fck\u015fehir \u00c7ocuk Geli\u015fim Merkezlerini herkese tavsiye etti\u011fini belirterek,&nbsp;<strong>&#8220;\u00c7ok g\u00fczel bir bilgilendirme oldu. Hatta biz bug\u00fcn tablet almaya gidecektik, onu almaktan vazge\u00e7tik. Ekran s\u00fcrelerini k\u0131salt\u0131yoruz, ama seminerde verilen bilgilerle daha da bilin\u00e7lenmi\u015f olduk&#8221;<\/strong>&nbsp;dedi.<\/p>\n","protected":false},"excerpt":{"rendered":"<p>Mersin B\u00fcy\u00fck\u015fehir Belediyesi Kad\u0131n ve Aile Hizmetleri Dairesi Ba\u015fkanl\u0131\u011f\u0131 b\u00fcnyesinde hizmet veren \u00c7ocuk Geli\u015fim Merkezleri&#8217;nde, ebeveynlere y\u00f6nelik bilgilendirme seminerleri s\u00fcr\u00fcyor. Tarsus&#8217;ta faaliyette bulunan B\u00fcy\u00fck\u015fehir 100. Y\u0131l Atat\u00fcrk \u00c7ocuk Geli\u015fim Merkezi ile Begonvil \u00c7ocuk Geli\u015fim Merkezi&#8217;nden faydalanan \u00e7ocuklar\u0131n ebeveynlerine y\u00f6nelik,&nbsp;&#8216;Erken \u00e7ocukluk d\u00f6neminde, \u00e7ocuklar\u0131n ekran kullan\u0131m\u0131na&#8217;&nbsp;y\u00f6nelik bilgilendirme semineri d\u00fczenlendi. B\u00fcy\u00fck\u015fehir Belediyesi 100. Y\u0131l Atat\u00fcrk \u00c7ocuk Geli\u015fim Merkezi [&hellip;]<\/p>\n","protected":false},"author":2,"featured_media":36429,"comment_status":"closed","ping_status":"closed","sticky":false,"template":"","format":"standard","meta":{"footnotes":""},"categories":[3],"tags":[],"class_list":["post-36428","post","type-post","status-publish","format-standard","has-post-thumbnail","hentry","category-manset"],"views":16,"_links":{"self":[{"href":"https:\/\/mersinkadingazetesi.com\/index.php?rest_route=\/wp\/v2\/posts\/36428"}],"collection":[{"href":"https:\/\/mersinkadingazetesi.com\/index.php?rest_route=\/wp\/v2\/posts"}],"about":[{"href":"https:\/\/mersinkadingazetesi.com\/index.php?rest_route=\/wp\/v2\/types\/post"}],"author":[{"embeddable":true,"href":"https:\/\/mersinkadingazetesi.com\/index.php?rest_route=\/wp\/v2\/users\/2"}],"replies":[{"embeddable":true,"href":"https:\/\/mersinkadingazetesi.com\/index.php?rest_route=%2Fwp%2Fv2%2Fcomments&post=36428"}],"version-history":[{"count":1,"href":"https:\/\/mersinkadingazetesi.com\/index.php?rest_route=\/wp\/v2\/posts\/36428\/revisions"}],"predecessor-version":[{"id":36430,"href":"https:\/\/mersinkadingazetesi.com\/index.php?rest_route=\/wp\/v2\/posts\/36428\/revisions\/36430"}],"wp:featuredmedia":[{"embeddable":true,"href":"https:\/\/mersinkadingazetesi.com\/index.php?rest_route=\/wp\/v2\/media\/36429"}],"wp:attachment":[{"href":"https:\/\/mersinkadingazetesi.com\/index.php?rest_route=%2Fwp%2Fv2%2Fmedia&parent=36428"}],"wp:term":[{"taxonomy":"category","embeddable":true,"href":"https:\/\/mersinkadingazetesi.com\/index.php?rest_route=%2Fwp%2Fv2%2Fcategories&post=36428"},{"taxonomy":"post_tag","embeddable":true,"href":"https:\/\/mersinkadingazetesi.com\/index.php?rest_route=%2Fwp%2Fv2%2Ftags&post=36428"}],"curies":[{"name":"wp","href":"https:\/\/api.w.org\/{rel}","templated":true}]}}