{"id":36431,"date":"2024-10-27T10:12:48","date_gmt":"2024-10-27T07:12:48","guid":{"rendered":"https:\/\/mersinkadingazetesi.com\/?p=36431"},"modified":"2024-10-27T10:12:48","modified_gmt":"2024-10-27T07:12:48","slug":"ozdemir-cumhuriyet-insan-haklari-demektir","status":"publish","type":"post","link":"https:\/\/mersinkadingazetesi.com\/?p=36431","title":{"rendered":"\u00d6ZDEM\u0130R: CUMHUR\u0130YET, \u0130NSAN HAKLARI DEMEKT\u0130R"},"content":{"rendered":"\n<p>Baro Ba\u015fkan\u0131m\u0131z Av. Gazi \u00d6zdemir, Cumhuriyet Bayram\u0131&#8217;n\u0131 yay\u0131mlad\u0131\u011f\u0131 yaz\u0131l\u0131 mesajla kutlad\u0131. \u00d6zdemir mesaj\u0131nda, &#8220;Cumhuriyet, insanlar\u0131n laik hukuk devleti teminat\u0131 alt\u0131nda e\u015fit ve \u00f6zg\u00fcrce ya\u015fayabilmesi demektir. Cumhuriyet; kad\u0131n haklar\u0131, \u00e7ocuk haklar\u0131, insan haklar\u0131 demektir&#8221; dedi.<\/p>\n\n\n\n<p>CUMHUR\u0130YET, E\u015e\u0130T VE \u00d6ZG\u00dcR YA\u015eAMDIR<\/p>\n\n\n\n<p>Baro Ba\u015fkan\u0131 Av. Gazi \u00d6zdemir mesaj\u0131nda, &#8220;Cumhuriyet, \u015fanl\u0131 tarihimizdeki yeniden dirili\u015fin ad\u0131d\u0131r. Cumhuriyet; kad\u0131n haklar\u0131, \u00e7ocuk haklar\u0131, insan haklar\u0131 demektir. Cumhuriyet, \u00fclkemizde saltanat ve hilafetin egemenli\u011finin sona ermesi, insanlar\u0131n laik hukuk devleti teminat\u0131 alt\u0131nda e\u015fit ve \u00f6zg\u00fcrce ya\u015fayabilmesi demektir. Cumhuriyet; esarete boyun e\u011fmeyen, h\u00fcrriyeti ve ba\u011f\u0131ms\u0131zl\u0131\u011f\u0131 tek yol se\u00e7en T\u00fcrk Milleti&#8217;nin en de\u011ferli kazan\u0131m\u0131 olmu\u015ftur.<\/p>\n\n\n\n<p>CUMHUR\u0130YET, HUKUKUN \u00dcST\u00dcNL\u00dc\u011e\u00dc DEMEKT\u0130R<\/p>\n\n\n\n<p>Demokratik bir y\u00f6netim bi\u00e7imi olan Cumhuriyet ile birlikte \u00fclkemizde; bilim, e\u011fitim, sanat, sanayi ba\u015fta olmak \u00fczere bir\u00e7ok alanda kalk\u0131nma ve ayd\u0131nlanma ba\u015flam\u0131\u015f, kad\u0131n erkek e\u015fitli\u011fi, laik bir devlet anlay\u0131\u015f\u0131, hukukun \u00fcst\u00fcnl\u00fc\u011f\u00fc sa\u011flanm\u0131\u015ft\u0131r. Gazi Mustafa Kemal Atat\u00fcrk&#8217;\u00fcn \u00f6nderli\u011finde kazand\u0131\u011f\u0131m\u0131z Kurtulu\u015f Sava\u015f\u0131 sonucunda, T\u00fcrk milletinin karakterine en uygun idare sistemi olarak ilan edilen Cumhuriyetimizin \u00f6n\u00fcnde uzanan ayd\u0131nl\u0131k yolda ilerleyerek; demokrasi, hukuk, insan haklar\u0131 m\u00fccadelesini s\u00fcrd\u00fcrmeye, Atat\u00fcrk ilke ve devrimleri ile Cumhuriyetimizin kazan\u0131mlar\u0131n\u0131 ilelebet ya\u015fatmaya devam edece\u011fiz. Ulu \u00f6nderimiz Gazi Mustafa Kemal Atat\u00fcrk&#8217;\u00fcn, &#8216;Benim En B\u00fcy\u00fck Eserimdir&#8217; dedi\u011fi Cumhuriyetimizin kurulu\u015funun 101. y\u0131l\u0131 kutlu olsun&#8221; ifadesini kulland\u0131.<\/p>\n","protected":false},"excerpt":{"rendered":"<p>Baro Ba\u015fkan\u0131m\u0131z Av. Gazi \u00d6zdemir, Cumhuriyet Bayram\u0131&#8217;n\u0131 yay\u0131mlad\u0131\u011f\u0131 yaz\u0131l\u0131 mesajla kutlad\u0131. \u00d6zdemir mesaj\u0131nda, &#8220;Cumhuriyet, insanlar\u0131n laik hukuk devleti teminat\u0131 alt\u0131nda e\u015fit ve \u00f6zg\u00fcrce ya\u015fayabilmesi demektir. Cumhuriyet; kad\u0131n haklar\u0131, \u00e7ocuk haklar\u0131, insan haklar\u0131 demektir&#8221; dedi. CUMHUR\u0130YET, E\u015e\u0130T VE \u00d6ZG\u00dcR YA\u015eAMDIR Baro Ba\u015fkan\u0131 Av. Gazi \u00d6zdemir mesaj\u0131nda, &#8220;Cumhuriyet, \u015fanl\u0131 tarihimizdeki yeniden dirili\u015fin ad\u0131d\u0131r. Cumhuriyet; kad\u0131n haklar\u0131, \u00e7ocuk [&hellip;]<\/p>\n","protected":false},"author":2,"featured_media":36432,"comment_status":"closed","ping_status":"closed","sticky":false,"template":"","format":"standard","meta":{"footnotes":""},"categories":[3],"tags":[],"class_list":["post-36431","post","type-post","status-publish","format-standard","has-post-thumbnail","hentry","category-manset"],"views":8,"_links":{"self":[{"href":"https:\/\/mersinkadingazetesi.com\/index.php?rest_route=\/wp\/v2\/posts\/36431"}],"collection":[{"href":"https:\/\/mersinkadingazetesi.com\/index.php?rest_route=\/wp\/v2\/posts"}],"about":[{"href":"https:\/\/mersinkadingazetesi.com\/index.php?rest_route=\/wp\/v2\/types\/post"}],"author":[{"embeddable":true,"href":"https:\/\/mersinkadingazetesi.com\/index.php?rest_route=\/wp\/v2\/users\/2"}],"replies":[{"embeddable":true,"href":"https:\/\/mersinkadingazetesi.com\/index.php?rest_route=%2Fwp%2Fv2%2Fcomments&post=36431"}],"version-history":[{"count":1,"href":"https:\/\/mersinkadingazetesi.com\/index.php?rest_route=\/wp\/v2\/posts\/36431\/revisions"}],"predecessor-version":[{"id":36433,"href":"https:\/\/mersinkadingazetesi.com\/index.php?rest_route=\/wp\/v2\/posts\/36431\/revisions\/36433"}],"wp:featuredmedia":[{"embeddable":true,"href":"https:\/\/mersinkadingazetesi.com\/index.php?rest_route=\/wp\/v2\/media\/36432"}],"wp:attachment":[{"href":"https:\/\/mersinkadingazetesi.com\/index.php?rest_route=%2Fwp%2Fv2%2Fmedia&parent=36431"}],"wp:term":[{"taxonomy":"category","embeddable":true,"href":"https:\/\/mersinkadingazetesi.com\/index.php?rest_route=%2Fwp%2Fv2%2Fcategories&post=36431"},{"taxonomy":"post_tag","embeddable":true,"href":"https:\/\/mersinkadingazetesi.com\/index.php?rest_route=%2Fwp%2Fv2%2Ftags&post=36431"}],"curies":[{"name":"wp","href":"https:\/\/api.w.org\/{rel}","templated":true}]}}