{"id":36450,"date":"2024-10-28T11:43:41","date_gmt":"2024-10-28T08:43:41","guid":{"rendered":"https:\/\/mersinkadingazetesi.com\/?p=36450"},"modified":"2024-10-28T11:43:42","modified_gmt":"2024-10-28T08:43:42","slug":"alzheimer-hastalari-deniz-kenarinda-hem-sosyallesti-hem-cumhuriyet-bayramini-kutladi","status":"publish","type":"post","link":"https:\/\/mersinkadingazetesi.com\/?p=36450","title":{"rendered":"ALZHE\u0130MER HASTALARI DEN\u0130Z KENARINDA HEM SOSYALLE\u015eT\u0130 HEM CUMHUR\u0130YET BAYRAMI&#8217;NI KUTLADI"},"content":{"rendered":"\n<p>Mersin B\u00fcy\u00fck\u015fehir Belediyesi Sa\u011fl\u0131k \u0130\u015fleri Dairesi b\u00fcnyesinde hizmet veren&nbsp;<strong>&#8216;G\u00fcl\u00fcmse Alzheimer Ya\u015fam Merkezi&#8217;<\/strong>nden yararlanan ya\u015f alm\u0131\u015flar ve aileleri Etkinlik ve Sanat Merkezi&#8217;nde Cumhuriyet&#8217;in 101. y\u0131l d\u00f6n\u00fcm\u00fcn\u00fc kutlad\u0131.<\/p>\n\n\n\n<p>Sahilde g\u00fczel havan\u0131n tad\u0131n\u0131 \u00e7\u0131kararak hep birlikte yemek yiyen&nbsp;<strong>Alzheimer hastalar\u0131 ard\u0131ndan haz\u0131rlad\u0131klar\u0131 T\u00fcrk Bayraklar\u0131 \u00e7izimlerini boyad\u0131, \u00e7\u0131talardan T\u00fcrk Bayra\u011f\u0131 \u00e7al\u0131\u015fmas\u0131 yapt\u0131.&nbsp;<\/strong><strong>Sa\u011fl\u0131k \u0130\u015fleri Dairesi&#8217;nde g\u00f6rev yapan&nbsp;<\/strong>Gerontolog Cihan Tanr\u0131verdi ve Uzm. Klinik Psikolog Y\u00fccel \u015eavkl\u0131 ise ailelere hastal\u0131\u011f\u0131n seyri ve yap\u0131lmas\u0131 gerekenlerle ilgili bilgilendirmede bulundu.<\/p>\n\n\n\n<p><strong>\u00d6zg\u00fcr: &#8220;Hasta ve hasta yak\u0131nlar\u0131n\u0131n birlikte sosyalle\u015febildikleri bir ortam yaratt\u0131k&#8221;<\/strong><\/p>\n\n\n\n<p>Sa\u011fl\u0131k Hizmetleri \u015eube M\u00fcd\u00fcr\u00fc Burcu Yalta \u00d6zg\u00fcr, G\u00fcl\u00fcmse Alzheimer Ya\u015fam Merkezi&#8217;nden hizmet alan hastalar ve yak\u0131nlar\u0131yla 29 Ekim Cumhuriyet Bayram\u0131&#8217;n\u0131n 101. ya\u015f\u0131n\u0131 birlikte kutlad\u0131klar\u0131n\u0131 belirterek,<strong>&nbsp;&#8220;Bu etkinli\u011fimizde hastalar\u0131m\u0131z g\u00fcn\u00fcn anlam\u0131na uygun \u00e7al\u0131\u015fmalar yaparken, merkezimizde g\u00f6rev alan psikolog ve gerontolog arkada\u015f\u0131m\u0131z hasta yak\u0131nlar\u0131m\u0131za hastal\u0131\u011f\u0131n seyriyle ilgili, ya\u015fayabilecekleri zorluklarla alakal\u0131 bilgilendirme yapt\u0131lar. Bug\u00fcn de hastalar\u0131m\u0131z\u0131n hem de hasta yak\u0131nlar\u0131n\u0131n birlikte sosyalle\u015febildikleri bir ortam yaratt\u0131k. Herkes \u00e7ok mutlu oldu. Etkinliklerimize devam edece\u011fiz&#8221;&nbsp;<\/strong>dedi.<\/p>\n\n\n\n<p><strong>\u015eavkl\u0131: &#8220;Hasta yak\u0131nlar\u0131n\u0131n s\u00fcrece dahil olmas\u0131 \u00e7ok k\u0131ymetli&#8221;<\/strong><\/p>\n\n\n\n<p>G\u00fcl\u00fcmse Alzheimer Ya\u015fam Merkezi&#8217;nde g\u00f6rev yapan Uzman Klinik Psikolog Y\u00fccel \u015eavkl\u0131,&nbsp;<strong>&nbsp;<\/strong>Alzheimer hastal\u0131\u011f\u0131nda hasta yak\u0131nlar\u0131n\u0131n s\u00fcrece dahil olmas\u0131 ve bilgilenmesinin \u00e7ok k\u0131ymetli oldu\u011funu anlatarak,<strong>&nbsp;&#8220;Mersin B\u00fcy\u00fck\u015fehir Belediyesi G\u00fcl\u00fcmse Alzheimer Ya\u015fam Merkezi olarak a\u00e7\u0131k alan etkinli\u011findeyiz. Ayn\u0131 zamanda 29 Ekim Cumhuriyet Bayram\u0131 etkinliklerini de birle\u015ftirerek g\u00fczel bir program planlad\u0131k. Program i\u00e7erisinde aktivitelerimizle ya\u015fl\u0131lar\u0131m\u0131z\u0131n hem dikkat ve motor becerilerini d\u00fczenlerken, ayn\u0131 zamanda yak\u0131nlar\u0131yla da \u00f6zel bir program planlad\u0131k. \u00c7\u00fcnk\u00fc bak\u0131m veren ki\u015filer hastal\u0131\u011f\u0131n ilerleyi\u015fi ve seyri hakk\u0131nda tam olarak h\u0131z\u0131na vak\u0131f olamayabiliyorlar. Kar\u015f\u0131la\u015fabilecekleri sorunlar\u0131 tahmin edip haz\u0131rl\u0131kl\u0131 olamayabiliyorlar. Bunlarla ilgili bir program i\u00e7eri\u011fi d\u00fczenledik&#8221;<\/strong>&nbsp;diye konu\u015ftu.<\/p>\n\n\n\n<p><strong>Kaymaz:<\/strong>&nbsp;<strong>&#8220;Cumhuriyet Bayram\u0131m\u0131z kutlu olsun&#8221;<\/strong><\/p>\n\n\n\n<p>5 ayd\u0131r G\u00fcl\u00fcmse Alzheimer Ya\u015fam Merkezi&#8217;ne geldi\u011fini anlatan G\u00fcldane Kaymaz, merkezden \u00e7ok memnun oldu\u011funu anlatarak,&nbsp;<strong>&#8220;Her g\u00fcn olsa her g\u00fcn gelmek isterim. Boyama yap\u0131yoruz, resim \u00e7iziyoruz, oyun oynuyoruz, film izliyoruz&#8221;&nbsp;<\/strong>dedi. Etkinlik ve Sanat Merkezi&#8217;ne daha \u00f6nce de geldiklerini s\u00f6yleyen Kaymaz,&nbsp;<strong>&#8220;Boyama yapt\u0131k. Atat\u00fcrk&#8217;\u00fcm\u00fcz\u00fcn bayra\u011f\u0131n\u0131 boyad\u0131m. Cumhuriyet Bayram\u0131m\u0131z kutlu olsun&#8221;&nbsp;<\/strong>diye konu\u015ftu.<\/p>\n\n\n\n<p>Aysel Duru da Cumhuriyet Bayram\u0131 dolay\u0131s\u0131yla g\u00fcn\u00fcn anlam\u0131na uygun el i\u015fi yapt\u0131klar\u0131n\u0131 belirterek,&nbsp;<strong>&#8220;\u00c7\u0131talar\u0131 bize verdiler, boyad\u0131k, yap\u0131\u015ft\u0131rd\u0131k. T\u00fcrk Bayra\u011f\u0131 yapt\u0131k. Cumhuriyetin 101. y\u0131l\u0131 kutlu olsun&#8221;&nbsp;<\/strong>dedi.<\/p>\n\n\n\n<p><strong>Hasta yak\u0131nlar\u0131 merkezden \u00e7ok memnun<\/strong><\/p>\n\n\n\n<p>Annesinin G\u00fcl\u00fcmse Alzheimer Ya\u015fam Merkezi&#8217;nde ge\u00e7irdi\u011fi zamanlardan \u00e7ok mutlu oldu\u011funu anlatan G\u00f6k\u00e7e Arslanta\u015f,&nbsp;<strong>&#8220;Annem merkeze geldi\u011fi i\u00e7in \u00e7ok mutlu, vaktini \u00e7ok g\u00fczel \u015fekilde de\u011ferlendiriyor. Bu da bizi \u00e7ok mutlu ediyor. \u00d6nemli olan zaten keyifli vakit ge\u00e7irmesi. G\u00fcven a\u00e7\u0131s\u0131ndan da burada \u00e7al\u0131\u015fan herkesin ne kadar iyi olduklar\u0131ndan bahsediyor ve ortam\u0131 ne kadar sevdi\u011finden bahsediyor. O y\u00fczden g\u00f6z\u00fcm hi\u00e7 arkada kalm\u0131yor&#8221;&nbsp;<\/strong>dedi.<\/p>\n\n\n\n<p>Arslanta\u015f, etkinli\u011fin kendisini \u00e7ok mutlu etti\u011fini s\u00f6yleyerek,&nbsp;&nbsp;<strong>&#8220;Annem gibi di\u011fer hasta ve yak\u0131nlar\u0131yla birlikte burada etkinlikler yap\u0131l\u0131yor. Bayraklar boyan\u0131yor. G\u00fcn\u00fcn anlam ve \u00f6nemine \u00e7ok uygun. \u00c7ok mutluyum. Ben de burada oldu\u011fum i\u00e7in&#8221;&nbsp;<\/strong>diye konu\u015ftu.<\/p>\n\n\n\n<p>E\u015finin G\u00fcl\u00fcmse Alzheimer Ya\u015fam Merkezi&#8217;nden yararland\u0131\u011f\u0131n\u0131 anlatan Hasan \u0130lhan Yimsek ise&nbsp;<strong>&#8220;\u00c7ok memnunuz. Servisimiz var, zaman\u0131nda getiriyorlar, g\u00f6t\u00fcr\u00fcyorlar. Hizmetlerinden memnunuz. Gayet g\u00fczel bize faydal\u0131 oluyorlar. Hem\u015firemiz var tansiyonumuzu \u00f6l\u00e7\u00fcyorlar. Herhangi bir \u015fey oldu\u011fu zaman bizi haberdar ediyorlar. Bug\u00fcn bir etkinlik oldu\u011funu s\u00f6ylediler. Geldik, burada topland\u0131k, gayet g\u00fczel. Boyama yap\u0131l\u0131yor. Cumhuriyet Bayram\u0131 dolay\u0131s\u0131yla etkinlikler yap\u0131l\u0131yor. G\u00fczel bir d\u00fc\u015f\u00fcnce. Cumhuriyet Bayram\u0131m\u0131z kutlu olsun&#8221;&nbsp;<\/strong>ifadelerine yer verdi.<\/p>\n","protected":false},"excerpt":{"rendered":"<p>Mersin B\u00fcy\u00fck\u015fehir Belediyesi Sa\u011fl\u0131k \u0130\u015fleri Dairesi b\u00fcnyesinde hizmet veren&nbsp;&#8216;G\u00fcl\u00fcmse Alzheimer Ya\u015fam Merkezi&#8217;nden yararlanan ya\u015f alm\u0131\u015flar ve aileleri Etkinlik ve Sanat Merkezi&#8217;nde Cumhuriyet&#8217;in 101. y\u0131l d\u00f6n\u00fcm\u00fcn\u00fc kutlad\u0131. Sahilde g\u00fczel havan\u0131n tad\u0131n\u0131 \u00e7\u0131kararak hep birlikte yemek yiyen&nbsp;Alzheimer hastalar\u0131 ard\u0131ndan haz\u0131rlad\u0131klar\u0131 T\u00fcrk Bayraklar\u0131 \u00e7izimlerini boyad\u0131, \u00e7\u0131talardan T\u00fcrk Bayra\u011f\u0131 \u00e7al\u0131\u015fmas\u0131 yapt\u0131.&nbsp;Sa\u011fl\u0131k \u0130\u015fleri Dairesi&#8217;nde g\u00f6rev yapan&nbsp;Gerontolog Cihan Tanr\u0131verdi ve Uzm. [&hellip;]<\/p>\n","protected":false},"author":2,"featured_media":36451,"comment_status":"closed","ping_status":"closed","sticky":false,"template":"","format":"standard","meta":{"footnotes":""},"categories":[3],"tags":[],"class_list":["post-36450","post","type-post","status-publish","format-standard","has-post-thumbnail","hentry","category-manset"],"views":4,"_links":{"self":[{"href":"https:\/\/mersinkadingazetesi.com\/index.php?rest_route=\/wp\/v2\/posts\/36450"}],"collection":[{"href":"https:\/\/mersinkadingazetesi.com\/index.php?rest_route=\/wp\/v2\/posts"}],"about":[{"href":"https:\/\/mersinkadingazetesi.com\/index.php?rest_route=\/wp\/v2\/types\/post"}],"author":[{"embeddable":true,"href":"https:\/\/mersinkadingazetesi.com\/index.php?rest_route=\/wp\/v2\/users\/2"}],"replies":[{"embeddable":true,"href":"https:\/\/mersinkadingazetesi.com\/index.php?rest_route=%2Fwp%2Fv2%2Fcomments&post=36450"}],"version-history":[{"count":1,"href":"https:\/\/mersinkadingazetesi.com\/index.php?rest_route=\/wp\/v2\/posts\/36450\/revisions"}],"predecessor-version":[{"id":36452,"href":"https:\/\/mersinkadingazetesi.com\/index.php?rest_route=\/wp\/v2\/posts\/36450\/revisions\/36452"}],"wp:featuredmedia":[{"embeddable":true,"href":"https:\/\/mersinkadingazetesi.com\/index.php?rest_route=\/wp\/v2\/media\/36451"}],"wp:attachment":[{"href":"https:\/\/mersinkadingazetesi.com\/index.php?rest_route=%2Fwp%2Fv2%2Fmedia&parent=36450"}],"wp:term":[{"taxonomy":"category","embeddable":true,"href":"https:\/\/mersinkadingazetesi.com\/index.php?rest_route=%2Fwp%2Fv2%2Fcategories&post=36450"},{"taxonomy":"post_tag","embeddable":true,"href":"https:\/\/mersinkadingazetesi.com\/index.php?rest_route=%2Fwp%2Fv2%2Ftags&post=36450"}],"curies":[{"name":"wp","href":"https:\/\/api.w.org\/{rel}","templated":true}]}}