{"id":36459,"date":"2024-10-28T11:50:04","date_gmt":"2024-10-28T08:50:04","guid":{"rendered":"https:\/\/mersinkadingazetesi.com\/?p=36459"},"modified":"2024-10-28T11:50:05","modified_gmt":"2024-10-28T08:50:05","slug":"cumhuriyetimizi-ilk-genel-secimde-iktidarla-taclandiracagiz","status":"publish","type":"post","link":"https:\/\/mersinkadingazetesi.com\/?p=36459","title":{"rendered":"&#8220;Cumhuriyetimizi \u0130lk Genel Se\u00e7imde \u0130ktidarla Ta\u00e7land\u0131raca\u011f\u0131z&#8221;"},"content":{"rendered":"\n<p>Cumhuriyet Halk Partisi (CHP) Mersin Milletvekili G\u00fclcan K\u0131\u015f, Cumhuriyet&#8217;in 101. y\u0131l d\u00f6n\u00fcm\u00fcn\u00fc kutlayarak, partinin bu b\u00fcy\u00fck mirasa sahip \u00e7\u0131kma konusundaki kararl\u0131l\u0131\u011f\u0131n\u0131 vurgulad\u0131. Milletvekili K\u0131\u015f, yapt\u0131\u011f\u0131 a\u00e7\u0131klamada Ulu \u00d6nder Mustafa Kemal Atat\u00fcrk&#8217;\u00fcn Cumhuriyet ve Cumhuriyet Halk Partisi&#8217;ni iki b\u00fcy\u00fck eseri olarak tan\u0131mlad\u0131\u011f\u0131na dikkat \u00e7ekti ve partinin demokrasiye olan ba\u011fl\u0131l\u0131\u011f\u0131n\u0131n alt\u0131n\u0131 \u00e7izdi.<\/p>\n\n\n\n<p>K\u0131\u015f, 31 Mart yerel se\u00e7imlerinde elde edilen ba\u015far\u0131lara de\u011finerek, bu zaferi ilk genel se\u00e7imde iktidarla ta\u00e7land\u0131rmak i\u00e7in halkla birlikte m\u00fccadeleye devam edeceklerini belirtti. A\u00e7\u0131klamas\u0131nda, &#8220;Cumhuriyetimizin 101. y\u0131l\u0131n\u0131 kutlarken, Atat\u00fcrk&#8217;\u00fcn bizlere miras b\u0131rakt\u0131\u011f\u0131 bu b\u00fcy\u00fck eserleri ya\u015fatmak ve daha da ileriye ta\u015f\u0131mak i\u00e7in var g\u00fcc\u00fcm\u00fczle \u00e7al\u0131\u015f\u0131yoruz. 31 Mart&#8217;ta kazand\u0131\u011f\u0131m\u0131z yerel zaferi, yap\u0131lacak ilk genel se\u00e7imde iktidar olarak ta\u00e7land\u0131raca\u011f\u0131m\u0131zdan hi\u00e7 \u015f\u00fcphemiz yok&#8221; dedi.<\/p>\n\n\n\n<p>Milletvekili K\u0131\u015f, Mersin halk\u0131na olan g\u00fcvenini de dile getirerek, Mersin&#8217;in her zaman Cumhuriyet de\u011ferlerine sahip \u00e7\u0131kan, \u00f6zg\u00fcrl\u00fck ve adaletin yan\u0131nda duran bir \u015fehir oldu\u011funu vurgulad\u0131. &#8220;Mersin&#8217;de halk\u0131m\u0131zla omuz omuza verdi\u011fimiz bu m\u00fccadelede en b\u00fcy\u00fck g\u00fcvencemiz, Cumhuriyetimizin e\u015fitlik, adalet ve \u00f6zg\u00fcrl\u00fck ilkeleridir&#8221; diyen K\u0131\u015f, CHP&#8217;nin Cumhuriyetin ikinci y\u00fczy\u0131l\u0131nda daha g\u00fc\u00e7l\u00fc bir T\u00fcrkiye in\u015fa etme kararl\u0131l\u0131\u011f\u0131n\u0131 vurgulad\u0131.<\/p>\n\n\n\n<p>Son olarak Atat\u00fcrk&#8217;\u00fcn &#8220;B\u00fct\u00fcn umudum gen\u00e7liktedir&#8221; s\u00f6zlerini hat\u0131rlatan K\u0131\u015f, gen\u00e7lerin ve halk\u0131n enerjisiyle Cumhuriyet&#8217;in kurucu de\u011ferlerini y\u00fcceltmek ve iktidara ta\u015f\u0131ma konusunda kararl\u0131 olduklar\u0131n\u0131 ifade etti.<\/p>\n\n\n\n<p>G\u00fclcan K\u0131\u015f, s\u00f6zlerini &#8220;Cumhuriyetimizin 101. y\u0131l\u0131 kutlu olsun. Bu b\u00fcy\u00fck miras\u0131 ya\u015fatmak ve gelecek nesillere daha g\u00fc\u00e7l\u00fc bir T\u00fcrkiye b\u0131rakmak i\u00e7in m\u00fccadelemiz s\u00fcrecek&#8221; diyerek tamamlad\u0131.<\/p>\n","protected":false},"excerpt":{"rendered":"<p>Cumhuriyet Halk Partisi (CHP) Mersin Milletvekili G\u00fclcan K\u0131\u015f, Cumhuriyet&#8217;in 101. y\u0131l d\u00f6n\u00fcm\u00fcn\u00fc kutlayarak, partinin bu b\u00fcy\u00fck mirasa sahip \u00e7\u0131kma konusundaki kararl\u0131l\u0131\u011f\u0131n\u0131 vurgulad\u0131. Milletvekili K\u0131\u015f, yapt\u0131\u011f\u0131 a\u00e7\u0131klamada Ulu \u00d6nder Mustafa Kemal Atat\u00fcrk&#8217;\u00fcn Cumhuriyet ve Cumhuriyet Halk Partisi&#8217;ni iki b\u00fcy\u00fck eseri olarak tan\u0131mlad\u0131\u011f\u0131na dikkat \u00e7ekti ve partinin demokrasiye olan ba\u011fl\u0131l\u0131\u011f\u0131n\u0131n alt\u0131n\u0131 \u00e7izdi. K\u0131\u015f, 31 Mart yerel se\u00e7imlerinde [&hellip;]<\/p>\n","protected":false},"author":2,"featured_media":36460,"comment_status":"closed","ping_status":"closed","sticky":false,"template":"","format":"standard","meta":{"footnotes":""},"categories":[3],"tags":[],"class_list":["post-36459","post","type-post","status-publish","format-standard","has-post-thumbnail","hentry","category-manset"],"views":3,"_links":{"self":[{"href":"https:\/\/mersinkadingazetesi.com\/index.php?rest_route=\/wp\/v2\/posts\/36459"}],"collection":[{"href":"https:\/\/mersinkadingazetesi.com\/index.php?rest_route=\/wp\/v2\/posts"}],"about":[{"href":"https:\/\/mersinkadingazetesi.com\/index.php?rest_route=\/wp\/v2\/types\/post"}],"author":[{"embeddable":true,"href":"https:\/\/mersinkadingazetesi.com\/index.php?rest_route=\/wp\/v2\/users\/2"}],"replies":[{"embeddable":true,"href":"https:\/\/mersinkadingazetesi.com\/index.php?rest_route=%2Fwp%2Fv2%2Fcomments&post=36459"}],"version-history":[{"count":1,"href":"https:\/\/mersinkadingazetesi.com\/index.php?rest_route=\/wp\/v2\/posts\/36459\/revisions"}],"predecessor-version":[{"id":36461,"href":"https:\/\/mersinkadingazetesi.com\/index.php?rest_route=\/wp\/v2\/posts\/36459\/revisions\/36461"}],"wp:featuredmedia":[{"embeddable":true,"href":"https:\/\/mersinkadingazetesi.com\/index.php?rest_route=\/wp\/v2\/media\/36460"}],"wp:attachment":[{"href":"https:\/\/mersinkadingazetesi.com\/index.php?rest_route=%2Fwp%2Fv2%2Fmedia&parent=36459"}],"wp:term":[{"taxonomy":"category","embeddable":true,"href":"https:\/\/mersinkadingazetesi.com\/index.php?rest_route=%2Fwp%2Fv2%2Fcategories&post=36459"},{"taxonomy":"post_tag","embeddable":true,"href":"https:\/\/mersinkadingazetesi.com\/index.php?rest_route=%2Fwp%2Fv2%2Ftags&post=36459"}],"curies":[{"name":"wp","href":"https:\/\/api.w.org\/{rel}","templated":true}]}}