{"id":36468,"date":"2024-10-28T11:55:12","date_gmt":"2024-10-28T08:55:12","guid":{"rendered":"https:\/\/mersinkadingazetesi.com\/?p=36468"},"modified":"2024-10-28T11:55:12","modified_gmt":"2024-10-28T08:55:12","slug":"mezitlide-cumhuriyet-doga-yuruyusu-coskuyla-gerceklesti","status":"publish","type":"post","link":"https:\/\/mersinkadingazetesi.com\/?p=36468","title":{"rendered":"MEZ\u0130TL\u0130&#8217;DE CUMHUR\u0130YET DO\u011eA Y\u00dcR\u00dcY\u00dc\u015e\u00dc CO\u015eKUYLA GER\u00c7EKLE\u015eT\u0130"},"content":{"rendered":"\n<p>Mezitli Belediyesi 29 Ekim Cumhuriyet Bayram\u0131&#8217;n\u0131n 101. Y\u0131l d\u00f6n\u00fcm\u00fc kapsam\u0131nda&nbsp;<strong>Cumhuriyet Do\u011fa Y\u00fcr\u00fcy\u00fc\u015f\u00fc<\/strong>, ger\u00e7ekle\u015ftirdi.&nbsp;<strong>Mezitli Belediye Ba\u015fkan\u0131 Ahmet Serkan Tuncer<\/strong>, vatanda\u015flarla birlikte mar\u015flar e\u015fli\u011finde y\u00fcr\u00fcyerek Cumhuriyet co\u015fkusunu payla\u015ft\u0131. Kalfe Mezarl\u0131\u011f\u0131&#8217;ndan ba\u015flayan y\u00fcr\u00fcy\u00fc\u015f, Kuyuluk Piknik Alan\u0131&#8217;nda sona erdi.<\/p>\n\n\n\n<p>Etkinli\u011fe kat\u0131lan vatanda\u015flar hem do\u011fan\u0131n tad\u0131n\u0131 \u00e7\u0131kard\u0131 hem de&nbsp;<strong>29 Ekim Cumhuriyet Bayram\u0131<\/strong>&nbsp;co\u015fkusunu do\u011fayla i\u00e7 i\u00e7e ya\u015fad\u0131. Y\u00fcr\u00fcy\u00fc\u015f sonras\u0131, kat\u0131l\u0131mc\u0131lara&nbsp;<strong>y\u00f6resel \u00fcretici kad\u0131nlar<\/strong>&nbsp;taraf\u0131ndan s\u0131kma ikram\u0131 yap\u0131ld\u0131. Etkinli\u011fin ard\u0131ndan,&nbsp;<strong>Ortado\u011fu Hastanesi<\/strong>&nbsp;katk\u0131lar\u0131yla d\u00fczenlenen yoga etkinli\u011fiyle vatanda\u015flar do\u011fan\u0131n tad\u0131n\u0131 \u00e7\u0131kard\u0131.&nbsp;<\/p>\n\n\n\n<p>Yoga etkinli\u011fine destek veren hekimler aras\u0131nda, Ortado\u011fu Hastanesi&#8217;nden&nbsp;<strong>Kardiyoloji Uzman\u0131 Dr. Zekiye Asuhan Kara<\/strong>,&nbsp;<strong>Psikolog Aylin Alav Kanatl\u0131<\/strong>,&nbsp;<strong>\u00c7ocuk Sa\u011fl\u0131\u011f\u0131 ve Hastal\u0131klar\u0131 Uzman\u0131 Uzman Dr. \u00d6zge Ak\u00e7a<\/strong>,&nbsp;<strong>Psikiyatri Uzman\u0131 Dr. Bilge Kara<\/strong>&nbsp;ve hastane y\u00f6netiminden&nbsp;<strong>Dr. Emre Ali Kodan<\/strong>&nbsp;yer ald\u0131. Uzmanlar\u0131n kat\u0131l\u0131m\u0131yla, vatanda\u015flar sporun yan\u0131 s\u0131ra ayn\u0131 zamanda sa\u011fl\u0131k konular\u0131nda da bilgi ald\u0131.<\/p>\n\n\n\n<p><strong>&#8221;DO\u011eA \u0130LE \u0130\u00c7 \u0130\u00c7E, CUMHUR\u0130YET CO\u015eKUSUNU HEP B\u0130RL\u0130KTE YA\u015eADIK&#8221;<\/strong><strong>&nbsp;<\/strong><strong><\/strong><\/p>\n\n\n\n<p>Mezitli Belediye Ba\u015fkan\u0131&nbsp;<strong>Ahmet Serkan Tuncer<\/strong>, etkinli\u011fe g\u00f6sterilen yo\u011fun ilgiden dolay\u0131 t\u00fcm kat\u0131l\u0131mc\u0131lara te\u015fekk\u00fcr ederek, &#8220;Cumhuriyetimizin 101. y\u0131l\u0131n\u0131 b\u00f6yle anlaml\u0131 bir etkinlikle kutlamaktan b\u00fcy\u00fck mutluluk duyuyoruz. Do\u011fa ile i\u00e7 i\u00e7e, Cumhuriyet co\u015fkusunu hep birlikte ya\u015fad\u0131k. T\u00fcm kat\u0131l\u0131mc\u0131lara ve eme\u011fi ge\u00e7en herkese te\u015fekk\u00fcr ediyorum. 29 Ekim&#8217;de di\u011fer etkinliklerimizde g\u00f6r\u00fc\u015fmek dile\u011fiyle..&#8221; dedi.<\/p>\n\n\n\n<p>Vatanda\u015flar, sa\u011fl\u0131kl\u0131 bir y\u00fcr\u00fcy\u00fc\u015f ve yoga etkinli\u011fi ile hem Cumhuriyet co\u015fkusunu payla\u015ft\u0131 hem de huzur dolu bir g\u00fcn ge\u00e7irdi.&nbsp;<\/p>\n","protected":false},"excerpt":{"rendered":"<p>Mezitli Belediyesi 29 Ekim Cumhuriyet Bayram\u0131&#8217;n\u0131n 101. Y\u0131l d\u00f6n\u00fcm\u00fc kapsam\u0131nda&nbsp;Cumhuriyet Do\u011fa Y\u00fcr\u00fcy\u00fc\u015f\u00fc, ger\u00e7ekle\u015ftirdi.&nbsp;Mezitli Belediye Ba\u015fkan\u0131 Ahmet Serkan Tuncer, vatanda\u015flarla birlikte mar\u015flar e\u015fli\u011finde y\u00fcr\u00fcyerek Cumhuriyet co\u015fkusunu payla\u015ft\u0131. Kalfe Mezarl\u0131\u011f\u0131&#8217;ndan ba\u015flayan y\u00fcr\u00fcy\u00fc\u015f, Kuyuluk Piknik Alan\u0131&#8217;nda sona erdi. Etkinli\u011fe kat\u0131lan vatanda\u015flar hem do\u011fan\u0131n tad\u0131n\u0131 \u00e7\u0131kard\u0131 hem de&nbsp;29 Ekim Cumhuriyet Bayram\u0131&nbsp;co\u015fkusunu do\u011fayla i\u00e7 i\u00e7e ya\u015fad\u0131. Y\u00fcr\u00fcy\u00fc\u015f sonras\u0131, kat\u0131l\u0131mc\u0131lara&nbsp;y\u00f6resel \u00fcretici [&hellip;]<\/p>\n","protected":false},"author":2,"featured_media":36469,"comment_status":"closed","ping_status":"closed","sticky":false,"template":"","format":"standard","meta":{"footnotes":""},"categories":[3],"tags":[],"class_list":["post-36468","post","type-post","status-publish","format-standard","has-post-thumbnail","hentry","category-manset"],"views":3,"_links":{"self":[{"href":"https:\/\/mersinkadingazetesi.com\/index.php?rest_route=\/wp\/v2\/posts\/36468"}],"collection":[{"href":"https:\/\/mersinkadingazetesi.com\/index.php?rest_route=\/wp\/v2\/posts"}],"about":[{"href":"https:\/\/mersinkadingazetesi.com\/index.php?rest_route=\/wp\/v2\/types\/post"}],"author":[{"embeddable":true,"href":"https:\/\/mersinkadingazetesi.com\/index.php?rest_route=\/wp\/v2\/users\/2"}],"replies":[{"embeddable":true,"href":"https:\/\/mersinkadingazetesi.com\/index.php?rest_route=%2Fwp%2Fv2%2Fcomments&post=36468"}],"version-history":[{"count":1,"href":"https:\/\/mersinkadingazetesi.com\/index.php?rest_route=\/wp\/v2\/posts\/36468\/revisions"}],"predecessor-version":[{"id":36470,"href":"https:\/\/mersinkadingazetesi.com\/index.php?rest_route=\/wp\/v2\/posts\/36468\/revisions\/36470"}],"wp:featuredmedia":[{"embeddable":true,"href":"https:\/\/mersinkadingazetesi.com\/index.php?rest_route=\/wp\/v2\/media\/36469"}],"wp:attachment":[{"href":"https:\/\/mersinkadingazetesi.com\/index.php?rest_route=%2Fwp%2Fv2%2Fmedia&parent=36468"}],"wp:term":[{"taxonomy":"category","embeddable":true,"href":"https:\/\/mersinkadingazetesi.com\/index.php?rest_route=%2Fwp%2Fv2%2Fcategories&post=36468"},{"taxonomy":"post_tag","embeddable":true,"href":"https:\/\/mersinkadingazetesi.com\/index.php?rest_route=%2Fwp%2Fv2%2Ftags&post=36468"}],"curies":[{"name":"wp","href":"https:\/\/api.w.org\/{rel}","templated":true}]}}