{"id":36471,"date":"2024-10-28T11:56:15","date_gmt":"2024-10-28T08:56:15","guid":{"rendered":"https:\/\/mersinkadingazetesi.com\/?p=36471"},"modified":"2024-10-28T11:56:16","modified_gmt":"2024-10-28T08:56:16","slug":"baskan-tuncerden-cumhuriyetin-101-yilina-kutlama-mesaji","status":"publish","type":"post","link":"https:\/\/mersinkadingazetesi.com\/?p=36471","title":{"rendered":"BA\u015eKAN TUNCER&#8217;DEN CUMHUR\u0130YET&#8217;\u0130N 101. YILINA KUTLAMA MESAJI"},"content":{"rendered":"\n<p>Mezitli Belediye Ba\u015fkan\u0131 Ahmet Serkan Tuncer, 29 Ekim Cumhuriyet Bayram\u0131&#8217;n\u0131n 101. y\u0131l\u0131n\u0131n T\u00fcrkiye tarihindeki en b\u00fcy\u00fck d\u00f6n\u00fcm noktalar\u0131ndan biri oldu\u011funu belirtti.<\/p>\n\n\n\n<p>Mezitli Belediye Ba\u015fkan\u0131 Ahmet Serkan Tuncer, Cumhuriyet&#8217;in 101. y\u0131l\u0131n\u0131 \u015fu mesaj ile kutlad\u0131:<\/p>\n\n\n\n<p>&#8220;Cumhuriyet, tarihimizin en b\u00fcy\u00fck modernle\u015fme hamlesiyle ta\u00e7land\u0131r\u0131lm\u0131\u015f bir zaferdir. Gelecek nesillere gurur duyacaklar\u0131 bir Mezitli b\u0131rakmak amac\u0131yla, Cumhuriyet&#8217;in miras\u0131n\u0131 korumaya kararl\u0131y\u0131z. Cumhuriyetimizin 101. y\u0131l\u0131na ad\u0131m att\u0131\u011f\u0131m\u0131z bu d\u00f6nemde, T\u00fcrkiye&#8217;nin tarihindeki en \u00f6nemli d\u00f6n\u00fcm noktalar\u0131ndan birini kutluyoruz. 1923 y\u0131l\u0131nda Mustafa Kemal Atat\u00fcrk \u00f6nderli\u011finde kurulan T\u00fcrkiye Cumhuriyeti, ulusumuzun tarihini, k\u00fclt\u00fcr\u00fcn\u00fc ve kimli\u011fini \u015fekillendiren bir d\u00f6nemin ba\u015flang\u0131c\u0131yd\u0131. Cumhuriyetin 101. y\u0131l\u0131, bu b\u00fcy\u00fck d\u00f6n\u00fc\u015f\u00fcm\u00fcn ve geli\u015fimin y\u0131l d\u00f6n\u00fcm\u00fcn\u00fc anmak i\u00e7in bir vesile olarak kar\u015f\u0131m\u0131zda duruyor.<\/p>\n\n\n\n<p>Ancak, bu \u00f6nemli g\u00fcn\u00fc kutlarken i\u00e7imiz buruk. TUSA\u015e&#8217;ta meydana gelen hain ter\u00f6r sald\u0131r\u0131s\u0131, hepimizi derinden yaralad\u0131. Bu al\u00e7ak\u00e7a sald\u0131r\u0131da hayat\u0131n\u0131 kaybeden \u015fehitlerimize Allah&#8217;tan rahmet, yaral\u0131 vatanda\u015flar\u0131m\u0131za acil \u015fifalar diliyorum. Milletimizin ba\u015f\u0131 sa\u011f olsun. Birlik ve beraberli\u011fimize y\u00f6nelik bu t\u00fcr sald\u0131r\u0131lar, asla bizleri yolumuzdan d\u00f6nd\u00fcremeyecektir. Cumhuriyetimiz, bu t\u00fcr hain giri\u015fimlerin \u00fcstesinden gelecek g\u00fc\u00e7tedir.<\/p>\n\n\n\n<p>Cumhuriyet, Gazi Mustafa Kemal Atat\u00fcrk&#8217;\u00fcn rehberli\u011finde, demokratik, laik, sosyal hukuk devleti temelinde, hak, hukuk ve adalet ilkelerine dayal\u0131 olarak kurulmu\u015ftur. Bu topraklarda, benzeri g\u00f6r\u00fclmemi\u015f bir zaferin ard\u0131ndan kurulan ve bir\u00e7ok \u00fclkeye \u00f6rnek olan T\u00fcrkiye Cumhuriyeti, imk\u00e2ns\u0131z\u0131 ba\u015farman\u0131n en b\u00fcy\u00fck kan\u0131t\u0131d\u0131r. \u00d6zg\u00fcrl\u00fc\u011f\u00fcm\u00fcz\u00fcn ve ba\u011f\u0131ms\u0131zl\u0131\u011f\u0131m\u0131z\u0131n sembol\u00fcd\u00fcr.<\/p>\n\n\n\n<p>Mezitli Belediyesi olarak hayata ge\u00e7irdi\u011fimiz sosyal projelerle, halk\u0131m\u0131za do\u011frudan dokunmay\u0131 s\u00fcrd\u00fcr\u00fcyoruz. Mezitli&#8217;yi daha ya\u015fanabilir bir kent yapma hedefindeyiz. Toplumun her kesimine ula\u015farak, sosyal adaleti sa\u011flamay\u0131 ve dayan\u0131\u015fmay\u0131 art\u0131rmay\u0131 ama\u00e7l\u0131yoruz.<\/p>\n\n\n\n<p>Bu bilin\u00e7le, kararl\u0131l\u0131kla ve cesaretle ilerliyor, kentimize, halk\u0131m\u0131za, Atat\u00fcrk&#8217;e ve O&#8217;nun kurdu\u011fu Cumhuriyet&#8217;e sahip \u00e7\u0131k\u0131yoruz. \u00c7\u00fcnk\u00fc Atat\u00fcrk&#8217;\u00fcn bize miras\u0131, insanlar i\u00e7in gece g\u00fcnd\u00fcz \u00e7al\u0131\u015fmakt\u0131r. Ge\u00e7mi\u015ften gelen bilgelikle ilerleyerek, gelece\u011fi ayd\u0131nlatma yolunda durmaks\u0131z\u0131n devam ediyoruz.<\/p>\n\n\n\n<p>Bu vesileyle, Cumhuriyetimizin kurucusu B\u00fcy\u00fck \u00d6nder Mustafa Kemal Atat\u00fcrk ve t\u00fcm kahraman gazilerimizi rahmetle anarken, bu topraklar\u0131 vatan k\u0131lan \u015fehitlerimize minnetle an\u0131yor, Cumhuriyetimizin 101. kurulu\u015f y\u0131l d\u00f6n\u00fcm\u00fcn\u00fc bir kez daha co\u015fkuyla kutluyor, sevgi ve sayg\u0131lar\u0131m\u0131 sunuyorum.&#8221;<\/p>\n","protected":false},"excerpt":{"rendered":"<p>Mezitli Belediye Ba\u015fkan\u0131 Ahmet Serkan Tuncer, 29 Ekim Cumhuriyet Bayram\u0131&#8217;n\u0131n 101. y\u0131l\u0131n\u0131n T\u00fcrkiye tarihindeki en b\u00fcy\u00fck d\u00f6n\u00fcm noktalar\u0131ndan biri oldu\u011funu belirtti. Mezitli Belediye Ba\u015fkan\u0131 Ahmet Serkan Tuncer, Cumhuriyet&#8217;in 101. y\u0131l\u0131n\u0131 \u015fu mesaj ile kutlad\u0131: &#8220;Cumhuriyet, tarihimizin en b\u00fcy\u00fck modernle\u015fme hamlesiyle ta\u00e7land\u0131r\u0131lm\u0131\u015f bir zaferdir. Gelecek nesillere gurur duyacaklar\u0131 bir Mezitli b\u0131rakmak amac\u0131yla, Cumhuriyet&#8217;in miras\u0131n\u0131 korumaya kararl\u0131y\u0131z. [&hellip;]<\/p>\n","protected":false},"author":2,"featured_media":36472,"comment_status":"closed","ping_status":"closed","sticky":false,"template":"","format":"standard","meta":{"footnotes":""},"categories":[3],"tags":[],"class_list":["post-36471","post","type-post","status-publish","format-standard","has-post-thumbnail","hentry","category-manset"],"views":2,"_links":{"self":[{"href":"https:\/\/mersinkadingazetesi.com\/index.php?rest_route=\/wp\/v2\/posts\/36471"}],"collection":[{"href":"https:\/\/mersinkadingazetesi.com\/index.php?rest_route=\/wp\/v2\/posts"}],"about":[{"href":"https:\/\/mersinkadingazetesi.com\/index.php?rest_route=\/wp\/v2\/types\/post"}],"author":[{"embeddable":true,"href":"https:\/\/mersinkadingazetesi.com\/index.php?rest_route=\/wp\/v2\/users\/2"}],"replies":[{"embeddable":true,"href":"https:\/\/mersinkadingazetesi.com\/index.php?rest_route=%2Fwp%2Fv2%2Fcomments&post=36471"}],"version-history":[{"count":1,"href":"https:\/\/mersinkadingazetesi.com\/index.php?rest_route=\/wp\/v2\/posts\/36471\/revisions"}],"predecessor-version":[{"id":36473,"href":"https:\/\/mersinkadingazetesi.com\/index.php?rest_route=\/wp\/v2\/posts\/36471\/revisions\/36473"}],"wp:featuredmedia":[{"embeddable":true,"href":"https:\/\/mersinkadingazetesi.com\/index.php?rest_route=\/wp\/v2\/media\/36472"}],"wp:attachment":[{"href":"https:\/\/mersinkadingazetesi.com\/index.php?rest_route=%2Fwp%2Fv2%2Fmedia&parent=36471"}],"wp:term":[{"taxonomy":"category","embeddable":true,"href":"https:\/\/mersinkadingazetesi.com\/index.php?rest_route=%2Fwp%2Fv2%2Fcategories&post=36471"},{"taxonomy":"post_tag","embeddable":true,"href":"https:\/\/mersinkadingazetesi.com\/index.php?rest_route=%2Fwp%2Fv2%2Ftags&post=36471"}],"curies":[{"name":"wp","href":"https:\/\/api.w.org\/{rel}","templated":true}]}}