{"id":36477,"date":"2024-10-28T12:02:52","date_gmt":"2024-10-28T09:02:52","guid":{"rendered":"https:\/\/mersinkadingazetesi.com\/?p=36477"},"modified":"2024-10-28T12:02:52","modified_gmt":"2024-10-28T09:02:52","slug":"cumhuriyet-bayrami-mersin-marinada-coskuyla-kutlandi","status":"publish","type":"post","link":"https:\/\/mersinkadingazetesi.com\/?p=36477","title":{"rendered":"Cumhuriyet Bayram\u0131 Mersin Marina\u2019da Co\u015fkuyla Kutland\u0131"},"content":{"rendered":"\n<p>Cumhuriyetin 101.y\u0131l\u0131nda liman ve \u00e7ekek sahalar\u0131nda yakla\u015f\u0131k 100 metrekarelik T\u00fcrk Bayra\u011f\u0131 ve Atat\u00fcrk posteri a\u00e7arak g\u00f6rsel \u015f\u00f6len yaratan Mersin Marina ekibi, \u00e7e\u015fitli okullar\u0131n g\u00f6sterilerine de ev sahipli\u011fi yaparak Cumhuriyet Bayram\u0131\u2019n\u0131 misafirleriyle birlikte co\u015fkuyla kutlad\u0131.<\/p>\n\n\n\n<p>29 Ekim Cumhuriyet Bayram\u0131 kutlamalar\u0131 kapsam\u0131nda Mersin Marina\u2019n\u0131n liman ekibi, 100 metrekarelik T\u00fcrk Bayra\u011f\u0131\u2019n\u0131 deniz y\u00fczeyinde a\u00e7arak ta\u015f\u0131d\u0131. Ayn\u0131 zamanda \u00e7ekek ekibinin 100 metrekarelik Atat\u00fcrk posterini travel lift ile denizden \u00e7ekmesi g\u00f6rsel bir \u015f\u00f6len yaratt\u0131. Cumhuriyet\u2019in de\u011ferlerine sahip \u00e7\u0131k\u0131p onlar\u0131 koruyaca\u011f\u0131n\u0131n alt\u0131n\u0131 \u00e7izen ekip, minik misafirlerini de unutmayarak onlara balon hediye etti. Hafta sonundan itibaren ya\u015fam merkezinin ana koridorunda \u00e7e\u015fitli okullar\u0131n g\u00f6sterilerine de yer veren Mersin Marina, renkli g\u00f6r\u00fcnt\u00fcler e\u015fli\u011finde Cumhuriyet Bayram\u0131\u2019n\u0131 t\u00fcm misafirleriyle birlikte co\u015fkuyla kutlad\u0131.<\/p>\n","protected":false},"excerpt":{"rendered":"<p>Cumhuriyetin 101.y\u0131l\u0131nda liman ve \u00e7ekek sahalar\u0131nda yakla\u015f\u0131k 100 metrekarelik T\u00fcrk Bayra\u011f\u0131 ve Atat\u00fcrk posteri a\u00e7arak g\u00f6rsel \u015f\u00f6len yaratan Mersin Marina ekibi, \u00e7e\u015fitli okullar\u0131n g\u00f6sterilerine de ev sahipli\u011fi yaparak Cumhuriyet Bayram\u0131\u2019n\u0131 misafirleriyle birlikte co\u015fkuyla kutlad\u0131. 29 Ekim Cumhuriyet Bayram\u0131 kutlamalar\u0131 kapsam\u0131nda Mersin Marina\u2019n\u0131n liman ekibi, 100 metrekarelik T\u00fcrk Bayra\u011f\u0131\u2019n\u0131 deniz y\u00fczeyinde a\u00e7arak ta\u015f\u0131d\u0131. Ayn\u0131 zamanda \u00e7ekek [&hellip;]<\/p>\n","protected":false},"author":2,"featured_media":36478,"comment_status":"closed","ping_status":"closed","sticky":false,"template":"","format":"standard","meta":{"footnotes":""},"categories":[3,5],"tags":[],"class_list":["post-36477","post","type-post","status-publish","format-standard","has-post-thumbnail","hentry","category-manset","category-mersin"],"views":10,"_links":{"self":[{"href":"https:\/\/mersinkadingazetesi.com\/index.php?rest_route=\/wp\/v2\/posts\/36477"}],"collection":[{"href":"https:\/\/mersinkadingazetesi.com\/index.php?rest_route=\/wp\/v2\/posts"}],"about":[{"href":"https:\/\/mersinkadingazetesi.com\/index.php?rest_route=\/wp\/v2\/types\/post"}],"author":[{"embeddable":true,"href":"https:\/\/mersinkadingazetesi.com\/index.php?rest_route=\/wp\/v2\/users\/2"}],"replies":[{"embeddable":true,"href":"https:\/\/mersinkadingazetesi.com\/index.php?rest_route=%2Fwp%2Fv2%2Fcomments&post=36477"}],"version-history":[{"count":1,"href":"https:\/\/mersinkadingazetesi.com\/index.php?rest_route=\/wp\/v2\/posts\/36477\/revisions"}],"predecessor-version":[{"id":36479,"href":"https:\/\/mersinkadingazetesi.com\/index.php?rest_route=\/wp\/v2\/posts\/36477\/revisions\/36479"}],"wp:featuredmedia":[{"embeddable":true,"href":"https:\/\/mersinkadingazetesi.com\/index.php?rest_route=\/wp\/v2\/media\/36478"}],"wp:attachment":[{"href":"https:\/\/mersinkadingazetesi.com\/index.php?rest_route=%2Fwp%2Fv2%2Fmedia&parent=36477"}],"wp:term":[{"taxonomy":"category","embeddable":true,"href":"https:\/\/mersinkadingazetesi.com\/index.php?rest_route=%2Fwp%2Fv2%2Fcategories&post=36477"},{"taxonomy":"post_tag","embeddable":true,"href":"https:\/\/mersinkadingazetesi.com\/index.php?rest_route=%2Fwp%2Fv2%2Ftags&post=36477"}],"curies":[{"name":"wp","href":"https:\/\/api.w.org\/{rel}","templated":true}]}}