{"id":36494,"date":"2024-10-28T15:57:52","date_gmt":"2024-10-28T12:57:52","guid":{"rendered":"https:\/\/mersinkadingazetesi.com\/?p=36494"},"modified":"2024-10-28T15:57:52","modified_gmt":"2024-10-28T12:57:52","slug":"cakir-mersinin-savunma-sanayindeki-etkinligi-her-gecen-gun-artiyor","status":"publish","type":"post","link":"https:\/\/mersinkadingazetesi.com\/?p=36494","title":{"rendered":"\u00c7ak\u0131r: \u201cMersin\u2019in savunma sanayindeki etkinli\u011fi her ge\u00e7en g\u00fcn art\u0131yor\u201d"},"content":{"rendered":"\n<p>Mersin Valili\u011fi Koordinasyonu, Mersin Ticaret ve Sanayi Odas\u0131 (MTSO) ile Mersin Tarsus Organize Sanayi B\u00f6lgesi (MTOSB) i\u015fbirli\u011finde d\u00fczenlenen organizasyonla savunma sanayine hizmet veren Mersin firmalar\u0131 a\u00e7\u0131lan ortak stantla Avrupa&#8217;n\u0131n en b\u00fcy\u00fck sanayi k\u00fcmelenmesi SAHA \u0130stanbul&#8217;un d\u00fczenledi\u011fi SAHA EXPO Savunma, Havac\u0131l\u0131k ve Uzay Sanayi Fuar\u0131\u2019na kat\u0131ld\u0131. Mersin Valisi Ali Hamza Pehlivan, MTSO Y\u00f6netim Kurulu Ba\u015fkan\u0131 Hakan Sefa \u00c7ak\u0131r, Y\u00f6netim Kurulu Ba\u015fkan Yard\u0131mc\u0131s\u0131 Mustafa \u00d6zdamar, Y\u00f6netim Kurulu \u00dcyeleri G\u00f6kben G\u00f6kbulut, \u0130dris \u00dcstemel, Abdulkadir Orgun ve MTOSB Ba\u015fkan\u0131 Sabri Tekli\u2019nin de yaln\u0131z b\u0131rakmad\u0131\u011f\u0131 Mersin Stand\u0131 ziyaret\u00e7iler taraf\u0131ndan b\u00fcy\u00fck ilgi g\u00f6rd\u00fc.&nbsp;<br>Fuar s\u00fcresince stand\u0131 ziyaret edenler aras\u0131nda Savunma ve Teknoloji Bakan\u0131 Mehmet Fatih Kac\u0131r, \u0130\u00e7i\u015fleri Bakan\u0131 Ali Yerlikaya, Genel Kurmay Ba\u015fkan\u0131 Orgeneral Metin G\u00fcrak, Jandarma Genel Komutan Yard\u0131mc\u0131s\u0131 Korgeneral Aykut Tanr\u0131verdi, \u0130stanbul \u0130l Jandarma Komutan\u0131 T\u00fcmgeneral Yusuf Kenan Top\u00e7u, T\u00dcB\u0130TAK Ba\u015fkan\u0131 Prof. Dr. Orhan Ayd\u0131n, T\u00fcrk havac\u0131l\u0131k ve savunma sanayinde faaliyet g\u00f6steren Baykar Genel M\u00fcd\u00fcr\u00fc Haluk Bayraktar ile \u00e7ok say\u0131da firma yer ald\u0131.&nbsp;<br>Bir taraftan a\u00e7\u0131lan ortak stantta Mersinli firmalar \u00fcr\u00fcn ve projelerini tan\u0131t\u0131rken di\u011fer taraftan 9 No\u2019lu Bilgisayar Elektrik, Elektronik, Telekom\u00fcnikasyon ve B\u00fcro Cihazlar\u0131 ile 27 No\u2019lu Makine Sanayi Meslek Komitesi \u00fcyeleri, SAHA EXPO\u2019yu gezerek sekt\u00f6rdeki son geli\u015fmeler hakk\u0131nda bilgi al\u0131p yeni teknolojileri yerinde inceledi.<\/p>\n\n\n\n<p><strong>\u0130hracat rakam\u0131 5.5 milyar dolara y\u00fckseldi<\/strong><br>Fuar\u0131n ard\u0131ndan k\u0131sa bir de\u011ferlendirme yapan MTSO Y\u00f6netim Kurulu Ba\u015fkan\u0131 Hakan Sefa \u00c7ak\u0131r, \u201cSavunma ve havac\u0131l\u0131k \u00fclkemizde h\u0131zla b\u00fcy\u00fcyen stratejik bir alan. Sekt\u00f6rdeki yerli ve milli \u00fcretim oran\u0131 her ge\u00e7en y\u0131l art\u0131yor. 2023\u2019te sekt\u00f6r\u00fcn ihracat rakam\u0131 5.5 milyar dolara y\u00fckseldi. B\u00f6ylesi b\u00fcy\u00fck ve \u00f6nemli bir sekt\u00f6re fuar kat\u0131l\u0131m\u0131 da olduk\u00e7a g\u00fc\u00e7l\u00fc. Bu nedenle biz de ilk g\u00fcnden itibaren Mersin olarak fuarda yerimizi ald\u0131k\u201d dedi. 120 \u00fclkeden bin 400 firman\u0131n fuara kat\u0131ld\u0131\u011f\u0131n\u0131 kaydeden \u00c7ak\u0131r, fuar s\u00fcresince \u00f6nemli anla\u015fmalar imzalan\u0131p i\u015fbirlikleri yap\u0131ld\u0131\u011f\u0131n\u0131 s\u00f6yledi. Mersinli firmalar\u0131n da bu sekt\u00f6rdeki etkinli\u011fini g\u00fcn ge\u00e7tik\u00e7e art\u0131rd\u0131\u011f\u0131n\u0131 vurgulayan \u00c7ak\u0131r, \u201cKat\u0131lan ve eme\u011fi ge\u00e7en t\u00fcm firmalar\u0131m\u0131z\u0131 kutluyor ba\u015far\u0131lar diliyorum\u201d dedi.&nbsp;<br>Firmalar\u0131n bu sekt\u00f6rdeki geli\u015fimine \u00f6nemli destekler verdiklerini de hat\u0131rlatan \u00c7ak\u0131r, s\u00f6zlerini, \u201cMersin\u2019de ba\u015flatt\u0131\u011f\u0131m\u0131z savunma sanayi at\u0131l\u0131mlar\u0131n\u0131 Milli E\u011fitim \u0130l M\u00fcd\u00fcrl\u00fc\u011f\u00fc i\u015fbirli\u011finde altyap\u0131n\u0131n geli\u015ftirilmesi \u00e7al\u0131\u015fmalar\u0131na kadar ta\u015f\u0131d\u0131k. Bu ba\u011flamda Toroslar Atat\u00fcrk Mesleki ve Teknik Anadolu Lisemizde savunma sanayine y\u00f6nelik A\u011f \u0130\u015fletmenli\u011fi ve Siber G\u00fcvenlik, Savunma Elektronik Sistemleri ile Savunma Mekanik Sistemleri b\u00f6l\u00fcmleri a\u00e7\u0131ld\u0131. \u0130lk y\u0131l\u0131ndan b\u00fcy\u00fck ilgi g\u00f6ren bu b\u00f6l\u00fcmlerimizin de Mersin\u2019i savunma sanayinde daha iddial\u0131 hale getirece\u011fine inan\u0131yorum\u201d diye tamamlad\u0131. &nbsp;<\/p>\n","protected":false},"excerpt":{"rendered":"<p>Mersin Valili\u011fi Koordinasyonu, Mersin Ticaret ve Sanayi Odas\u0131 (MTSO) ile Mersin Tarsus Organize Sanayi B\u00f6lgesi (MTOSB) i\u015fbirli\u011finde d\u00fczenlenen organizasyonla savunma sanayine hizmet veren Mersin firmalar\u0131 a\u00e7\u0131lan ortak stantla Avrupa&#8217;n\u0131n en b\u00fcy\u00fck sanayi k\u00fcmelenmesi SAHA \u0130stanbul&#8217;un d\u00fczenledi\u011fi SAHA EXPO Savunma, Havac\u0131l\u0131k ve Uzay Sanayi Fuar\u0131\u2019na kat\u0131ld\u0131. Mersin Valisi Ali Hamza Pehlivan, MTSO Y\u00f6netim Kurulu Ba\u015fkan\u0131 Hakan [&hellip;]<\/p>\n","protected":false},"author":2,"featured_media":36495,"comment_status":"closed","ping_status":"closed","sticky":false,"template":"","format":"standard","meta":{"footnotes":""},"categories":[8,34,1,3,11],"tags":[],"class_list":["post-36494","post","type-post","status-publish","format-standard","has-post-thumbnail","hentry","category-ekonomi","category-flas-haber","category-genel","category-manset","category-teknoloji"],"views":9,"_links":{"self":[{"href":"https:\/\/mersinkadingazetesi.com\/index.php?rest_route=\/wp\/v2\/posts\/36494"}],"collection":[{"href":"https:\/\/mersinkadingazetesi.com\/index.php?rest_route=\/wp\/v2\/posts"}],"about":[{"href":"https:\/\/mersinkadingazetesi.com\/index.php?rest_route=\/wp\/v2\/types\/post"}],"author":[{"embeddable":true,"href":"https:\/\/mersinkadingazetesi.com\/index.php?rest_route=\/wp\/v2\/users\/2"}],"replies":[{"embeddable":true,"href":"https:\/\/mersinkadingazetesi.com\/index.php?rest_route=%2Fwp%2Fv2%2Fcomments&post=36494"}],"version-history":[{"count":1,"href":"https:\/\/mersinkadingazetesi.com\/index.php?rest_route=\/wp\/v2\/posts\/36494\/revisions"}],"predecessor-version":[{"id":36496,"href":"https:\/\/mersinkadingazetesi.com\/index.php?rest_route=\/wp\/v2\/posts\/36494\/revisions\/36496"}],"wp:featuredmedia":[{"embeddable":true,"href":"https:\/\/mersinkadingazetesi.com\/index.php?rest_route=\/wp\/v2\/media\/36495"}],"wp:attachment":[{"href":"https:\/\/mersinkadingazetesi.com\/index.php?rest_route=%2Fwp%2Fv2%2Fmedia&parent=36494"}],"wp:term":[{"taxonomy":"category","embeddable":true,"href":"https:\/\/mersinkadingazetesi.com\/index.php?rest_route=%2Fwp%2Fv2%2Fcategories&post=36494"},{"taxonomy":"post_tag","embeddable":true,"href":"https:\/\/mersinkadingazetesi.com\/index.php?rest_route=%2Fwp%2Fv2%2Ftags&post=36494"}],"curies":[{"name":"wp","href":"https:\/\/api.w.org\/{rel}","templated":true}]}}