{"id":36508,"date":"2024-10-29T11:39:45","date_gmt":"2024-10-29T08:39:45","guid":{"rendered":"https:\/\/mersinkadingazetesi.com\/?p=36508"},"modified":"2024-10-29T11:39:46","modified_gmt":"2024-10-29T08:39:46","slug":"baskan-secer-cumhuriyet-bir-aydinlanma-projesidir","status":"publish","type":"post","link":"https:\/\/mersinkadingazetesi.com\/?p=36508","title":{"rendered":"BA\u015eKAN SE\u00c7ER: &#8220;CUMHUR\u0130YET B\u0130R AYDINLANMA PROJES\u0130D\u0130R&#8221;"},"content":{"rendered":"\n<p>Mersin B\u00fcy\u00fck\u015fehir Belediye Ba\u015fkan\u0131 Vahap Se\u00e7er, Cumhuriyet&#8217;in 101. y\u0131ld\u00f6n\u00fcm\u00fc dolay\u0131s\u0131yla Mersin Valili\u011fi taraf\u0131ndan d\u00fczenlenen&nbsp;<strong>&#8216;Bayrak Y\u00fcr\u00fcy\u00fc\u015f\u00fc&#8217;<\/strong>ne kat\u0131ld\u0131.<\/p>\n\n\n\n<p>Mersin \u0130dman Yurdu Meydan\u0131&#8217;ndan ba\u015flayan y\u00fcr\u00fcy\u00fc\u015fte cumhuriyetin 101. y\u0131l\u0131n\u0131 simgeleyen 101&nbsp;&nbsp;metre uzunlu\u011funda bayrak ta\u015f\u0131nd\u0131. Ba\u015fkan Se\u00e7er de kortej boyunca yurtta\u015flar\u0131 selamlayarak bayramlar\u0131n\u0131 kutlad\u0131. Evlerinden ve arabalar\u0131ndan korteji selamlayan yurtta\u015flar ise cumhuriyet co\u015fkusuna ortak oldu. \u015eark\u0131lar ve mar\u015flarla dolu dolu s\u00fcren&nbsp;<strong>&#8216;Bayrak Y\u00fcr\u00fcy\u00fc\u015f\u00fc&#8217;<\/strong>, Suphi \u00d6ner \u00d6\u011fretmenevinde son buldu.<\/p>\n\n\n\n<p><strong>&#8220;Cumhuriyet bir ayd\u0131nlanma projesidir&#8221;<\/strong><\/p>\n\n\n\n<p>Y\u00fcr\u00fcy\u00fc\u015f sonunda konu\u015fan Ba\u015fkan Se\u00e7er,&nbsp;<strong>&#8220;101. kurulu\u015f y\u0131l d\u00f6n\u00fcm\u00fcne ithafen 101 metrelik bir bayrak e\u015fli\u011finde y\u00fcr\u00fcd\u00fck. Bayra\u011f\u0131, gen\u00e7lerimiz ta\u015f\u0131d\u0131. Cumhuriyetimiz de gen\u00e7lerimize emanet. Cumhuriyet bir medeniyet, k\u00fclt\u00fcr, e\u011fitim ve ayd\u0131nlanma projesidir. Cumhuriyetimizle gurur duyuyoruz.&nbsp;&nbsp;Kurucumuz, \u00f6nderimiz Mustafa Kemal Atat\u00fcrk ile gurur duyuyoruz. Cumhuriyet Bayram\u0131m\u0131z\u0131 kutluyorum&#8221;<\/strong>&nbsp;dedi.<\/p>\n","protected":false},"excerpt":{"rendered":"<p>Mersin B\u00fcy\u00fck\u015fehir Belediye Ba\u015fkan\u0131 Vahap Se\u00e7er, Cumhuriyet&#8217;in 101. y\u0131ld\u00f6n\u00fcm\u00fc dolay\u0131s\u0131yla Mersin Valili\u011fi taraf\u0131ndan d\u00fczenlenen&nbsp;&#8216;Bayrak Y\u00fcr\u00fcy\u00fc\u015f\u00fc&#8217;ne kat\u0131ld\u0131. Mersin \u0130dman Yurdu Meydan\u0131&#8217;ndan ba\u015flayan y\u00fcr\u00fcy\u00fc\u015fte cumhuriyetin 101. y\u0131l\u0131n\u0131 simgeleyen 101&nbsp;&nbsp;metre uzunlu\u011funda bayrak ta\u015f\u0131nd\u0131. Ba\u015fkan Se\u00e7er de kortej boyunca yurtta\u015flar\u0131 selamlayarak bayramlar\u0131n\u0131 kutlad\u0131. Evlerinden ve arabalar\u0131ndan korteji selamlayan yurtta\u015flar ise cumhuriyet co\u015fkusuna ortak oldu. \u015eark\u0131lar ve mar\u015flarla dolu dolu [&hellip;]<\/p>\n","protected":false},"author":2,"featured_media":36509,"comment_status":"closed","ping_status":"closed","sticky":false,"template":"","format":"standard","meta":{"footnotes":""},"categories":[3],"tags":[],"class_list":["post-36508","post","type-post","status-publish","format-standard","has-post-thumbnail","hentry","category-manset"],"views":1,"_links":{"self":[{"href":"https:\/\/mersinkadingazetesi.com\/index.php?rest_route=\/wp\/v2\/posts\/36508"}],"collection":[{"href":"https:\/\/mersinkadingazetesi.com\/index.php?rest_route=\/wp\/v2\/posts"}],"about":[{"href":"https:\/\/mersinkadingazetesi.com\/index.php?rest_route=\/wp\/v2\/types\/post"}],"author":[{"embeddable":true,"href":"https:\/\/mersinkadingazetesi.com\/index.php?rest_route=\/wp\/v2\/users\/2"}],"replies":[{"embeddable":true,"href":"https:\/\/mersinkadingazetesi.com\/index.php?rest_route=%2Fwp%2Fv2%2Fcomments&post=36508"}],"version-history":[{"count":1,"href":"https:\/\/mersinkadingazetesi.com\/index.php?rest_route=\/wp\/v2\/posts\/36508\/revisions"}],"predecessor-version":[{"id":36510,"href":"https:\/\/mersinkadingazetesi.com\/index.php?rest_route=\/wp\/v2\/posts\/36508\/revisions\/36510"}],"wp:featuredmedia":[{"embeddable":true,"href":"https:\/\/mersinkadingazetesi.com\/index.php?rest_route=\/wp\/v2\/media\/36509"}],"wp:attachment":[{"href":"https:\/\/mersinkadingazetesi.com\/index.php?rest_route=%2Fwp%2Fv2%2Fmedia&parent=36508"}],"wp:term":[{"taxonomy":"category","embeddable":true,"href":"https:\/\/mersinkadingazetesi.com\/index.php?rest_route=%2Fwp%2Fv2%2Fcategories&post=36508"},{"taxonomy":"post_tag","embeddable":true,"href":"https:\/\/mersinkadingazetesi.com\/index.php?rest_route=%2Fwp%2Fv2%2Ftags&post=36508"}],"curies":[{"name":"wp","href":"https:\/\/api.w.org\/{rel}","templated":true}]}}