{"id":36517,"date":"2024-10-29T11:44:30","date_gmt":"2024-10-29T08:44:30","guid":{"rendered":"https:\/\/mersinkadingazetesi.com\/?p=36517"},"modified":"2024-10-29T11:44:30","modified_gmt":"2024-10-29T08:44:30","slug":"tarsus-gastronomi-merkezi-1-kasimda-kapilarini-aciyor","status":"publish","type":"post","link":"https:\/\/mersinkadingazetesi.com\/?p=36517","title":{"rendered":"TARSUS GASTRONOM\u0130 MERKEZ\u0130 1 KASIM\u2019DA KAPILARINI A\u00c7IYOR!"},"content":{"rendered":"\n<p>Tarsus Gastronomi Merkezi, 3. Uluslararas\u0131 Tarsus Festivali\u2019nin ilk g\u00fcn\u00fcnde a\u00e7\u0131l\u0131yor. &nbsp;Merkez, 1 Kas\u0131m\u2019da b\u00fcy\u00fck bir heyecanla kap\u0131lar\u0131n\u0131 a\u00e7arak, Tarsus\u2019un zengin y\u00f6resel lezzetlerini ke\u015ffetmek isteyenleri bekliyor.<\/p>\n\n\n\n<p>Tarsus Belediye Ba\u015fkan\u0131 Ali Bolta\u00e7\u2019\u0131n \u00f6nc\u00fcl\u00fc\u011f\u00fcnde hayata ge\u00e7irilen &#8220;Tarsus Gastronomi Merkezi&#8221;, zengin mutfak k\u00fclt\u00fcr\u00fcn\u00fc yeniden canland\u0131rmak amac\u0131yla 1 Kas\u0131m\u2019da kap\u0131lar\u0131n\u0131 a\u00e7\u0131yor. Trafi\u011fe kapat\u0131larak Siptilli \u00c7ar\u015f\u0131s\u0131&#8217;nda a\u00e7\u0131lacak olan Gastronomi Merkezi, Tarsus&#8217;un geleneksel lezzetlerini T\u00fcrkiye \u00e7ap\u0131nda tan\u0131tarak \u015fehre yeni bir simge kazand\u0131r\u0131yor.&nbsp; Tarsus\u2019un yemek k\u00fclt\u00fcr\u00fcn\u00fc tan\u0131tman\u0131n \u00f6tesinde, \u015fehrin ekonomik ve sosyal hayat\u0131na da b\u00fcy\u00fck katk\u0131lar sa\u011flayacak.<\/p>\n\n\n\n<p><strong>\u201c1 KASIM\u2019DA T\u00dcM VATANDA\u015eLARIMIZI A\u00c7ILI\u015eIMIZA DAVET ED\u0130YORUM\u201d<\/strong><\/p>\n\n\n\n<p>&nbsp;Tarsus\u2019un canlanaca\u011f\u0131n\u0131 ve marka de\u011ferine kavu\u015faca\u011f\u0131n\u0131 belirterek a\u00e7\u0131l\u0131\u015fa davet eden Tarsus Belediye Ba\u015fkan\u0131 Ali Bolta\u00e7, \u201c3. Uluslararas\u0131 Tarsus Festivalimizin ilk g\u00fcn\u00fcnde yani 1 Kas\u0131m\u2019da t\u00fcm vatanda\u015flar\u0131m\u0131z\u0131 a\u00e7\u0131l\u0131\u015f\u0131m\u0131za davet ediyorum. Gastronomi Merkezimiz, Tarsus ekonomisine katk\u0131 sa\u011flarken, i\u00e7 ve d\u0131\u015f turizmin de canlanmas\u0131na yard\u0131mc\u0131 olacak. Bu sokak, Tarsus\u2019un gastronomi sahnesinde parlad\u0131\u011f\u0131 yer olacak.\u201d dedi.<\/p>\n","protected":false},"excerpt":{"rendered":"<p>Tarsus Gastronomi Merkezi, 3. Uluslararas\u0131 Tarsus Festivali\u2019nin ilk g\u00fcn\u00fcnde a\u00e7\u0131l\u0131yor. &nbsp;Merkez, 1 Kas\u0131m\u2019da b\u00fcy\u00fck bir heyecanla kap\u0131lar\u0131n\u0131 a\u00e7arak, Tarsus\u2019un zengin y\u00f6resel lezzetlerini ke\u015ffetmek isteyenleri bekliyor. Tarsus Belediye Ba\u015fkan\u0131 Ali Bolta\u00e7\u2019\u0131n \u00f6nc\u00fcl\u00fc\u011f\u00fcnde hayata ge\u00e7irilen &#8220;Tarsus Gastronomi Merkezi&#8221;, zengin mutfak k\u00fclt\u00fcr\u00fcn\u00fc yeniden canland\u0131rmak amac\u0131yla 1 Kas\u0131m\u2019da kap\u0131lar\u0131n\u0131 a\u00e7\u0131yor. Trafi\u011fe kapat\u0131larak Siptilli \u00c7ar\u015f\u0131s\u0131&#8217;nda a\u00e7\u0131lacak olan Gastronomi Merkezi, Tarsus&#8217;un [&hellip;]<\/p>\n","protected":false},"author":2,"featured_media":36518,"comment_status":"closed","ping_status":"closed","sticky":false,"template":"","format":"standard","meta":{"footnotes":""},"categories":[3],"tags":[],"class_list":["post-36517","post","type-post","status-publish","format-standard","has-post-thumbnail","hentry","category-manset"],"views":2,"_links":{"self":[{"href":"https:\/\/mersinkadingazetesi.com\/index.php?rest_route=\/wp\/v2\/posts\/36517"}],"collection":[{"href":"https:\/\/mersinkadingazetesi.com\/index.php?rest_route=\/wp\/v2\/posts"}],"about":[{"href":"https:\/\/mersinkadingazetesi.com\/index.php?rest_route=\/wp\/v2\/types\/post"}],"author":[{"embeddable":true,"href":"https:\/\/mersinkadingazetesi.com\/index.php?rest_route=\/wp\/v2\/users\/2"}],"replies":[{"embeddable":true,"href":"https:\/\/mersinkadingazetesi.com\/index.php?rest_route=%2Fwp%2Fv2%2Fcomments&post=36517"}],"version-history":[{"count":1,"href":"https:\/\/mersinkadingazetesi.com\/index.php?rest_route=\/wp\/v2\/posts\/36517\/revisions"}],"predecessor-version":[{"id":36519,"href":"https:\/\/mersinkadingazetesi.com\/index.php?rest_route=\/wp\/v2\/posts\/36517\/revisions\/36519"}],"wp:featuredmedia":[{"embeddable":true,"href":"https:\/\/mersinkadingazetesi.com\/index.php?rest_route=\/wp\/v2\/media\/36518"}],"wp:attachment":[{"href":"https:\/\/mersinkadingazetesi.com\/index.php?rest_route=%2Fwp%2Fv2%2Fmedia&parent=36517"}],"wp:term":[{"taxonomy":"category","embeddable":true,"href":"https:\/\/mersinkadingazetesi.com\/index.php?rest_route=%2Fwp%2Fv2%2Fcategories&post=36517"},{"taxonomy":"post_tag","embeddable":true,"href":"https:\/\/mersinkadingazetesi.com\/index.php?rest_route=%2Fwp%2Fv2%2Ftags&post=36517"}],"curies":[{"name":"wp","href":"https:\/\/api.w.org\/{rel}","templated":true}]}}