{"id":36529,"date":"2024-10-29T15:36:09","date_gmt":"2024-10-29T12:36:09","guid":{"rendered":"https:\/\/mersinkadingazetesi.com\/?p=36529"},"modified":"2024-10-29T15:36:09","modified_gmt":"2024-10-29T12:36:09","slug":"cocuk-gelisim-merkezi-miniklerinden-29-ekim-cumhuriyet-bayrami-kutlamasi","status":"publish","type":"post","link":"https:\/\/mersinkadingazetesi.com\/?p=36529","title":{"rendered":"\u00c7OCUK GEL\u0130\u015e\u0130M MERKEZ\u0130 M\u0130N\u0130KLER\u0130NDEN 29 EK\u0130M CUMHUR\u0130YET BAYRAMI KUTLAMASI"},"content":{"rendered":"\n<p>Mersin B\u00fcy\u00fck\u015fehir Belediyesi&#8217;nin \u00c7ocuk Geli\u015fim Merkezleri ve At\u00f6lyelerinin minik y\u00fcrekleri 29 Ekim Cumhuriyet Bayram\u0131&#8217;n\u0131 ne\u015feyle kutlad\u0131. Her y\u0131l yap\u0131lan ve \u00e7ocuklar\u0131n Ulu \u00d6nder Mustafa Kemal Atat\u00fcrk sevgisi ve Cumhuriyet bilinciyle b\u00fcy\u00fcmesini sa\u011flayan kutlamalar bu y\u0131l da rengarenk g\u00f6r\u00fcnt\u00fclere sahne oldu.<\/p>\n\n\n\n<p>Cumhuriyetin 101. y\u0131l\u0131 kutlamalar\u0131 kapsam\u0131nda yap\u0131lan etkinlikler, Kad\u0131n ve Aile Hizmetleri Dairesi&#8217;ne ba\u011fl\u0131 Tarsus Begonvil ve 100. Y\u0131l Atat\u00fcrk \u00c7ocuk Geli\u015fim Merkezi ile Halkent Adile Teyze \u00c7ocuk Geli\u015fim Merkezi, M\u00fcnir \u00d6zkul \u00c7ocuk Geli\u015fim Merkezi, T\u00f6m\u00fck \u00c7ocuk Geli\u015fim Merkezi, G\u00fclnar \u00c7ocuk At\u00f6lyesi ve Yenice Ya\u015far Baybo\u011fan \u00c7ocuk At\u00f6lyesi&#8217;nde e\u015f zamanl\u0131 olarak d\u00fczenlendi.<\/p>\n\n\n\n<p>Dans g\u00f6sterileri yaparak \u015fiirler okuyan minik y\u00fcrekler Ulu \u00d6nder Gazi Mustafa Kemal Atat\u00fcrk&#8217;\u00fc anarak onun arma\u011fan\u0131 olan 29 Ekim Cumhuriyet Bayram\u0131&#8217;n\u0131 ne\u015feyle kutlad\u0131. Minikler, k\u0131rm\u0131z\u0131 beyaz renkli k\u0131yafetleri, ba\u015flar\u0131na takt\u0131klar\u0131 ay y\u0131ld\u0131zl\u0131 ta\u00e7lar ve ellerinde bayraklarla 29 Ekim&#8217;i kutlad\u0131. Bando e\u015fli\u011finde s\u00f6ylenen mar\u015flar \u00e7ocuklar\u0131 co\u015fkuland\u0131r\u0131rken velileri de hem co\u015fkulan\u0131rd\u0131 hem de gururland\u0131rd\u0131.<\/p>\n","protected":false},"excerpt":{"rendered":"<p>Mersin B\u00fcy\u00fck\u015fehir Belediyesi&#8217;nin \u00c7ocuk Geli\u015fim Merkezleri ve At\u00f6lyelerinin minik y\u00fcrekleri 29 Ekim Cumhuriyet Bayram\u0131&#8217;n\u0131 ne\u015feyle kutlad\u0131. Her y\u0131l yap\u0131lan ve \u00e7ocuklar\u0131n Ulu \u00d6nder Mustafa Kemal Atat\u00fcrk sevgisi ve Cumhuriyet bilinciyle b\u00fcy\u00fcmesini sa\u011flayan kutlamalar bu y\u0131l da rengarenk g\u00f6r\u00fcnt\u00fclere sahne oldu. Cumhuriyetin 101. y\u0131l\u0131 kutlamalar\u0131 kapsam\u0131nda yap\u0131lan etkinlikler, Kad\u0131n ve Aile Hizmetleri Dairesi&#8217;ne ba\u011fl\u0131 Tarsus Begonvil [&hellip;]<\/p>\n","protected":false},"author":2,"featured_media":36530,"comment_status":"closed","ping_status":"closed","sticky":false,"template":"","format":"standard","meta":{"footnotes":""},"categories":[3],"tags":[],"class_list":["post-36529","post","type-post","status-publish","format-standard","has-post-thumbnail","hentry","category-manset"],"views":5,"_links":{"self":[{"href":"https:\/\/mersinkadingazetesi.com\/index.php?rest_route=\/wp\/v2\/posts\/36529"}],"collection":[{"href":"https:\/\/mersinkadingazetesi.com\/index.php?rest_route=\/wp\/v2\/posts"}],"about":[{"href":"https:\/\/mersinkadingazetesi.com\/index.php?rest_route=\/wp\/v2\/types\/post"}],"author":[{"embeddable":true,"href":"https:\/\/mersinkadingazetesi.com\/index.php?rest_route=\/wp\/v2\/users\/2"}],"replies":[{"embeddable":true,"href":"https:\/\/mersinkadingazetesi.com\/index.php?rest_route=%2Fwp%2Fv2%2Fcomments&post=36529"}],"version-history":[{"count":1,"href":"https:\/\/mersinkadingazetesi.com\/index.php?rest_route=\/wp\/v2\/posts\/36529\/revisions"}],"predecessor-version":[{"id":36531,"href":"https:\/\/mersinkadingazetesi.com\/index.php?rest_route=\/wp\/v2\/posts\/36529\/revisions\/36531"}],"wp:featuredmedia":[{"embeddable":true,"href":"https:\/\/mersinkadingazetesi.com\/index.php?rest_route=\/wp\/v2\/media\/36530"}],"wp:attachment":[{"href":"https:\/\/mersinkadingazetesi.com\/index.php?rest_route=%2Fwp%2Fv2%2Fmedia&parent=36529"}],"wp:term":[{"taxonomy":"category","embeddable":true,"href":"https:\/\/mersinkadingazetesi.com\/index.php?rest_route=%2Fwp%2Fv2%2Fcategories&post=36529"},{"taxonomy":"post_tag","embeddable":true,"href":"https:\/\/mersinkadingazetesi.com\/index.php?rest_route=%2Fwp%2Fv2%2Ftags&post=36529"}],"curies":[{"name":"wp","href":"https:\/\/api.w.org\/{rel}","templated":true}]}}