{"id":36535,"date":"2024-10-29T15:38:26","date_gmt":"2024-10-29T12:38:26","guid":{"rendered":"https:\/\/mersinkadingazetesi.com\/?p=36535"},"modified":"2024-10-29T15:38:27","modified_gmt":"2024-10-29T12:38:27","slug":"secerden-iktidara-elestiri-nerede-cumhuriyet-degerleri-ve-ataturkun-imzasi-varsa-orayla-sorunlari-var","status":"publish","type":"post","link":"https:\/\/mersinkadingazetesi.com\/?p=36535","title":{"rendered":"SE\u00c7ER&#8217;DEN \u0130KT\u0130DARA ELE\u015eT\u0130R\u0130: &#8220;NEREDE CUMHUR\u0130YET DE\u011eERLER\u0130 VE ATAT\u00dcRK&#8217;\u00dcN \u0130MZASI VARSA ORAYLA SORUNLARI VAR&#8221;"},"content":{"rendered":"\n<p>Mersin B\u00fcy\u00fck\u015fehir Belediye Ba\u015fkan\u0131 Vahap Se\u00e7er, Cumhuriyet Halk Partisi (CHP) Mersin \u0130l Ba\u015fkanl\u0131\u011f\u0131 taraf\u0131ndan 29 Ekim Cumhuriyet&#8217;in 101. y\u0131ld\u00f6n\u00fcm\u00fc dolay\u0131s\u0131yla Cumhuriyet Meydan\u0131&#8217;nda d\u00fczenlenen t\u00f6rene kat\u0131ld\u0131.<\/p>\n\n\n\n<p>Programa, CHP Mersin \u0130l Ba\u015fkan\u0131 Koral \u00d6m\u00fcr, CHP Grup Ba\u015fkan Vekili ve Mersin Milletvekili Ali Mahir Ba\u015far\u0131r, Mersin Milletvekilleri G\u00fclcan K\u0131\u015f ve Hasan Ufuk \u00c7ak\u0131r, Toroslar Belediye Ba\u015fkan\u0131 Abdurrahman Y\u0131ld\u0131z, Mezitli Belediye Ba\u015fkan\u0131 Ahmet Serkan Tuncer, \u0130l Gen\u00e7lik Kollar\u0131 Genel Ba\u015fkan Yard\u0131mc\u0131s\u0131 \u0130zzet K\u0131r\u0131lmaz, CHP Mersin \u0130l Kad\u0131n Kollar\u0131 Ba\u015fkan\u0131 G\u00fcl\u015fah Y\u0131ld\u0131r\u0131m Gen\u00e7, CHP Mersin \u0130l Gen\u00e7lik Kollar\u0131 Ba\u015fkan\u0131 Okan Kaya, Mersin B\u00fcy\u00fck\u015fehir Belediye Meclis \u00dcyeleri, parti il ve il\u00e7e y\u00f6neticileri, ge\u00e7mi\u015f d\u00f6nem milletvekilleri ve partililer kat\u0131ld\u0131.<\/p>\n\n\n\n<p>&#8220;Se\u00e7er: Bayram\u0131m\u0131z kutlu olsun&#8221;<\/p>\n\n\n\n<p>Sayg\u0131 duru\u015funa durulmas\u0131 ve \u0130stiklal Mar\u015f\u0131&#8217;n\u0131n okunmas\u0131yla ba\u015flayan programda konu\u015fan Mersin b\u00fcy\u00fck\u015fehir Belediye Ba\u015fkan\u0131 Vahap Se\u00e7er konu\u015fmas\u0131na, Atat\u00fcrk&#8217;\u00fcn iki eserinden birisinin Cumhuriyet di\u011ferinin ise CHP oldu\u011funu belirterek ba\u015flad\u0131. Se\u00e7er, &#8220;Atat\u00fcrk&#8217;\u00fcn ikinci eseri Cumhuriyet Halk Partililer olarak bug\u00fcn burada bu bayram\u0131 co\u015fkuyla kutluyoruz. Bayram\u0131m\u0131z kutlu olsun&#8221; dedi.<\/p>\n\n\n\n<p>&#8220;Cumhuriyet, demokrasinin temelidir&#8221;<\/p>\n\n\n\n<p>Cumhuriyetin al\u0131n teri, g\u00f6zya\u015f\u0131 ve b\u00fcy\u00fck emek sonucu kuruldu\u011funu hat\u0131rlatan Se\u00e7er, &#8220;Cumhuriyet, sadece T\u00fcrkiye&#8217;ye, bu topraklara bi\u00e7ilen bir y\u00f6netim modeli de\u011fildir. Cumhuriyet, Atat\u00fcrk devrimleridir, Atat\u00fcrk ilkeleridir. Her alanda yeniliktir. K\u00fclt\u00fcrde, sanatta, e\u011fitimde yeniliktir. \u00c7a\u011fda\u015fl\u0131kta, evrensel hukuk normlar\u0131nda yeniliktir. Kad\u0131n\u0131, do\u011fay\u0131 sevmektir, hayvan haklar\u0131d\u0131r, insan haklar\u0131d\u0131r Cumhuriyet. Demokrasi, cumhuriyetin oldu\u011fu ortamlarda ye\u015ferir, b\u00fcy\u00fcr. Cumhuriyet, demokrasinin temelidir&#8221; diye konu\u015ftu.<\/p>\n\n\n\n<p>&#8220;Nerede Cumhuriyet de\u011ferleri ve Atat\u00fcrk&#8217;\u00fcn imzas\u0131 varsa orayla sorunlar\u0131 var&#8221;<\/p>\n\n\n\n<p>Cumhuriyetin de\u011ferlerini bildiklerini, ayn\u0131 zamanda bu de\u011ferleri tahrip etmek isteyenleri de bildiklerinin alt\u0131n\u0131 \u00e7izen Se\u00e7er, &#8220;Onlar\u0131 da g\u00f6zlemliyoruz. Onlarla da m\u00fccadele ediyoruz. Her \u015feyin i\u00e7ini bo\u015faltt\u0131lar. Milli e\u011fitimi, \u00e7a\u011fda\u015f bir e\u011fitim sisteminden uzakla\u015ft\u0131rd\u0131lar, uzakla\u015ft\u0131rmaya gayret ediyorlar. Ama muvaffak olamayacaklar. Yarg\u0131 sisteminden ordumuza kadar her alanda, nerede Cumhuriyet de\u011ferleri varsa, nerede Atat\u00fcrk&#8217;\u00fcn imzas\u0131 varsa orayla sorunlar\u0131 var. Ama 86 milyona, demokrasinin, Atat\u00fcrk&#8217;\u00fcn, Cumhuriyetin kenti Mersin&#8217;den sesleniyoruz; bizler var\u0131z. CHP&#8217;liler var. Adana&#8217;da, Antalya&#8217;da, \u0130stanbul&#8217;da, Ankara&#8217;da, yurdumun 413 yerle\u015fim yerinde Atat\u00fcrk\u00e7\u00fcler, CHP&#8217;liler var, belediye hizmetleri yap\u0131yor. Bizler hizmetlerimizi yaparken Atat\u00fcrk\u00e7\u00fc, CHP&#8217;li kimli\u011fimizle kalbimizle yap\u0131yoruz&#8221; ifadelerini kulland\u0131.<\/p>\n\n\n\n<p>&#8220;Mersin&#8217;de Atat\u00fcrk&#8217;\u00fcn d\u00fc\u015f\u00fcncesi var&#8221;<\/p>\n\n\n\n<p>CHP&#8217;lilerin ilkelerinin, Cumhuriyetin temel ilkeleri oldu\u011funu vurgulayan ve Mersin&#8217;de de bu ilkeler do\u011frultusunda hizmetlerin yurtta\u015flara sunuldu\u011funu aktaran Se\u00e7er, &#8220;Do\u011fay\u0131 seviyoruz, hayvan hakk\u0131n\u0131 biliyoruz. Her \u015feyden \u00f6te; &#8216;Hak, hukuk, adalet&#8217; diyoruz. Adaletli bir y\u00f6netim anlay\u0131\u015f\u0131 ile \u00e7al\u0131\u015f\u0131yoruz. Mersin&#8217;de kimse kendini \u00f6teki hissetmiyor \u00e7\u00fcnk\u00fc hi\u00e7 kimse kimsesiz de\u011fil, bizler var\u0131z, CHP&#8217;liler var, Atat\u00fcrk&#8217;\u00fcn d\u00fc\u015f\u00fcncesi var Mersin&#8217;de. Onun i\u00e7in herkes kendisini iyi hissediyor&#8221; dedi.<\/p>\n\n\n\n<p>&#8220;Mersin&#8217;de CHP&#8217;nin ba\u015far\u0131l\u0131 belediye ba\u015fkanl\u0131\u011f\u0131, belediyecili\u011fi var&#8221;<\/p>\n\n\n\n<p>\u0130ktidar\u0131n yolunun \u00e7al\u0131\u015fmaktan ge\u00e7ti\u011fine dikkat \u00e7eken Se\u00e7er, Mersin&#8217;de ger\u00e7ekle\u015ftirilen ve halk taraf\u0131ndan da b\u00fcy\u00fck takdir g\u00f6ren hizmetlerin \u00f6rnek al\u0131nmas\u0131 gerekti\u011fini kaydetti. Se\u00e7er, &#8220;Bizim iktidar\u0131m\u0131z \u00e7al\u0131\u015fmaktan ge\u00e7er. Kazanaca\u011f\u0131z, mutlaka kazanaca\u011f\u0131z ama \u00e7al\u0131\u015faca\u011f\u0131z, ondan sonra kazanaca\u011f\u0131z. T\u0131pk\u0131 Mersin&#8217;de oldu\u011fu gibi. Mersin&#8217;den \u00f6rnek als\u0131nlar. Mersin bir T\u00fcrkiye&#8217;dir. Mersin, sosyal bar\u0131\u015f\u0131n be\u015fi\u011fidir. Karde\u015flik \u015fehri, Atat\u00fcrk&#8217;\u00fcn \u015fehridir Mersin. Mersinde etnik yap\u0131s\u0131ndan, inan\u00e7 durumuna, siyasi g\u00f6r\u00fc\u015f\u00fcnden, sosyok\u00fclt\u00fcrel, sosyoekonomik fark\u0131na, T\u00fcrkiye&#8217;de ya\u015fayan 86 milyon i\u00e7erisinde yer alan her renk var. Ama burada CHP bir \u015feyi ba\u015fard\u0131. &#8216;Vahap Se\u00e7er ba\u015fard\u0131&#8217; , &#8216;Vahap Se\u00e7er belediyecili\u011fi&#8217; yok. &#8216;Cumhuriyet Halk Partisi ba\u015fard\u0131&#8217; var. Mersin&#8217;de CHP&#8217;nin ba\u015far\u0131l\u0131 belediye ba\u015fkanl\u0131\u011f\u0131, belediyecili\u011fi var. Bunu s\u00f6ylersek o zaman iktidar oluruz&#8221; s\u00f6zlerine yer verdi.<\/p>\n\n\n\n<p>&#8220;Daha \u00e7ok \u00e7al\u0131\u015faca\u011f\u0131z. \u0130\u015fte o zaman ba\u015far\u0131 ka\u00e7\u0131n\u0131lmaz olur&#8221;<\/p>\n\n\n\n<p>Bu do\u011frultuda hareket edildi\u011finde yurtta\u015flar\u0131n CHP&#8217;yi iktidara getirece\u011fini s\u00f6zlerine ekleyen Se\u00e7er \u015funlar\u0131 kaydetti: &#8220;Esas olan Mustafa Kemalimiz, al bayra\u011f\u0131m\u0131z, alt\u0131 oklu bayra\u011f\u0131m\u0131z ve Cumhuriyet Halk Partimiz. \u00c7\u00fcnk\u00fc CHP demek; Atat\u00fcrk&#8217;\u00fcn iki eserinden biri Cumhuriyetin ta kendisi demektir. Ben Mersin&#8217;deki birli\u011fi T\u00fcrkiye&#8217;ye \u015famil k\u0131laca\u011f\u0131m\u0131za can\u0131 y\u00fcrekten inan\u0131yorum. Birbirimizi daha \u00e7ok sevece\u011fiz, daha \u00e7ok sayaca\u011f\u0131z, birbirimizi daha iyi anlayaca\u011f\u0131z. Birbirimize ho\u015fg\u00f6r\u00fcl\u00fc davranaca\u011f\u0131z. Daha \u00e7ok \u00e7al\u0131\u015faca\u011f\u0131z. \u0130\u015fte o zaman ba\u015far\u0131 ka\u00e7\u0131n\u0131lmaz olur, T\u00fcrkiye Mersin olur, mutlu olur, huzurlu olur. Demokrasi, insan haklar\u0131, hukuk devleti, refah devleti olur. Cumhuriyet Bayram\u0131n\u0131z kutlu olsun.&#8221;<\/p>\n","protected":false},"excerpt":{"rendered":"<p>Mersin B\u00fcy\u00fck\u015fehir Belediye Ba\u015fkan\u0131 Vahap Se\u00e7er, Cumhuriyet Halk Partisi (CHP) Mersin \u0130l Ba\u015fkanl\u0131\u011f\u0131 taraf\u0131ndan 29 Ekim Cumhuriyet&#8217;in 101. y\u0131ld\u00f6n\u00fcm\u00fc dolay\u0131s\u0131yla Cumhuriyet Meydan\u0131&#8217;nda d\u00fczenlenen t\u00f6rene kat\u0131ld\u0131. Programa, CHP Mersin \u0130l Ba\u015fkan\u0131 Koral \u00d6m\u00fcr, CHP Grup Ba\u015fkan Vekili ve Mersin Milletvekili Ali Mahir Ba\u015far\u0131r, Mersin Milletvekilleri G\u00fclcan K\u0131\u015f ve Hasan Ufuk \u00c7ak\u0131r, Toroslar Belediye Ba\u015fkan\u0131 Abdurrahman Y\u0131ld\u0131z, [&hellip;]<\/p>\n","protected":false},"author":2,"featured_media":36536,"comment_status":"closed","ping_status":"closed","sticky":false,"template":"","format":"standard","meta":{"footnotes":""},"categories":[34,3,6],"tags":[],"class_list":["post-36535","post","type-post","status-publish","format-standard","has-post-thumbnail","hentry","category-flas-haber","category-manset","category-siyaset-2"],"views":4,"_links":{"self":[{"href":"https:\/\/mersinkadingazetesi.com\/index.php?rest_route=\/wp\/v2\/posts\/36535"}],"collection":[{"href":"https:\/\/mersinkadingazetesi.com\/index.php?rest_route=\/wp\/v2\/posts"}],"about":[{"href":"https:\/\/mersinkadingazetesi.com\/index.php?rest_route=\/wp\/v2\/types\/post"}],"author":[{"embeddable":true,"href":"https:\/\/mersinkadingazetesi.com\/index.php?rest_route=\/wp\/v2\/users\/2"}],"replies":[{"embeddable":true,"href":"https:\/\/mersinkadingazetesi.com\/index.php?rest_route=%2Fwp%2Fv2%2Fcomments&post=36535"}],"version-history":[{"count":1,"href":"https:\/\/mersinkadingazetesi.com\/index.php?rest_route=\/wp\/v2\/posts\/36535\/revisions"}],"predecessor-version":[{"id":36537,"href":"https:\/\/mersinkadingazetesi.com\/index.php?rest_route=\/wp\/v2\/posts\/36535\/revisions\/36537"}],"wp:featuredmedia":[{"embeddable":true,"href":"https:\/\/mersinkadingazetesi.com\/index.php?rest_route=\/wp\/v2\/media\/36536"}],"wp:attachment":[{"href":"https:\/\/mersinkadingazetesi.com\/index.php?rest_route=%2Fwp%2Fv2%2Fmedia&parent=36535"}],"wp:term":[{"taxonomy":"category","embeddable":true,"href":"https:\/\/mersinkadingazetesi.com\/index.php?rest_route=%2Fwp%2Fv2%2Fcategories&post=36535"},{"taxonomy":"post_tag","embeddable":true,"href":"https:\/\/mersinkadingazetesi.com\/index.php?rest_route=%2Fwp%2Fv2%2Ftags&post=36535"}],"curies":[{"name":"wp","href":"https:\/\/api.w.org\/{rel}","templated":true}]}}