{"id":36538,"date":"2024-10-29T16:17:38","date_gmt":"2024-10-29T13:17:38","guid":{"rendered":"https:\/\/mersinkadingazetesi.com\/?p=36538"},"modified":"2024-10-29T16:17:38","modified_gmt":"2024-10-29T13:17:38","slug":"ikinci-yuzyilda-cumhuriyeti-demokrasiyle-barisla-esitlikle-adaletle-donatmaliyiz","status":"publish","type":"post","link":"https:\/\/mersinkadingazetesi.com\/?p=36538","title":{"rendered":"&#8220;\u0130K\u0130NC\u0130 Y\u00dcZYILDA CUMHUR\u0130YET&#8217;\u0130 DEMOKRAS\u0130YLE, BARI\u015eLA, E\u015e\u0130TL\u0130KLE, ADALETLE DONATMALIYIZ&#8221;"},"content":{"rendered":"\n<p>Toroslar Belediye Ba\u015fkan\u0131 Abdurrahman Y\u0131ld\u0131z, Cumhuriyet&#8217;in yaratt\u0131\u011f\u0131 de\u011ferlerin son y\u0131llarda talan edildi\u011fini belirterek &#8220;Cumhuriyet kimsesizlerin kimsesi. Bu halk\u0131n kimsesi. Ve ikinci y\u00fczy\u0131lda Cumhuriyet&#8217;in i\u00e7ini demokrasiyle, bar\u0131\u015fla, karde\u015flikle, adaletle, e\u015fitlikle yeniden donatmal\u0131y\u0131z. Bu hepimizin boynunun borcudur. Bu hepimizin g\u00f6revidir&#8221; dedi.<\/p>\n\n\n\n<p>Toroslar Belediye Ba\u015fkan\u0131 Abdurrahman Y\u0131ld\u0131z, Cumhuriyet&#8217;in 101. Y\u0131l\u0131 dolay\u0131s\u0131yla d\u00fczenlenen kutlama program\u0131na kat\u0131ld\u0131.<\/p>\n\n\n\n<p>Mersin Valili\u011fi koordinasyonunda d\u00fczenlenen kutlama program\u0131na kat\u0131lan Ba\u015fkan Y\u0131ld\u0131z, bu program\u0131n ard\u0131ndan Cumhuriyet Halk Partisi Mersin \u0130l Ba\u015fkanl\u0131\u011f\u0131nca d\u00fczenlenen etkinli\u011fe de kat\u0131ld\u0131.<\/p>\n\n\n\n<p>Burada bir konu\u015fma yapan Ba\u015fkan Y\u0131ld\u0131z, &#8220;Cumhuriyet&#8217;in ikinci y\u00fczy\u0131l\u0131 ve biz ikinci y\u00fczy\u0131lda ilk Cumhuriyet Bayram\u0131&#8217;m\u0131z\u0131 kutluyoruz. Fakat epeyi bir zamand\u0131r i\u00e7i h\u0131zla bo\u015falt\u0131lan Cumhuriyet&#8217;in de yeniden tart\u0131\u015f\u0131lmas\u0131 gereken bir d\u00f6nemdeyiz. Az \u00f6nce devlet erkan\u0131n\u0131n kutlamalar\u0131n\u0131 izledik. Neredeyse bayram, halk\u0131n bayram\u0131 olmaktan \u00e7\u0131k\u0131p sadece askeri b\u00fcrokrasili bayram haline gelmi\u015f durumda.&nbsp; H\u0131zla bundan uzakla\u015ft\u0131rmam\u0131z laz\u0131m. Ger\u00e7ekten Cumhuriyet&#8217;i kimsesizlerin kimsesi haline getirmemiz laz\u0131m. Ger\u00e7ekten Cumhuriyet&#8217;imizi siville\u015ftirmemiz laz\u0131m. Bug\u00fcn\u00fc ger\u00e7ek bir bayram havas\u0131na ta\u015f\u0131mam\u0131z laz\u0131m. Yoksa emin olun Cumhuriyet&#8217;in yaratt\u0131\u011f\u0131 b\u00fct\u00fcn de\u011ferler son y\u0131llarda talan oldu gidiyor&#8221; dedi.<\/p>\n\n\n\n<p><strong>&#8220;CUMHUR\u0130YET K\u0130MSES\u0130ZLER\u0130N K\u0130MSES\u0130&#8221;<\/strong><\/p>\n\n\n\n<p>\u0130\u00e7inde bulundu\u011fu teknoloji ve ileti\u015fim \u00e7a\u011f\u0131nda cumhuriyet ile ilgili yeni bir belgesel, yeni bir film \u00e7ekilmemesini, sanat ve edebiyatta yeni \u00fcr\u00fcnler verilmemesini \u00fcz\u00fcnt\u00fcyle izledi\u011fini kaydeden Ba\u015fkan Y\u0131ld\u0131z, &#8220;Emin olun burada \u00e7ocuklar\u0131m\u0131z\u0131n okudu\u011fu \u015fiir belki de 1950&#8217;de yaz\u0131lm\u0131\u015ft\u0131r. Bunlar\u0131 hepimizin bir kez daha g\u00f6zden ge\u00e7irmesi gerekir. Ger\u00e7ekten Cumhuriyet, kimsesizlerin kimsesi. Bu halk\u0131n kimsesi. Ve ikinci y\u00fczy\u0131lda Cumhuriyet&#8217;in i\u00e7ini demokrasiyle, bar\u0131\u015fla, karde\u015flikle, adaletle, e\u015fitlikle yeniden donatmal\u0131y\u0131z. Bu hepimizin boynunun borcudur. Bu hepimizin g\u00f6revidir diye d\u00fc\u015f\u00fcn\u00fcyorum ben.&nbsp; Bir kez daha ikinci y\u00fczy\u0131l\u0131n ilk Cumhuriyet Bayram\u0131&#8217;n\u0131 kutluyorum&#8221; ifadelerini kulland\u0131.<\/p>\n","protected":false},"excerpt":{"rendered":"<p>Toroslar Belediye Ba\u015fkan\u0131 Abdurrahman Y\u0131ld\u0131z, Cumhuriyet&#8217;in yaratt\u0131\u011f\u0131 de\u011ferlerin son y\u0131llarda talan edildi\u011fini belirterek &#8220;Cumhuriyet kimsesizlerin kimsesi. Bu halk\u0131n kimsesi. Ve ikinci y\u00fczy\u0131lda Cumhuriyet&#8217;in i\u00e7ini demokrasiyle, bar\u0131\u015fla, karde\u015flikle, adaletle, e\u015fitlikle yeniden donatmal\u0131y\u0131z. Bu hepimizin boynunun borcudur. Bu hepimizin g\u00f6revidir&#8221; dedi. Toroslar Belediye Ba\u015fkan\u0131 Abdurrahman Y\u0131ld\u0131z, Cumhuriyet&#8217;in 101. Y\u0131l\u0131 dolay\u0131s\u0131yla d\u00fczenlenen kutlama program\u0131na kat\u0131ld\u0131. Mersin Valili\u011fi koordinasyonunda [&hellip;]<\/p>\n","protected":false},"author":2,"featured_media":36539,"comment_status":"closed","ping_status":"closed","sticky":false,"template":"","format":"standard","meta":{"footnotes":""},"categories":[3],"tags":[],"class_list":["post-36538","post","type-post","status-publish","format-standard","has-post-thumbnail","hentry","category-manset"],"views":13,"_links":{"self":[{"href":"https:\/\/mersinkadingazetesi.com\/index.php?rest_route=\/wp\/v2\/posts\/36538"}],"collection":[{"href":"https:\/\/mersinkadingazetesi.com\/index.php?rest_route=\/wp\/v2\/posts"}],"about":[{"href":"https:\/\/mersinkadingazetesi.com\/index.php?rest_route=\/wp\/v2\/types\/post"}],"author":[{"embeddable":true,"href":"https:\/\/mersinkadingazetesi.com\/index.php?rest_route=\/wp\/v2\/users\/2"}],"replies":[{"embeddable":true,"href":"https:\/\/mersinkadingazetesi.com\/index.php?rest_route=%2Fwp%2Fv2%2Fcomments&post=36538"}],"version-history":[{"count":1,"href":"https:\/\/mersinkadingazetesi.com\/index.php?rest_route=\/wp\/v2\/posts\/36538\/revisions"}],"predecessor-version":[{"id":36540,"href":"https:\/\/mersinkadingazetesi.com\/index.php?rest_route=\/wp\/v2\/posts\/36538\/revisions\/36540"}],"wp:featuredmedia":[{"embeddable":true,"href":"https:\/\/mersinkadingazetesi.com\/index.php?rest_route=\/wp\/v2\/media\/36539"}],"wp:attachment":[{"href":"https:\/\/mersinkadingazetesi.com\/index.php?rest_route=%2Fwp%2Fv2%2Fmedia&parent=36538"}],"wp:term":[{"taxonomy":"category","embeddable":true,"href":"https:\/\/mersinkadingazetesi.com\/index.php?rest_route=%2Fwp%2Fv2%2Fcategories&post=36538"},{"taxonomy":"post_tag","embeddable":true,"href":"https:\/\/mersinkadingazetesi.com\/index.php?rest_route=%2Fwp%2Fv2%2Ftags&post=36538"}],"curies":[{"name":"wp","href":"https:\/\/api.w.org\/{rel}","templated":true}]}}