{"id":36543,"date":"2024-10-30T13:00:21","date_gmt":"2024-10-30T10:00:21","guid":{"rendered":"https:\/\/mersinkadingazetesi.com\/?p=36543"},"modified":"2024-10-30T13:00:22","modified_gmt":"2024-10-30T10:00:22","slug":"yarismaya-50-ulkeden-285-katilimci-3-bin-fotografla-katildi","status":"publish","type":"post","link":"https:\/\/mersinkadingazetesi.com\/?p=36543","title":{"rendered":"YARI\u015eMAYA 50 \u00dcLKEDEN 285 KATILIMCI 3 B\u0130N FOTO\u011eRAFLA KATILDI"},"content":{"rendered":"\n<p>Sanata ve sanat\u00e7\u0131ya verdi\u011fi destekleri s\u00fcrd\u00fcren Mersin B\u00fcy\u00fck\u015fehir Belediyesi; Mersin&#8217;e De\u011fer Katanlar Kurulu (MEDEKA) ve \u00e7e\u015fitli kurumlar\u0131n i\u015f birli\u011finde K\u00fclt\u00fcr ve Sosyal \u0130\u015fler Dairesi Ba\u015fkanl\u0131\u011f\u0131 koordinesinde&nbsp;<strong>&#8216;\u0130lyas Y\u0131lg\u00f6r 4. Uluslararas\u0131 Foto\u011fraf Yar\u0131\u015fmas\u0131 \u00d6d\u00fcl T\u00f6reni&#8217;<\/strong>&nbsp;d\u00fczenledi. Kongre ve Sergi Saray\u0131 \u00c7ok Ama\u00e7l\u0131 Salon&#8217;da ger\u00e7ekle\u015fen \u00f6d\u00fcl t\u00f6renine Mersin B\u00fcy\u00fck\u015fehir Belediyesi b\u00fcrokratlar\u0131, MEDEKA Foto\u011fraf Kurulu \u00fcyeleri, \u0130lyas Y\u0131lg\u00f6r&#8217;\u00fcn ailesi ve sevdikleri ile birlikte \u00e7ok say\u0131da Mersinli sanatsever kat\u0131ld\u0131. A\u00e7\u0131l\u0131\u015f konu\u015fmalar\u0131 ile ba\u015flayan t\u00f6rende, Mersinli sanat\u00e7\u0131 \u0130lyas Y\u0131lg\u00f6r&#8217;\u00fcn hayat\u0131n\u0131 anlatan belgesel videosu da izlendi.<\/p>\n\n\n\n<p>Bu sene; Hayat- Renkli, Portre- Siyah&amp; Beyaz, Bask\u0131- Serbest 3 kategorilerinde ger\u00e7ekle\u015fen yar\u0131\u015fmada, 50 \u00fclkeden 285 kat\u0131l\u0131mc\u0131 3 bin foto\u011frafla yer ald\u0131.&nbsp;&nbsp;Toplam 73 \u00f6d\u00fcl\u00fcn da\u011f\u0131t\u0131ld\u0131\u011f\u0131 yar\u0131\u015fmada kazananlar Alt\u0131n Madalya, \u0130lyas Y\u0131lg\u00f6r \u00d6zel \u00d6d\u00fcl\u00fc, Mersin B\u00fcy\u00fck\u015fehir Belediyesi Mansiyon \u00d6d\u00fclleri ile birlikte madalya ve para \u00f6d\u00fcl\u00fc ile onurland\u0131r\u0131ld\u0131lar. T\u00f6rende birinci olan foto\u011fraflar sergilendi.<\/p>\n\n\n\n<p><strong>Bu sene yar\u0131\u015fma; Hayat, Portre ve Bask\u0131 olmak \u00fczere 3 ayr\u0131 kategoride ger\u00e7ekle\u015fti<\/strong><\/p>\n\n\n\n<p>Hayat kategorisinde; FIAP Alt\u0131n Madalya \u00d6d\u00fcl\u00fc&#8217;n\u00fc Bursa&#8217;dan \u0130nci Koyun, Camera Obscura Alt\u0131n Madalya&#8217;y\u0131 Adana&#8217;dan \u00d6zlem Da\u011fl\u0131, \u0130lyas Y\u0131lg\u00f6r \u00d6zel \u00d6d\u00fcl\u00fc&#8217;n\u00fc H\u0131rvatistan&#8217;dan Amy Jazic, B\u00fcy\u00fck\u015fehir taraf\u0131ndan verilen Mersin \u00d6zel \u00d6d\u00fcl\u00fc&#8217;n\u00fc ise Kuzey K\u0131br\u0131s T\u00fcrk Cumhuriyeti&#8217;nden Atila Karaderi kazand\u0131.<\/p>\n\n\n\n<p>Portre kategorisinde; FIAP Alt\u0131n Madalya \u00d6d\u00fcl\u00fc&#8217;n\u00fc Rusya&#8217;dan Andrey Putilin, Camera Obscura Alt\u0131n Madalya&#8217;y\u0131 Kazakistan&#8217;dan Irina Markova, \u0130lyas Y\u0131lg\u00f6r \u00d6zel \u00d6d\u00fcl\u00fc&#8217;n\u00fc \u0130nci Koyun, Mersin \u00d6zel \u00d6d\u00fcl\u00fc&#8217;n\u00fc Adana&#8217;dan Hasan Dayan\u0131kl\u0131 kazand\u0131.<\/p>\n\n\n\n<p>Bask\u0131 kategorisinde ise; FIAP Alt\u0131n Madalya \u00d6d\u00fcl\u00fc&#8217;n\u00fc Natalia Shotova, Camera Obscura Alt\u0131n Madalya \u00d6d\u00fcl\u00fc&#8217;n\u00fc Mustafa K\u0131l\u0131\u00e7, \u0130lyas Y\u0131lg\u00f6r \u00d6zel \u00d6d\u00fcl\u00fc&#8217;n\u00fc Mehmet Uluyurt, Mersin \u00d6zel \u00d6d\u00fcl\u00fc&#8217;n\u00fc ise Mustafa K\u0131l\u0131\u00e7 kazand\u0131. Birincilere \u00f6d\u00fclleri, ger\u00e7ekle\u015fen t\u00f6ren ile takdim edildi.<\/p>\n\n\n\n<p><strong>G\u00f6kayaz: &#8220;Ba\u015fkan\u0131m\u0131z \u00f6nc\u00fcl\u00fc\u011f\u00fcnde k\u00fclt\u00fcr ve sanat \u00e7al\u0131\u015fmalar\u0131m\u0131z\u0131 azimle s\u00fcrd\u00fcr\u00fcyoruz&#8221;<\/strong><\/p>\n\n\n\n<p>Yar\u0131\u015fmaya kat\u0131lan ve emek veren herkesi tebrik ederek konu\u015fmas\u0131na ba\u015flayan Mersin B\u00fcy\u00fck\u015fehir Belediyesi Genel Sekreter Yard\u0131mc\u0131s\u0131 Serdal G\u00f6kayaz,&nbsp;<strong>&#8220;Ba\u015fkan\u0131m\u0131z Vahap Se\u00e7er&#8217;in \u00f6nc\u00fcl\u00fc\u011f\u00fcnde; kentimizde kat\u0131l\u0131mc\u0131 bir anlay\u0131\u015fla \u015fekillenen k\u00fclt\u00fcr politikalar\u0131n\u0131n hayata ge\u00e7mesi i\u00e7in, k\u00fclt\u00fcr ve sanat alan\u0131ndaki \u00e7al\u0131\u015fmalar\u0131m\u0131z\u0131 azim ve kararl\u0131l\u0131kla s\u00fcrd\u00fcr\u00fcyoruz. Bu yar\u0131\u015fma da bu anlay\u0131\u015fla hayata ge\u00e7en bir etkinlik olarak, \u0130lyas Y\u0131lg\u00f6r&#8217;\u00fcn vefat\u0131ndan sonra da kentteki k\u00fclt\u00fcr ve sanat dinamiklerini bir araya getirmeye devam ediyor. Bu vesileyle bu anlaml\u0131 organizasyonda eme\u011fi ge\u00e7en t\u00fcm payda\u015flar\u0131m\u0131za, sanat\u00e7\u0131lar\u0131m\u0131za, j\u00fcri \u00fcyelerimize ve destek\u00e7ilerimize Ba\u015fkan\u0131m\u0131z, Belediyemiz ve kendim ad\u0131na te\u015fekk\u00fcr ediyor, sayg\u0131lar sunuyorum&#8221;<\/strong>&nbsp;ifadelerini kulland\u0131.<\/p>\n\n\n\n<p><strong>Bayansu: &#8220;Bir foto\u011frafta duygu yoksa, o foto\u011fraf bir ka\u011f\u0131t par\u00e7as\u0131ndan ba\u015fka bir \u015fey de\u011fil&#8221;<\/strong><\/p>\n\n\n\n<p>Mersin Foto\u011fraf\u00e7\u0131lar Esnaf ve Sanatk\u00e2rlar Odas\u0131 Ba\u015fkan\u0131 Ahmet Bayansu,&nbsp;<strong>&#8220;Bu etkinli\u011fin 4.&#8217;s\u00fcn\u00fc yapmaktan gurur duyuyoruz, umar\u0131m bundan sonra da devam\u0131n\u0131 getirece\u011fiz&#8221;<\/strong>&nbsp;diyerek, \u0130lyas Y\u0131lg\u00f6r&#8217;\u00fcn \u015fu s\u00f6zleriyle konu\u015fmas\u0131n\u0131 bitirdi;&nbsp;<strong>&#8220;Bir foto\u011frafta duygu ve hikaye yoksa, o foto\u011fraf bir ka\u011f\u0131t par\u00e7as\u0131ndan ba\u015fka bir \u015fey de\u011fil.&#8221;<\/strong><\/p>\n\n\n\n<p><strong>Da\u011fl\u0131: &#8220;Bu \u00f6d\u00fcller sayesinde motive oluyorsunuz ve daha azimle sar\u0131l\u0131yorsunuz&#8221;<\/strong><\/p>\n\n\n\n<p>Yar\u0131\u015fmada birinci olan \u00d6zlem Da\u011fl\u0131, foto\u011fraf \u00e7ekme ser\u00fcvenine 2012 y\u0131l\u0131nda ba\u015flad\u0131\u011f\u0131n\u0131 kaydederek,&nbsp;<strong>&#8220;Alt\u0131n madalyayla \u00f6d\u00fcllendirildim, \u00e7ok g\u00fczel bir duygu. Bu ser\u00fcvene bir y\u0131l \u00f6nce ba\u015flam\u0131\u015ft\u0131m. Ge\u00e7en y\u0131l ilk sergileme \u00f6d\u00fcl\u00fcn\u00fc ald\u0131m. Bir y\u0131l sonra da alt\u0131n madalyaya lay\u0131k g\u00f6r\u00fcld\u00fcm&#8221;<\/strong>&nbsp;dedi. \u00d6d\u00fcl\u00fcn, verdi\u011fi eme\u011fin kar\u015f\u0131l\u0131\u011f\u0131 oldu\u011funu vurgulayan Da\u011fl\u0131,&nbsp;<strong>&#8220;\u00d6d\u00fcller sayesinde motive oluyorsunuz ve daha azimle sar\u0131l\u0131yorsunuz&#8221;<\/strong>&nbsp;diyerek, deste\u011fi olan herkese te\u015fekk\u00fcr etti.<\/p>\n\n\n\n<p><strong>Dayan\u0131kl\u0131: &#8220;Foto\u011fraf\u00e7\u0131 olarak b\u00f6yle ilgili ve yo\u011fun organizasyonla her zaman kar\u015f\u0131la\u015fam\u0131yoruz&#8221;<\/strong><\/p>\n\n\n\n<p>Mansiyon \u00f6d\u00fcl\u00fc alan Hasan Dayan\u0131kl\u0131, foto\u011fraf\u0131n hayat\u0131n\u0131n tamamen bir par\u00e7as\u0131 oldu\u011funu kaydetti. \u0130lyas Y\u0131lg\u00f6r gibi prestijli yar\u0131\u015fmalara kat\u0131ld\u0131\u011f\u0131n\u0131 belirten Dayan\u0131kl\u0131,&nbsp;<strong>&#8220;G\u00fczel bir duygu, \u00f6zellikle g\u00fczel bir organizasyon yapm\u0131\u015flar. Biz foto\u011fraf\u00e7\u0131lar b\u00f6yle ilgili ve yo\u011fun bir organizasyonla her zaman kar\u015f\u0131la\u015fam\u0131yoruz. Eme\u011fi ge\u00e7en herkesin eline sa\u011fl\u0131k&#8221;<\/strong>&nbsp;diye konu\u015ftu.<\/p>\n\n\n\n<p><strong>Bay\u0131ko\u011flu: &#8220;Farkl\u0131 \u00fclkelerden ve \u00fclkemizden \u00e7\u0131kan bir\u00e7ok foto\u011fraf ve sergi g\u00f6rd\u00fcm&#8221;<\/strong><\/p>\n\n\n\n<p>Foto\u011fraf yar\u0131\u015fmas\u0131na ilk defa kat\u0131ld\u0131\u011f\u0131n\u0131 kaydeden Nu\u015flin Bay\u0131ko\u011flu ise,&nbsp;<strong>&#8220;Bug\u00fcn gelip g\u00f6rmek ve onlar\u0131 tekrardan ya\u015famak g\u00fczeldi. Farkl\u0131 \u00fclkelerden ve \u00fclkemizden \u00e7\u0131kan bir\u00e7ok foto\u011fraf ve sergileri g\u00f6rd\u00fcm. \u00c7ok g\u00fczeldi, ilgimi \u00e7ekti. Herkesin gelip g\u00f6rmesini tavsiye ederim. Ger\u00e7ekten \u00e7ok g\u00fczel bir sergiydi&#8221;<\/strong>&nbsp;\u015feklinde konu\u015ftu.<\/p>\n","protected":false},"excerpt":{"rendered":"<p>Sanata ve sanat\u00e7\u0131ya verdi\u011fi destekleri s\u00fcrd\u00fcren Mersin B\u00fcy\u00fck\u015fehir Belediyesi; Mersin&#8217;e De\u011fer Katanlar Kurulu (MEDEKA) ve \u00e7e\u015fitli kurumlar\u0131n i\u015f birli\u011finde K\u00fclt\u00fcr ve Sosyal \u0130\u015fler Dairesi Ba\u015fkanl\u0131\u011f\u0131 koordinesinde&nbsp;&#8216;\u0130lyas Y\u0131lg\u00f6r 4. Uluslararas\u0131 Foto\u011fraf Yar\u0131\u015fmas\u0131 \u00d6d\u00fcl T\u00f6reni&#8217;&nbsp;d\u00fczenledi. Kongre ve Sergi Saray\u0131 \u00c7ok Ama\u00e7l\u0131 Salon&#8217;da ger\u00e7ekle\u015fen \u00f6d\u00fcl t\u00f6renine Mersin B\u00fcy\u00fck\u015fehir Belediyesi b\u00fcrokratlar\u0131, MEDEKA Foto\u011fraf Kurulu \u00fcyeleri, \u0130lyas Y\u0131lg\u00f6r&#8217;\u00fcn ailesi ve [&hellip;]<\/p>\n","protected":false},"author":2,"featured_media":36544,"comment_status":"closed","ping_status":"closed","sticky":false,"template":"","format":"standard","meta":{"footnotes":""},"categories":[3],"tags":[],"class_list":["post-36543","post","type-post","status-publish","format-standard","has-post-thumbnail","hentry","category-manset"],"views":8,"_links":{"self":[{"href":"https:\/\/mersinkadingazetesi.com\/index.php?rest_route=\/wp\/v2\/posts\/36543"}],"collection":[{"href":"https:\/\/mersinkadingazetesi.com\/index.php?rest_route=\/wp\/v2\/posts"}],"about":[{"href":"https:\/\/mersinkadingazetesi.com\/index.php?rest_route=\/wp\/v2\/types\/post"}],"author":[{"embeddable":true,"href":"https:\/\/mersinkadingazetesi.com\/index.php?rest_route=\/wp\/v2\/users\/2"}],"replies":[{"embeddable":true,"href":"https:\/\/mersinkadingazetesi.com\/index.php?rest_route=%2Fwp%2Fv2%2Fcomments&post=36543"}],"version-history":[{"count":1,"href":"https:\/\/mersinkadingazetesi.com\/index.php?rest_route=\/wp\/v2\/posts\/36543\/revisions"}],"predecessor-version":[{"id":36545,"href":"https:\/\/mersinkadingazetesi.com\/index.php?rest_route=\/wp\/v2\/posts\/36543\/revisions\/36545"}],"wp:featuredmedia":[{"embeddable":true,"href":"https:\/\/mersinkadingazetesi.com\/index.php?rest_route=\/wp\/v2\/media\/36544"}],"wp:attachment":[{"href":"https:\/\/mersinkadingazetesi.com\/index.php?rest_route=%2Fwp%2Fv2%2Fmedia&parent=36543"}],"wp:term":[{"taxonomy":"category","embeddable":true,"href":"https:\/\/mersinkadingazetesi.com\/index.php?rest_route=%2Fwp%2Fv2%2Fcategories&post=36543"},{"taxonomy":"post_tag","embeddable":true,"href":"https:\/\/mersinkadingazetesi.com\/index.php?rest_route=%2Fwp%2Fv2%2Ftags&post=36543"}],"curies":[{"name":"wp","href":"https:\/\/api.w.org\/{rel}","templated":true}]}}