{"id":36582,"date":"2024-10-30T16:22:19","date_gmt":"2024-10-30T13:22:19","guid":{"rendered":"https:\/\/mersinkadingazetesi.com\/?p=36582"},"modified":"2024-10-30T16:22:19","modified_gmt":"2024-10-30T13:22:19","slug":"deva-partisi-genel-baskan-yardimcisi-mehmet-emin-ekmenden-komutanlara-ziyaret","status":"publish","type":"post","link":"https:\/\/mersinkadingazetesi.com\/?p=36582","title":{"rendered":"DEVA Partisi Genel Ba\u015fkan Yard\u0131mc\u0131s\u0131 Mehmet Emin Ekmen\u2019den Komutanlara Ziyaret"},"content":{"rendered":"\n<p><strong>DEVA Partisi Genel Ba\u015fkan Yard\u0131mc\u0131s\u0131 ve Mersin Milletvekili Mehmet Emin Ekmen, 29 Ekim resepsiyonunun ard\u0131ndan Mersin<\/strong><strong>\u2019<\/strong><strong>de g\u00f6rev yapan komutanl\u0131klar\u0131 ziyaret etti. Ekmen, DEVA Partisi Mersin \u0130l Ba\u015fkan\u0131 <\/strong><strong>Taner I<\/strong><strong>\u015f\u0131kbay ve il y\u00f6neticileriyle birlikte, Akdeniz B\u00f6lge ve Garnizon Komutan\u0131 Tu\u011f<\/strong><strong>general Ali Tuna Baysal, Sahil G<\/strong><strong>\u00fcvenlik Akdeniz B\u00f6lge Komutan\u0131 Tu\u011famiral O\u011fuz Bavbek ve Mersin \u0130l Jandarma Komutan\u0131 Tu\u011fgeneral Ercan Atasoy<\/strong><strong>\u2019<\/strong><strong>u makamlar\u0131nda ziyaret etti. <\/strong><strong><\/strong><\/p>\n\n\n\n<p>Garnizon Komutan\u0131 Tu\u011fgeneral Ali Tuna Baysal\u2019\u0131n g\u00f6reve ba\u015flamas\u0131 vesilesiyle yap\u0131lan tebrik ziyaretinde Deniz Kuvvetleri Akdeniz B\u00f6lge komutanl\u0131\u011f\u0131n\u0131n faaliyetleri hakk\u0131nda bilgi al\u0131\u015fveri\u015finde bulunuldu.<\/p>\n\n\n\n<p>Sahil G\u00fcvenlik Akdeniz B\u00f6lge Komutan\u0131 Tu\u011famiral O\u011fuz Bavbek ve Mersin \u0130l Jandarma Komutan\u0131 Tu\u011fgeneral Ercan Atasoy\u2019u ziyaretlerde ise, komutanl\u0131klar\u0131n \u00e7al\u0131\u015fma alanlar\u0131, su\u00e7la m\u00fccadele ve Mersin\u2019in huzuru hakk\u0131nda de\u011ferlendirmelerde bulunuldu.<\/p>\n\n\n\n<p>Komutanlara ev sahiplikleri ve bilgi al\u0131\u015fveri\u015fi nedeniyle te\u015fekk\u00fcr eden Ekmen, bu \u00fc\u00e7 \u00f6nemli komutanl\u0131\u011f\u0131n sadece Mersin\u2019in huzurunu sa\u011flamada de\u011fil \u00fclkemizin d\u0131\u015f g\u00fcvenli\u011finin tesisinde de \u00f6nemli rolleri oldu\u011funu vurgulayarak Cumhuriyetinin 101. y\u0131l\u0131 vesilesiyle ba\u015far\u0131 dileklerini iletti.<\/p>\n","protected":false},"excerpt":{"rendered":"<p>DEVA Partisi Genel Ba\u015fkan Yard\u0131mc\u0131s\u0131 ve Mersin Milletvekili Mehmet Emin Ekmen, 29 Ekim resepsiyonunun ard\u0131ndan Mersin\u2019de g\u00f6rev yapan komutanl\u0131klar\u0131 ziyaret etti. Ekmen, DEVA Partisi Mersin \u0130l Ba\u015fkan\u0131 Taner I\u015f\u0131kbay ve il y\u00f6neticileriyle birlikte, Akdeniz B\u00f6lge ve Garnizon Komutan\u0131 Tu\u011fgeneral Ali Tuna Baysal, Sahil G\u00fcvenlik Akdeniz B\u00f6lge Komutan\u0131 Tu\u011famiral O\u011fuz Bavbek ve Mersin \u0130l Jandarma Komutan\u0131 [&hellip;]<\/p>\n","protected":false},"author":2,"featured_media":36583,"comment_status":"closed","ping_status":"closed","sticky":false,"template":"","format":"standard","meta":{"footnotes":""},"categories":[3],"tags":[],"class_list":["post-36582","post","type-post","status-publish","format-standard","has-post-thumbnail","hentry","category-manset"],"views":7,"_links":{"self":[{"href":"https:\/\/mersinkadingazetesi.com\/index.php?rest_route=\/wp\/v2\/posts\/36582"}],"collection":[{"href":"https:\/\/mersinkadingazetesi.com\/index.php?rest_route=\/wp\/v2\/posts"}],"about":[{"href":"https:\/\/mersinkadingazetesi.com\/index.php?rest_route=\/wp\/v2\/types\/post"}],"author":[{"embeddable":true,"href":"https:\/\/mersinkadingazetesi.com\/index.php?rest_route=\/wp\/v2\/users\/2"}],"replies":[{"embeddable":true,"href":"https:\/\/mersinkadingazetesi.com\/index.php?rest_route=%2Fwp%2Fv2%2Fcomments&post=36582"}],"version-history":[{"count":1,"href":"https:\/\/mersinkadingazetesi.com\/index.php?rest_route=\/wp\/v2\/posts\/36582\/revisions"}],"predecessor-version":[{"id":36584,"href":"https:\/\/mersinkadingazetesi.com\/index.php?rest_route=\/wp\/v2\/posts\/36582\/revisions\/36584"}],"wp:featuredmedia":[{"embeddable":true,"href":"https:\/\/mersinkadingazetesi.com\/index.php?rest_route=\/wp\/v2\/media\/36583"}],"wp:attachment":[{"href":"https:\/\/mersinkadingazetesi.com\/index.php?rest_route=%2Fwp%2Fv2%2Fmedia&parent=36582"}],"wp:term":[{"taxonomy":"category","embeddable":true,"href":"https:\/\/mersinkadingazetesi.com\/index.php?rest_route=%2Fwp%2Fv2%2Fcategories&post=36582"},{"taxonomy":"post_tag","embeddable":true,"href":"https:\/\/mersinkadingazetesi.com\/index.php?rest_route=%2Fwp%2Fv2%2Ftags&post=36582"}],"curies":[{"name":"wp","href":"https:\/\/api.w.org\/{rel}","templated":true}]}}